{"id":21473,"date":"2023-04-06T11:06:45","date_gmt":"2023-04-06T14:06:45","guid":{"rendered":"https:\/\/www.jornaldaconstrucaocivil.com.br\/?p=21473"},"modified":"2023-04-06T11:06:45","modified_gmt":"2023-04-06T14:06:45","slug":"sem-freio-em-minas-gerais-romeu-zemao-chamado-nao-politico-atual-governador-de-mg-recebe-aumento-salarial-de-298","status":"publish","type":"post","link":"https:\/\/construcaocivil.siriusmarketingedesign.com.br\/?p=21473","title":{"rendered":"Sem freio em Minas Gerais: Romeu Zema(o chamado n\u00e3o pol\u00edtico), atual governador de MG recebe aumento salarial de 298%."},"content":{"rendered":"<p style=\"text-align: justify;\">Seguir o bom senso de governan\u00e7a e princ\u00edpios \u00e9ticos parece que n\u00e3o existe no governo estadual de Minas Gerais, governado pelo intitulado N\u00e3o Pol\u00edtico, Romeu Zema. O Mandat\u00e1rio ir\u00e1 receber mais de 298% de aumento ap\u00f3s projeto ser aprovado na Assembleia Legislativa Estadual do Minas Gerais(AL-MG), por deputados estaduais.<\/p>\n<p style=\"text-align: justify;\"><span style=\"color: #993300;\"><strong>Segue detalhes do Projeto de aumento Salarial abaixo:\u00a0<\/strong><\/span><\/p>\n<p style=\"text-align: justify;\">O Plen\u00e1rio da Assembleia Legislativa de Minas Gerais (ALMG) aprovou, em 1\u00ba turno, em Reuni\u00e3o Ordin\u00e1ria desta ter\u00e7a-feira (4\/4\/23), o <a title=\"Ir para Projeto de Lei 415 de 2023\" href=\"https:\/\/www.almg.gov.br\/atividade-parlamentar\/projetos-de-lei\/projeto\/?tipo=PL&amp;num=415&amp;ano=2023\">Projeto de Lei (PL) 415\/23<\/a>, da Mesa da Assembleia, que\u00a0<strong>reajusta o sal\u00e1rio do governador, do vice-governador, dos secret\u00e1rios de Estado e dos secret\u00e1rios-adjuntos de Estado<\/strong>.<\/p>\n<p style=\"text-align: justify;\">A mat\u00e9ria foi aprovada na forma do substitutivo n\u00ba 1, apresentado pela Mesa, com a rejei\u00e7\u00e3o das duas emendas apresentadas em Plen\u00e1rio na quinta-feira (30\/3). Agora a mat\u00e9ria voltar\u00e1 para a an\u00e1lise da Mesa em 2\u00ba turno, antes da vota\u00e7\u00e3o definitiva pelo Plen\u00e1rio.<\/p>\n<div style=\"text-align: justify;\">\n<div class=\"d-grid justify-content-center mb-4 \"><a class=\"btn btn-primary text-decoration-none \" role=\"button\" href=\"https:\/\/www.almg.gov.br\/atividade-parlamentar\/plenario\/reuniao\/?dia=04&amp;mes=04&amp;ano=2023&amp;hr=14:00\">Consulte o resultado e assista ao v\u00eddeo completo da reuni\u00e3o<\/a><\/div>\n<\/div>\n<p style=\"text-align: justify;\">\n<p style=\"text-align: justify;\">A discuss\u00e3o da pauta com projetos de interesse do Executivo, que incluiu tamb\u00e9m as propostas para\u00a0<strong>retirar o<\/strong>\u00a0Departamento de Tr\u00e2nsito do Estado (<strong>Detran<\/strong>)\u00a0<strong>da Pol\u00edcia Civil<\/strong>\u00a0e para a\u00a0<strong>reforma administrativa<\/strong>, teve in\u00edcio na manh\u00e3 desta ter\u00e7a (4) durante Reuni\u00e3o Extraordin\u00e1ria.\u00a0<mark class=\"active\">Servidores estaduais de diversas \u00e1reas acompanharam as reuni\u00f5es e criticaram as proposi\u00e7\u00f5es.<\/mark><\/p>\n<p style=\"text-align: justify;\">O texto original do PL 415\/23 prev\u00ea que o\u00a0<mark class=\"active\">aumento ser\u00e1 escalonado e concedido durante o per\u00edodo de 2023 a 2025<\/mark>. A partir de 1\u00ba de abril deste ano, os novos valores ser\u00e3o de R$ 37.589,96 (governador), R$ 33.830,96 (vice), R$ 31.238,19 (secret\u00e1rios) e R$ 28.114,37 (secret\u00e1rios-adjuntos). Os pr\u00f3ximos reajustes ocorrer\u00e3o em fevereiro de 2024 e fevereiro de 2025.<\/p>\n<h2 style=\"text-align: justify;\">Limita\u00e7\u00e3o para jetons<\/h2>\n<p style=\"text-align: justify;\">O substitutivo n\u00ba 1, apresentado depois de haver an\u00e1lise das emendas,\u00a0<mark class=\"active\">limita a percep\u00e7\u00e3o de remunera\u00e7\u00e3o de qualquer natureza pela participa\u00e7\u00e3o em apenas um conselho administrativo ou fiscal da administra\u00e7\u00e3o<\/mark>\u00a0direta ou indireta\u00a0<mark class=\"active\">(os chamados\u00a0<strong>jetons<\/strong>)<\/mark>\u00a0a esse grupo de servidores.<\/p>\n<p style=\"text-align: justify;\">Antes, o projeto n\u00e3o limitava essa participa\u00e7\u00e3o. Dessa forma, membros do alto escal\u00e3o poderiam ter v\u00e1rias gratifica\u00e7\u00f5es extras.<\/p>\n<p style=\"text-align: justify;\">Uma das emendas apresentadas propunha a veda\u00e7\u00e3o completa desses jetons. O autor da emenda, deputado Professor Cleiton (PV), foi \u00e0 tribunda defender a medida. Em apoio, o deputado Ulysses Gomes (PT), l\u00edder do Bloco Democracia e Luta, apresentou requerimento para vota\u00e7\u00e3o em separado desse dispositivo sobre o tema, mas a emenda foi rejeitada na vota\u00e7\u00e3o.<\/p>\n<p style=\"text-align: justify;\">Tamb\u00e9m rejeitada, a emenda n\u00ba 2 previa a corre\u00e7\u00e3o em 35,44% nos vencimentos dos servidores da seguran\u00e7a p\u00fablica. O deputado Sargento Rodrigues (PL), autor da proposta, discursou em favor do dispositivo.<\/p>\n<h2 style=\"text-align: justify;\">Parlamentares criticam concess\u00e3o de jetons<\/h2>\n<p style=\"text-align: justify;\">Parlamentares tanto de apoio quanto de oposi\u00e7\u00e3o ao governo criticaram a proposta. De forma geral, argumentaram que v\u00e1rias categorias de servidores est\u00e3o com a recomposi\u00e7\u00e3o salarial incompleta e que n\u00e3o seria razo\u00e1vel um reajuste de quase 300% nos subs\u00eddios do governador e auxiliares diretos.<\/p>\n<p style=\"text-align: justify;\">Usaram a tribuna as deputadas Lohanna (PV), Beatriz Cerqueira (PT) e Bella Gon\u00e7alves (Psol) e os deputados Sargento Rodrigues (PL), Caporezzo (PL) e Cristiano Silveira (PT).<\/p>\n<p style=\"text-align: justify;\">Os membros da oposi\u00e7\u00e3o consideraram\u00a0<mark class=\"active\">incoerente a atitude do governador<\/mark>, que, ao mesmo tempo em que\u00a0<mark class=\"active\">defende um grande aumento de seu sal\u00e1rio (em cerca de 300%)<\/mark>\u00a0e de seus assessores diretos,\u00a0<mark class=\"active\">adota uma pol\u00edtica de arrocho salarial para os servidores<\/mark>, n\u00e3o pagando nem o piso da educa\u00e7\u00e3o.<\/p>\n<h2 style=\"text-align: justify;\">Valores n\u00e3o s\u00e3o reajustados desde 2007<\/h2>\n<p style=\"text-align: justify;\">Em sua justificativa, o governador alega que os valores vigentes n\u00e3o s\u00e3o reajustados desde 2007 e que o aumento seria uma recomposi\u00e7\u00e3o das perdas decorrentes da infla\u00e7\u00e3o.<\/p>\n<p style=\"text-align: justify;\">Foi utilizado como refer\u00eancia para o reajuste o sal\u00e1rio do desembargador do Tribunal de Justi\u00e7a de Minas Gerais. J\u00e1 para definir os sal\u00e1rios dos secret\u00e1rios, o valor-base \u00e9 a remunera\u00e7\u00e3o do deputado estadual.<\/p>\n<p style=\"text-align: justify;\">Os sal\u00e1rios do vice-governador e dos secret\u00e1rios-adjuntos correspondem a 90% dos valores previstos, respectivamente, para o governador e para os secret\u00e1rios de Estado.<\/p>\n<p style=\"text-align: justify;\">O texto tamb\u00e9m prev\u00ea gratifica\u00e7\u00e3o natalina aos ocupantes de todos os cargos citados, calculada proporcionalmente ao per\u00edodo de exerc\u00edcio do respectivo cargo durante o ano, al\u00e9m da revoga\u00e7\u00e3o da\u00a0<a title=\"Ir para Lei 16658 de 2007\" href=\"https:\/\/www.almg.gov.br\/atividade-parlamentar\/projetos-de-lei\/projeto\/?tipo=PL&amp;num=415&amp;ano=2023\">Lei 16.658, de 2007<\/a>, que fixa os valores dos sal\u00e1rios atualmente em vigor para o governador, o vice, os secret\u00e1rios e os secret\u00e1rios-adjuntos (R$ 10.500, R$ 10.250, R$ 10.000 e R$ 9.000, respectivamente).<\/p>\n<p style=\"text-align: justify;\">Fonte: ALMG.Gov.Br<\/p>\n<div style=\"text-align: justify;\">\n<div class=\"   mb-4 \"><\/div>\n<\/div>\n<p style=\"text-align: justify;\">\n","protected":false},"excerpt":{"rendered":"<p>Seguir o bom senso de governan\u00e7a e princ\u00edpios \u00e9ticos parece que n\u00e3o existe no governo estadual de Minas Gerais, governado pelo intitulado N\u00e3o Pol\u00edtico, Romeu Zema. O Mandat\u00e1rio ir\u00e1 receber mais de 298% de aumento ap\u00f3s projeto ser aprovado na Assembleia Legislativa Estadual do Minas Gerais(AL-MG), por deputados estaduais. Segue detalhes do Projeto de aumento [&hellip;]<\/p>\n","protected":false},"author":1,"featured_media":21474,"comment_status":"open","ping_status":"open","sticky":false,"template":"","format":"standard","meta":{"_uag_custom_page_level_css":"","footnotes":""},"categories":[33],"tags":[25215,25216,7673,25214,20220],"class_list":["post-21473","post","type-post","status-publish","format-standard","has-post-thumbnail","hentry","category-mercado","tag-al-mg","tag-economia-sem-forca-em-mg","tag-minas-gerais-mg","tag-romeu-zema-298-de-salario","tag-servicos-publicos"],"blocksy_meta":[],"spectra_blocks_featured_image_url":{"thumbnail":{"url":"https:\/\/construcaocivil.siriusmarketingedesign.com.br\/wp-content\/uploads\/2023\/04\/1769516-150x150.jpg","width":150,"height":150},"medium":{"url":"https:\/\/construcaocivil.siriusmarketingedesign.com.br\/wp-content\/uploads\/2023\/04\/1769516-300x200.jpg","width":300,"height":200},"medium_large":{"url":"https:\/\/construcaocivil.siriusmarketingedesign.com.br\/wp-content\/uploads\/2023\/04\/1769516-768x513.jpg","width":768,"height":513},"large":{"url":"https:\/\/construcaocivil.siriusmarketingedesign.com.br\/wp-content\/uploads\/2023\/04\/1769516-1024x684.jpg","width":1024,"height":684},"full":{"url":"https:\/\/construcaocivil.siriusmarketingedesign.com.br\/wp-content\/uploads\/2023\/04\/1769516.jpg","width":1400,"height":935}},"spectra_blocks_author_info":{"display_name":"Jornal da Constru\u00e7\u00e3o Civil","avatar_url":"https:\/\/secure.gravatar.com\/avatar\/973c9774fd44ddaceb026973c4962faa70fc512bc4c9da68e8ebb40fecee6540?s=96&d=mm&r=g","author_link":"https:\/\/construcaocivil.siriusmarketingedesign.com.br\/?author=1","description":"Desde de 2013, levando muitas informa\u00e7\u00f5es, lan\u00e7amentos e produtos de qualidade para toda cadeia produtiva da constru\u00e7\u00e3o. O Futuro da constru\u00e7\u00e3o passa por aqui,"},"uagb_featured_image_src":{"full":["https:\/\/construcaocivil.siriusmarketingedesign.com.br\/wp-content\/uploads\/2023\/04\/1769516.jpg",1400,935,false],"thumbnail":["https:\/\/construcaocivil.siriusmarketingedesign.com.br\/wp-content\/uploads\/2023\/04\/1769516-150x150.jpg",150,150,true],"medium":["https:\/\/construcaocivil.siriusmarketingedesign.com.br\/wp-content\/uploads\/2023\/04\/1769516-300x200.jpg",300,200,true],"medium_large":["https:\/\/construcaocivil.siriusmarketingedesign.com.br\/wp-content\/uploads\/2023\/04\/1769516-768x513.jpg",768,513,true],"large":["https:\/\/construcaocivil.siriusmarketingedesign.com.br\/wp-content\/uploads\/2023\/04\/1769516-1024x684.jpg",1024,684,true],"1536x1536":["https:\/\/construcaocivil.siriusmarketingedesign.com.br\/wp-content\/uploads\/2023\/04\/1769516.jpg",1400,935,false],"2048x2048":["https:\/\/construcaocivil.siriusmarketingedesign.com.br\/wp-content\/uploads\/2023\/04\/1769516.jpg",1400,935,false]},"uagb_author_info":{"display_name":"Jornal da Constru\u00e7\u00e3o Civil","author_link":"https:\/\/construcaocivil.siriusmarketingedesign.com.br\/?author=1"},"uagb_comment_info":0,"uagb_excerpt":"Seguir o bom senso de governan\u00e7a e princ\u00edpios \u00e9ticos parece que n\u00e3o existe no governo estadual de Minas Gerais, governado pelo intitulado N\u00e3o Pol\u00edtico, Romeu Zema. O Mandat\u00e1rio ir\u00e1 receber mais de 298% de aumento ap\u00f3s projeto ser aprovado na Assembleia Legislativa Estadual do Minas Gerais(AL-MG), por deputados estaduais. Segue detalhes do Projeto de aumento&hellip;","_links":{"self":[{"href":"https:\/\/construcaocivil.siriusmarketingedesign.com.br\/index.php?rest_route=\/wp\/v2\/posts\/21473","targetHints":{"allow":["GET"]}}],"collection":[{"href":"https:\/\/construcaocivil.siriusmarketingedesign.com.br\/index.php?rest_route=\/wp\/v2\/posts"}],"about":[{"href":"https:\/\/construcaocivil.siriusmarketingedesign.com.br\/index.php?rest_route=\/wp\/v2\/types\/post"}],"author":[{"embeddable":true,"href":"https:\/\/construcaocivil.siriusmarketingedesign.com.br\/index.php?rest_route=\/wp\/v2\/users\/1"}],"replies":[{"embeddable":true,"href":"https:\/\/construcaocivil.siriusmarketingedesign.com.br\/index.php?rest_route=%2Fwp%2Fv2%2Fcomments&post=21473"}],"version-history":[{"count":0,"href":"https:\/\/construcaocivil.siriusmarketingedesign.com.br\/index.php?rest_route=\/wp\/v2\/posts\/21473\/revisions"}],"wp:featuredmedia":[{"embeddable":true,"href":"https:\/\/construcaocivil.siriusmarketingedesign.com.br\/index.php?rest_route=\/wp\/v2\/media\/21474"}],"wp:attachment":[{"href":"https:\/\/construcaocivil.siriusmarketingedesign.com.br\/index.php?rest_route=%2Fwp%2Fv2%2Fmedia&parent=21473"}],"wp:term":[{"taxonomy":"category","embeddable":true,"href":"https:\/\/construcaocivil.siriusmarketingedesign.com.br\/index.php?rest_route=%2Fwp%2Fv2%2Fcategories&post=21473"},{"taxonomy":"post_tag","embeddable":true,"href":"https:\/\/construcaocivil.siriusmarketingedesign.com.br\/index.php?rest_route=%2Fwp%2Fv2%2Ftags&post=21473"}],"curies":[{"name":"wp","href":"https:\/\/api.w.org\/{rel}","templated":true}]}}