{"id":21486,"date":"2023-04-08T20:21:35","date_gmt":"2023-04-08T23:21:35","guid":{"rendered":"https:\/\/www.jornaldaconstrucaocivil.com.br\/?p=21486"},"modified":"2023-04-08T20:32:05","modified_gmt":"2023-04-08T23:32:05","slug":"espro-e-leroy-merlin-lancam-novas-turmas-de-projeto-gratuito-de-formacao-profissional","status":"publish","type":"post","link":"https:\/\/construcaocivil.siriusmarketingedesign.com.br\/?p=21486","title":{"rendered":"Espro e LEROY MERLIN lan\u00e7am novas turmas de projeto gratuito de forma\u00e7\u00e3o profissional"},"content":{"rendered":"<p style=\"text-align: justify;\"><span style=\"font-size: large;\"><strong>Osasco\/Goi\u00e2nia,<\/strong><strong>\u00a0mar\u00e7o\u00a0<\/strong><strong>de 2023 &#8212;<\/strong>\u00a0O Espro (Ensino Social Profissionalizante),\u00a0entidade filantr\u00f3pica que atua h\u00e1 mais de 40 anos na inser\u00e7\u00e3o e integra\u00e7\u00e3o de adolescentes e jovens em vulnerabilidade no mundo do trabalho,\u00a0inicia no m\u00eas de abril a segunda temporada do Projeto Formar, programa de forma\u00e7\u00e3o profissional totalmente gratuito em parceria com a LEROY MERLIN, uma das maiores redes de varejo do Brasil focada em melhorias para o lar. A iniciativa tem o objetivo de capacitar jovens em situa\u00e7\u00e3o de vulnerabilidade social com idades entre 17 e 22 anos.<\/span><\/p>\n<p style=\"text-align: justify;\"><span style=\"font-size: large;\">\u00a0<\/span><span style=\"font-size: large;\">As primeiras turmas de 2023 iniciam as atividades nos dias 3 e 10 abril, nas cidades de Osasco (SP) e Goi\u00e2nia (GO), respectivamente. As aulas ser\u00e3o em formato h\u00edbrido, com 112 horas de ensino a dist\u00e2ncia e 40 horas presenciais, totalizando 152 horas de conte\u00fado. Os jovens aprender\u00e3o conte\u00fados espec\u00edficos sobre o segmento do varejo, com o desenvolvimento de\u00a0<i>soft skills<\/i>, como intelig\u00eancia emocional, comunica\u00e7\u00e3o eficaz, resolu\u00e7\u00e3o de problemas, resili\u00eancia, empatia e colabora\u00e7\u00e3o. Tamb\u00e9m ser\u00e3o trabalhadas quest\u00f5es sobre empreendedorismo.<\/span><\/p>\n<p style=\"text-align: justify;\"><span style=\"font-size: large;\">\u00a0<\/span><span style=\"font-size: large;\">Ser\u00e3o 25 jovens por turma. Para mais informa\u00e7\u00f5es, os interessados podem contatar as assistentes sociais do Espro pelos telefones (11) 98792-0071 e (61) 98274-0085.<\/span><\/p>\n<p style=\"text-align: justify;\"><span style=\"font-size: large;\">\u00a0<\/span><span style=\"font-size: large;\">Em 2022, o Projeto Formar aconteceu na Brasil\u00e2ndia, um dos bairros mais vulner\u00e1veis da cidade de S\u00e3o Paulo. Ao todo, 46 jovens finalizaram o curso e 41% deles conseguiram um emprego formal, sendo que 75% encontravam-se em situa\u00e7\u00e3o de vulnerabilidade aguda. Do total de jovens empregados, 63% foram contratados pela pr\u00f3pria LEROY MERLIN.<\/span><\/p>\n<p style=\"text-align: justify;\"><span style=\"font-size: large;\">\u00a0<\/span><span style=\"font-size: large;\">&#8220;Expandir o projeto \u00e9 algo que nos enche de orgulho, pois est\u00e1 no nosso DNA promover mudan\u00e7as positivas sociais. Possibilitar capacita\u00e7\u00e3o e com isso oferecer empregabilidade para a popula\u00e7\u00e3o do entorno de nossas lojas \u00e9 colocar em pr\u00e1tica tudo que acreditamos. Temos consci\u00eancia de que a educa\u00e7\u00e3o \u00e9 a principal ferramenta para mudan\u00e7a de vida e \u00e9 nossa obriga\u00e7\u00e3o, como empresa, possibilitar essa oportunidade, conta Andressa Borba, diretora de Impacto Positivo da LEROY MERLIN.<\/span><\/p>\n<p style=\"text-align: justify;\"><span style=\"font-size: large;\">\u00a0<\/span><strong><span style=\"font-size: large;\">Teoria e pr\u00e1tica no varejo<\/span><\/strong><\/p>\n<p style=\"text-align: justify;\"><span style=\"font-size: large;\">As aulas presenciais ser\u00e3o divididas em 20 horas no polo do Espro, no in\u00edcio do curso, e 20 horas\u00a0no M\u00f3dulo de Atividades Pr\u00e1ticas, no qual os jovens estar\u00e3o imersos diretamente nas unidades da LEROY MERLIN mais pr\u00f3ximas do polo em que realizam as atividades te\u00f3ricas.<\/span><\/p>\n<p style=\"text-align: justify;\"><span style=\"font-size: large;\">\u00a0<\/span><span style=\"font-size: large;\">Para os treinamentos em formato EAD, s\u00e3o disponibilizados tablets com chips e plano de internet, viabilizando o acesso digital e estimulando a perman\u00eancia de todos os alunos no curso. As aulas e o acompanhamento social dos alunos s\u00e3o realizados pelo Espro.<\/span><\/p>\n<p style=\"text-align: justify;\"><span style=\"font-size: large;\">\u00a0<\/span><span style=\"font-size: large;\">&#8220;Ficamos muito felizes com a continuidade da parceria com a LEROY MERLIN. Grandes empresas, como ela, t\u00eam um papel fundamental no combate \u00e0s desigualdades e na integra\u00e7\u00e3o de jovens em vulnerabilidade no mundo do trabalho. Com a amplia\u00e7\u00e3o do Projeto Formar em \u00e2mbito nacional, seguimos com a nossa miss\u00e3o de, junto com a qualifica\u00e7\u00e3o t\u00e9cnica, ajudar o jovem em sua forma\u00e7\u00e3o como cidad\u00e3o protagonista do seu futuro&#8221;, afirma Alessandro Saade, superintendente executivo do Espro.<\/span><\/p>\n<p style=\"text-align: justify;\"><span style=\"font-size: large;\">\u00a0<\/span><span style=\"font-size: large;\">Em 2023, est\u00e3o previstas sete turmas do Projeto Formar em todo o Brasil. Al\u00e9m de Osasco e Goi\u00e2nia, a iniciativa dever\u00e1 ser realizada em Guarulhos (SP), Fortaleza (CE), Rio de Janeiro (RJ), Curitiba (PR) e Campinas (SP). As datas de in\u00edcio nessas cidades ser\u00e3o divulgadas futuramente.<\/span><\/p>\n","protected":false},"excerpt":{"rendered":"<p>Osasco\/Goi\u00e2nia,\u00a0mar\u00e7o\u00a0de 2023 &#8212;\u00a0O Espro (Ensino Social Profissionalizante),\u00a0entidade filantr\u00f3pica que atua h\u00e1 mais de 40 anos na inser\u00e7\u00e3o e integra\u00e7\u00e3o de adolescentes e jovens em vulnerabilidade no mundo do trabalho,\u00a0inicia no m\u00eas de abril a segunda temporada do Projeto Formar, programa de forma\u00e7\u00e3o profissional totalmente gratuito em parceria com a LEROY MERLIN, uma das maiores redes [&hellip;]<\/p>\n","protected":false},"author":1,"featured_media":21487,"comment_status":"open","ping_status":"open","sticky":false,"template":"","format":"standard","meta":{"_uag_custom_page_level_css":"","footnotes":""},"categories":[27],"tags":[21274,25226,6844],"class_list":["post-21486","post","type-post","status-publish","format-standard","has-post-thumbnail","hentry","category-acontece","tag-cursos-de-construcao-civil","tag-espro","tag-leroy-merlin"],"blocksy_meta":[],"spectra_blocks_featured_image_url":{"thumbnail":{"url":"https:\/\/construcaocivil.siriusmarketingedesign.com.br\/wp-content\/uploads\/2023\/04\/Formatura_FMT-Formar_Turma-1-215-150x150.jpg","width":150,"height":150},"medium":{"url":"https:\/\/construcaocivil.siriusmarketingedesign.com.br\/wp-content\/uploads\/2023\/04\/Formatura_FMT-Formar_Turma-1-215-300x200.jpg","width":300,"height":200},"medium_large":{"url":"https:\/\/construcaocivil.siriusmarketingedesign.com.br\/wp-content\/uploads\/2023\/04\/Formatura_FMT-Formar_Turma-1-215-768x512.jpg","width":768,"height":512},"large":{"url":"https:\/\/construcaocivil.siriusmarketingedesign.com.br\/wp-content\/uploads\/2023\/04\/Formatura_FMT-Formar_Turma-1-215-1024x683.jpg","width":1024,"height":683},"full":{"url":"https:\/\/construcaocivil.siriusmarketingedesign.com.br\/wp-content\/uploads\/2023\/04\/Formatura_FMT-Formar_Turma-1-215-scaled.jpg","width":2560,"height":1707}},"spectra_blocks_author_info":{"display_name":"Jornal da Constru\u00e7\u00e3o Civil","avatar_url":"https:\/\/secure.gravatar.com\/avatar\/973c9774fd44ddaceb026973c4962faa70fc512bc4c9da68e8ebb40fecee6540?s=96&d=mm&r=g","author_link":"https:\/\/construcaocivil.siriusmarketingedesign.com.br\/?author=1","description":"Desde de 2013, levando muitas informa\u00e7\u00f5es, lan\u00e7amentos e produtos de qualidade para toda cadeia produtiva da constru\u00e7\u00e3o. O Futuro da constru\u00e7\u00e3o passa por aqui,"},"uagb_featured_image_src":{"full":["https:\/\/construcaocivil.siriusmarketingedesign.com.br\/wp-content\/uploads\/2023\/04\/Formatura_FMT-Formar_Turma-1-215-scaled.jpg",2560,1707,false],"thumbnail":["https:\/\/construcaocivil.siriusmarketingedesign.com.br\/wp-content\/uploads\/2023\/04\/Formatura_FMT-Formar_Turma-1-215-150x150.jpg",150,150,true],"medium":["https:\/\/construcaocivil.siriusmarketingedesign.com.br\/wp-content\/uploads\/2023\/04\/Formatura_FMT-Formar_Turma-1-215-300x200.jpg",300,200,true],"medium_large":["https:\/\/construcaocivil.siriusmarketingedesign.com.br\/wp-content\/uploads\/2023\/04\/Formatura_FMT-Formar_Turma-1-215-768x512.jpg",768,512,true],"large":["https:\/\/construcaocivil.siriusmarketingedesign.com.br\/wp-content\/uploads\/2023\/04\/Formatura_FMT-Formar_Turma-1-215-1024x683.jpg",1024,683,true],"1536x1536":["https:\/\/construcaocivil.siriusmarketingedesign.com.br\/wp-content\/uploads\/2023\/04\/Formatura_FMT-Formar_Turma-1-215-1536x1024.jpg",1536,1024,true],"2048x2048":["https:\/\/construcaocivil.siriusmarketingedesign.com.br\/wp-content\/uploads\/2023\/04\/Formatura_FMT-Formar_Turma-1-215-2048x1365.jpg",2048,1365,true]},"uagb_author_info":{"display_name":"Jornal da Constru\u00e7\u00e3o Civil","author_link":"https:\/\/construcaocivil.siriusmarketingedesign.com.br\/?author=1"},"uagb_comment_info":0,"uagb_excerpt":"Osasco\/Goi\u00e2nia,\u00a0mar\u00e7o\u00a0de 2023 &#8212;\u00a0O Espro (Ensino Social Profissionalizante),\u00a0entidade filantr\u00f3pica que atua h\u00e1 mais de 40 anos na inser\u00e7\u00e3o e integra\u00e7\u00e3o de adolescentes e jovens em vulnerabilidade no mundo do trabalho,\u00a0inicia no m\u00eas de abril a segunda temporada do Projeto Formar, programa de forma\u00e7\u00e3o profissional totalmente gratuito em parceria com a LEROY MERLIN, uma das maiores redes&hellip;","_links":{"self":[{"href":"https:\/\/construcaocivil.siriusmarketingedesign.com.br\/index.php?rest_route=\/wp\/v2\/posts\/21486","targetHints":{"allow":["GET"]}}],"collection":[{"href":"https:\/\/construcaocivil.siriusmarketingedesign.com.br\/index.php?rest_route=\/wp\/v2\/posts"}],"about":[{"href":"https:\/\/construcaocivil.siriusmarketingedesign.com.br\/index.php?rest_route=\/wp\/v2\/types\/post"}],"author":[{"embeddable":true,"href":"https:\/\/construcaocivil.siriusmarketingedesign.com.br\/index.php?rest_route=\/wp\/v2\/users\/1"}],"replies":[{"embeddable":true,"href":"https:\/\/construcaocivil.siriusmarketingedesign.com.br\/index.php?rest_route=%2Fwp%2Fv2%2Fcomments&post=21486"}],"version-history":[{"count":0,"href":"https:\/\/construcaocivil.siriusmarketingedesign.com.br\/index.php?rest_route=\/wp\/v2\/posts\/21486\/revisions"}],"wp:featuredmedia":[{"embeddable":true,"href":"https:\/\/construcaocivil.siriusmarketingedesign.com.br\/index.php?rest_route=\/wp\/v2\/media\/21487"}],"wp:attachment":[{"href":"https:\/\/construcaocivil.siriusmarketingedesign.com.br\/index.php?rest_route=%2Fwp%2Fv2%2Fmedia&parent=21486"}],"wp:term":[{"taxonomy":"category","embeddable":true,"href":"https:\/\/construcaocivil.siriusmarketingedesign.com.br\/index.php?rest_route=%2Fwp%2Fv2%2Fcategories&post=21486"},{"taxonomy":"post_tag","embeddable":true,"href":"https:\/\/construcaocivil.siriusmarketingedesign.com.br\/index.php?rest_route=%2Fwp%2Fv2%2Ftags&post=21486"}],"curies":[{"name":"wp","href":"https:\/\/api.w.org\/{rel}","templated":true}]}}