{"id":21501,"date":"2023-04-11T00:35:30","date_gmt":"2023-04-11T03:35:30","guid":{"rendered":"https:\/\/www.jornaldaconstrucaocivil.com.br\/?p=21501"},"modified":"2023-04-11T00:37:25","modified_gmt":"2023-04-11T03:37:25","slug":"feicon-amplia-em-40-area-comercial-e-reune-mais-de-mil-marcas-na-edicao-2023","status":"publish","type":"post","link":"https:\/\/construcaocivil.siriusmarketingedesign.com.br\/?p=21501","title":{"rendered":"FEICON amplia em 40% \u00e1rea comercial e re\u00fane mais de mil marcas na edi\u00e7\u00e3o 2023"},"content":{"rendered":"<p style=\"text-align: justify;\"><strong>S\u00e3o Paulo, abril de 2023 \u2013\u00a0<\/strong>Maior evento da constru\u00e7\u00e3o civil da Am\u00e9rica Latina, a FEICON abre as portas na ter\u00e7a-feira (11) com mais de mil marcas, sendo 150 novas empresas, e amplia\u00e7\u00e3o em 40% da \u00e1rea comercial, em compara\u00e7\u00e3o com o ano passado. Os n\u00fameros mostram que a 27\u00aa edi\u00e7\u00e3o tem tudo para alcan\u00e7ar novos recordes e surpreender visitantes e expositores com novidades e possibilidades de neg\u00f3cios.<\/p>\n<p style=\"text-align: justify;\">Sobre a expectativa de realiza\u00e7\u00e3o, Mayra Nardy, diretora de portf\u00f3lio da RX, empresa organizadora do evento, diz: \u201cbuscamos tornar a FEICON ainda mais completa, seja na \u00e1rea de exposi\u00e7\u00e3o, com crescimento em 50% no n\u00famero de marcas e na disponibiliza\u00e7\u00e3o de atra\u00e7\u00f5es para proporcionar novas experi\u00eancias, quanto nos espa\u00e7os de conte\u00fados para capacita\u00e7\u00e3o e atualiza\u00e7\u00e3o profissional de visitantes. Ser\u00e3o mais de 200 horas de palestras simult\u00e2neas que ir\u00e3o abranger todos os setores da constru\u00e7\u00e3o civil\u201d.<\/p>\n<p style=\"text-align: justify;\">Considerado pilar estrat\u00e9gico para lan\u00e7amentos de produtos, apresenta\u00e7\u00e3o de novas tecnologias, servi\u00e7os e fomento de neg\u00f3cios, o evento contempla quatro macrossetores da constru\u00e7\u00e3o civil &#8211;\u00a0<strong>acabamentos<\/strong>,\u00a0<strong>estruturas<\/strong>,\u00a0<strong>instala\u00e7\u00f5es<\/strong>\u00a0e\u00a0<strong>externos<\/strong>\u00a0&#8211; e promove encontros entre profissionais, executivos e associa\u00e7\u00f5es do MATCON, desenvolvedores de inova\u00e7\u00e3o, caso das startups (construtechs e proptechs), pol\u00edticos e especialistas.\u00a0 Confira:<\/p>\n<p style=\"text-align: justify;\"><strong>Expositores<\/strong><\/p>\n<p style=\"text-align: justify;\">O evento registra nessa edi\u00e7\u00e3o maior n\u00famero de marcas, todas com seus portf\u00f3lios de produtos e lan\u00e7amentos. Al\u00e9m disso, anuncia o retorno de 20 empresas que s\u00e3o refer\u00eancia de mercado ao pavilh\u00e3o.<\/p>\n<p style=\"text-align: justify;\">Uma das que voltam nesta edi\u00e7\u00e3o \u00e9 a\u00a0<strong>Lorenzetti<\/strong>, que levar\u00e1 ao evento lan\u00e7amentos como o novo chuveiro Acqua Century Digital que reduz o consumo de \u00e1gua e os impactos ambientais, com tempo m\u00e1ximo de banho em oito minutos, e uma agenda de a\u00e7\u00f5es e muitas novidades em comemora\u00e7\u00e3o ao centen\u00e1rio da empresa em 2023, com a campanha:\u00a0<em>Lorenzetti 100 anos: Inova\u00e7\u00e3o que desafia o tempo<\/em>.<\/p>\n<p style=\"text-align: justify;\">Ap\u00f3s sete anos, a\u00a0<strong>Astra<\/strong>\u00a0tamb\u00e9m retorna e far\u00e1 a exposi\u00e7\u00e3o de toda a linha de produtos, como assentos sanit\u00e1rios, linha hidr\u00e1ulica e sistemas de descarga, que s\u00e3o l\u00edderes de mercado, lan\u00e7amentos para banheiras e SPAs e disponibilizar\u00e1 acesso a conte\u00fados t\u00e9cnicos em ambiente digital e v\u00eddeos e comerciais sobre diferentes produtos.<\/p>\n<p style=\"text-align: justify;\">O retorno do\u00a0<strong>Grupo Unit\u00e1<\/strong>, composto por 14 marcas, tamb\u00e9m ser\u00e1 marcado por lan\u00e7amentos voltados para as \u00e1reas de agroneg\u00f3cio e predial e materiais das linhas de solda, motobombas (com novidades nas linhas de spa e industrial), geradores, ferramentas pneum\u00e1ticas e para pintura, e a novidade: as ferramentas el\u00e9tricas.<\/p>\n<p style=\"text-align: justify;\">Outros expositores como\u00a0<strong>IFC\/Cobrecom, Tekbond Saint-Gobain, Amanco Wavin, Viapol, Thermo-Iso, Henkel, Brascola, Casa Construtor, Soprema, Dryko Impermeabilizantes, Grupo EME, Pinc\u00e9is Atlas, Marluvas, Morlan, FEBRAVA, Panozon, B. Lux, Motu<\/strong>\u00a0e solu\u00e7\u00f5es podem ser conferidos\u00a0<a href=\"https:\/\/docs.google.com\/document\/d\/16ZsCujNrqzvBa9KNgRtvXZ1eR6CLlpbz\/edit\" target=\"_blank\" rel=\"noopener noreferrer\">aqui<\/a>.<\/p>\n<p style=\"text-align: justify;\"><strong>Neg\u00f3cios<\/strong><\/p>\n<p style=\"text-align: justify;\">Um dos diferenciais da FEICON para as marcas e o p\u00fablico qualificado est\u00e1 na possibilidade de fazer networking e neg\u00f3cios. Para isso, al\u00e9m dos espa\u00e7os espec\u00edficos nos estandes em que os representantes de cada empresa estar\u00e3o \u00e0 disposi\u00e7\u00e3o para recepcionar profissionais de gest\u00e3o, compras, engenharia, arquitetura, varejo, distribui\u00e7\u00e3o e outros que atuam na constru\u00e7\u00e3o civil, o evento contar\u00e1 com duas \u00e1reas exclusivas somente para que negocia\u00e7\u00f5es sejam desenvolvidas: o\u00a0<strong>Club Premium Varejo<\/strong>\u00a0e\u00a0<strong>Club Premium Constru\u00e7\u00e3o<\/strong>.<\/p>\n<p style=\"text-align: justify;\">Os espa\u00e7os foram criados para fortalecer relacionamentos entre tomadores de decis\u00e3o e expositores.<\/p>\n<p style=\"text-align: justify;\"><strong>Conte\u00fados de mercado<\/strong><\/p>\n<p style=\"text-align: justify;\">A 27\u00aa edi\u00e7\u00e3o acontece em um momento-chave em que o mercado segue aquecido e com proje\u00e7\u00f5es de crescimento. Em fevereiro, por exemplo, a constru\u00e7\u00e3o civil gerou mais de 22 mil empregos, segundo dados da C\u00e2mara Brasileira da Ind\u00fastria da Constru\u00e7\u00e3o (CBIC). Neste sentido, a programa\u00e7\u00e3o ter\u00e1 debates sobre o atual cen\u00e1rio, os rumos da economia e os impactos e proje\u00e7\u00f5es com a retomada de programas habitacionais em \u00e2mbito federal e estadual.<\/p>\n<p style=\"text-align: justify;\">A institui\u00e7\u00e3o, por exemplo, levar\u00e1 todos esses assuntos para a<strong>\u00a096\u00aa edi\u00e7\u00e3o do Encontro Nacional da Ind\u00fastria da Constru\u00e7\u00e3o (ENIC)<\/strong>, que acontecer\u00e1 pela primeira vez dentro da FEICON, em parceria in\u00e9dita. O tema ser\u00e1 Engenharia &amp; Neg\u00f3cios e ter\u00e1 cerca de 50 palestras com foco em Minha Casa, Minha Vida, Responsabilidade Social, produtividade, baixo carbono, rela\u00e7\u00f5es trabalhistas, infraestrutura, obras industriais e corporativas, tecnologia e intelig\u00eancia artificial.<\/p>\n<p style=\"text-align: justify;\">Na programa\u00e7\u00e3o, est\u00e3o assuntos como \u201cConstru\u00e7\u00e3o 2030 e o desafio das barreiras para industrializa\u00e7\u00e3o\u201d, \u201cMetaverso no Mercado Imobili\u00e1rio e no acompanhamento de obras\u201d, \u201cFuturo do Mercado Imobili\u00e1rio de Interesse Social\u201d, \u201cParceria Estado e Governo Federal em busca da redu\u00e7\u00e3o do d\u00e9ficit habitacional\u201d, \u201cElas constroem: como estimular a participa\u00e7\u00e3o da mulher no setor da constru\u00e7\u00e3o\u201d, \u201cEventos Clim\u00e1ticos Extremos e a Ind\u00fastria da Constru\u00e7\u00e3o: Oportunidades e Responsabilidades\u201d. O ENIC acontecer\u00e1 no Mezanino do S\u00e3o Paulo Expo, das 10h \u00e0s 19h e contar\u00e1 com a participa\u00e7\u00e3o de gestores p\u00fablicos, economistas, executivos e especialistas da \u00e1rea.<\/p>\n<p style=\"text-align: justify;\">De acordo com Jos\u00e9 Carlos Martins, o evento oferecer\u00e1 uma experi\u00eancia completa ao p\u00fablico. \u201cCom a FEICON, unimos o \u00fatil ao agrad\u00e1vel. Visitantes da feira poder\u00e3o ver os conte\u00fados do ENIC e participantes do encontro ter\u00e3o a oportunidade de acompanhar as novidades do mercado nos estandes. Este ano \u00e9 muito especial, al\u00e9m das mudan\u00e7as citadas \u00e9 um momento de todos se inteirarem, discutirem e mostrarem a for\u00e7a do setor, para que possamos ocupar o espa\u00e7o devido na nossa economia\u201d,<\/p>\n<p style=\"text-align: justify;\">Outros espa\u00e7os tamb\u00e9m refor\u00e7ar\u00e3o a jornada de capacita\u00e7\u00e3o e atualiza\u00e7\u00e3o profissional de quem atua nas \u00e1reas de varejo, distribui\u00e7\u00e3o, obras e projetos, entre outros. Na \u00e1rea expositiva, o\u00a0<strong>N\u00facleo de Conte\u00fado Constru\u00e7\u00e3o<\/strong>, organizado pela Inovatech Engenharia e com patroc\u00ednio do Parceiro da Constru\u00e7\u00e3o, trar\u00e1 palestras sobre temas como tecnologias, sistemas construtivos e materiais, nos quatro dias de evento.<\/p>\n<p style=\"text-align: justify;\">J\u00e1 o\u00a0<strong>N\u00facleo de Conte\u00fado Varejo<\/strong>, com curadoria da Grau 10 Editora e Sincomavi, acontecer\u00e1 de 11 a 14 de abril e ter\u00e1 foco em atendimento ao cliente, planejamento estrat\u00e9gico, gest\u00e3o direcionada para resultados, em apresenta\u00e7\u00f5es como \u201cO profissional do futuro: expectativa e tend\u00eancias\u201d e \u201cVenda mais conectando seus canais: f\u00edsico e digital!\u201d, entre outros.<\/p>\n<p style=\"text-align: justify;\">Ainda na \u00e1rea de varejo, o\u00a0<strong>Encontro VMC 2023<\/strong>\u00a0disponibilizar\u00e1 palestras com o objetivo de fortalecer as estrat\u00e9gias de mercado para profissionais do setor. O evento, que acontecer\u00e1 no mezanino do pavilh\u00e3o no dia 12, das 8h30 \u00e0s 13h, tamb\u00e9m ter\u00e1 na programa\u00e7\u00e3o o\u00a0<strong>F\u00f3rum de Mulheres da Constru\u00e7\u00e3o<\/strong>. A realiza\u00e7\u00e3o \u00e9 da Associa\u00e7\u00e3o Nacional dos Comerciantes de Materiais da Constru\u00e7\u00e3o (Anamaco) em parceria com a WE xp Business Experience.<\/p>\n<p style=\"text-align: justify;\">Refor\u00e7ando o pilar varejo da constru\u00e7\u00e3o, a\u00a0<strong>17\u00aa edi\u00e7\u00e3o do Simp\u00f3sio Sincomavi\u00a0<\/strong>(Sindicato do Com\u00e9rcio varejista de Material de Constru\u00e7\u00e3o, Maquinismo, Ferragens, Tintas, Lou\u00e7as e Vidros da Grande S\u00e3o Paulo)\u00a0 ser\u00e1 realizada no dia 13, das 8h30 \u00e0s 12h. no Mezanino, com palestras de profissionais renomados em temas como \u201cOmini Pdx: Framework para repensar\u201d, \u201cTend\u00eancias \u2013 o consumidor do amanh\u00e3 e futuro do varejo\u201d, \u201cF\u00edsico e digital: o 2 em 1 do varejo de sucesso\u201d, e o \u201cCase: varejo de Material de Constru\u00e7\u00e3o \u2013 uma vis\u00e3o estrat\u00e9gica e transformadora\u201d.<\/p>\n<p style=\"text-align: justify;\"><strong>\u00a0<\/strong>Os principais influenciadores da constru\u00e7\u00e3o civil, respons\u00e1veis pelo crescimento dos canais digitais na divulga\u00e7\u00e3o de informa\u00e7\u00f5es t\u00e9cnicas e dicas de produtos e servi\u00e7os tamb\u00e9m ter\u00e3o espa\u00e7o entre as atra\u00e7\u00f5es do evento. Nesta edi\u00e7\u00e3o, a FEICON apresenta tamb\u00e9m o\u00a0<strong>Lounge dos Influenciadores<\/strong>, espa\u00e7o de relacionamento dos profissionais que fazem sucesso nas redes sociais com os visitantes; e que contar\u00e1 com programa\u00e7\u00e3o exclusiva de palestras, rodas de conversas e grava\u00e7\u00f5es de podcasts nos quatro dias de feira.<\/p>\n<p style=\"text-align: justify;\"><strong>\u00a0<\/strong><strong>Tecnologias, rotas e experi\u00eancias<\/strong><\/p>\n<p style=\"text-align: justify;\">Al\u00e9m das inova\u00e7\u00f5es apresentadas nos estandes e nos conte\u00fados, a FEICON traz neste ano a primeira edi\u00e7\u00e3o da\u00a0<strong>Rota de Tecnologia<\/strong>, atra\u00e7\u00e3o que traz um tour guiado para conhecer 36 produtos e solu\u00e7\u00f5es que otimizam a rotina operacional e proporcionam benef\u00edcios aos projetos, como: aumento da efici\u00eancia, seguran\u00e7a, qualidade e redu\u00e7\u00e3o de custos.\u00a0 A novidade conta com patroc\u00ednio exclusivo da M\u00fatua \u2013 Caixa de Assist\u00eancia dos Profissionais do CREA e os itens selecionados para exposi\u00e7\u00e3o foram avaliados por especialistas da entidade.<\/p>\n<p style=\"text-align: justify;\">\u201cBuscamos incentivar e reconhecer os esfor\u00e7os de inova\u00e7\u00e3o das empresas expositoras da FEICON, al\u00e9m de divulgar e estimular iniciativas nos diversos setores. Visamos tamb\u00e9m estabelecer um processo autodiagn\u00f3stico capaz de melhorar o desempenho de inova\u00e7\u00e3o das empresas participantes e articular recursos e ideias para melhorar substancialmente um processo ou produto\u201d, diz Francisco Almeida, presidente da M\u00fatua.<\/p>\n<p style=\"text-align: justify;\">Outro destaque \u00e9 a\u00a0<strong>Rota de Sustentabilidade<\/strong>\u00a0que neste ano estar\u00e1 maior em aproximadamente 20% em compara\u00e7\u00e3o com a edi\u00e7\u00e3o do ano passado.\u00a0 A proposta \u00e9 apresentar produtos que atendam aos crit\u00e9rios de ESG e tragam oportunidade de redu\u00e7\u00e3o dos impactos ambientais e responsabilidade social e possam ser aplicados nas obras. As 19 solu\u00e7\u00f5es que comp\u00f5em o\u00a0<em>tour<\/em>\u00a0s\u00e3o classificados em tr\u00eas eixos: fabrica\u00e7\u00e3o, obras e produto aplicado. Eles foram selecionados por profissionais da Funda\u00e7\u00e3o Vanzolini, apoiadora da atra\u00e7\u00e3o, que tem a parceria tamb\u00e9m da Inovatech Engenharia.<\/p>\n<p style=\"text-align: justify;\">\u201cUma das principais import\u00e2ncias da rota \u00e9 demonstrar que a sustentabilidade nasce no projeto e n\u00e3o no canteiro de obra. \u00c9 planejar para maior efici\u00eancia e menor impacto e n\u00e3o s\u00f3 administrar o que foi gerado\u201d, ressalta Luiz Henrique Ferreira, CEO da Inovatech Engenharia.<\/p>\n<p style=\"text-align: justify;\">Famosa e completando 14 participa\u00e7\u00f5es na FEICON 2023, a\u00a0<strong>Casa Cer\u00e2mica,\u00a0<\/strong>modelo em tamanho real de resid\u00eancia, feita em alvenaria racionalizada, de acordo com o padr\u00e3o de projeto habitacional da Construtora Pacaembu, ser\u00e1 um dos destaques. Como acontece a cada ano, a atra\u00e7\u00e3o trar\u00e1 novidades em produtos e processos que trazem qualidade, economia, efici\u00eancia e redu\u00e7\u00e3o de tempo de obra e de desperd\u00edcio de materiais.<\/p>\n<p style=\"text-align: justify;\">Neste ano, contar\u00e1 com espa\u00e7o para experi\u00eancias, conhecimento de novas tecnologias em\u00a0<em>hardware<\/em>\u00a0e\u00a0<em>software<\/em>\u00a0que est\u00e3o revolucionando o mercado construtivo como GeoBIM, metaverso, G\u00eameo digital,\u00a0<em>Laser skin<\/em>,\u00a0<em>Matterport<\/em>, Esta\u00e7\u00e3o total,\u00a0<em>Site scan,\u00a0<\/em>e outras &#8211; como\u00a0<em>tecnologias 3D, realidade aumentada &#8211;<\/em>\u00a0e para o p\u00fablico conferir a atua\u00e7\u00e3o de startups do setor.<\/p>\n<p style=\"text-align: justify;\">Idealizador do projeto, Paulo Manzini explica, \u201ccom o metaverso, que \u00e9 a captura da realidade a partir de outra tecnologia, o g\u00eameo digital, visitantes poder\u00e3o conferir as medidas do projeto e circular pelo interior da casa tamb\u00e9m em ambiente virtual. Al\u00e9m disso, teremos o GeoBIM, termo que na edi\u00e7\u00e3o passada n\u00e3o conhec\u00edamos bem, e \u00e9 uma evolu\u00e7\u00e3o do BIM\u201d. A novidade \u00e9 uma das apostas que dever\u00e1 ganhar mais espa\u00e7o na constru\u00e7\u00e3o civil, por agregar dados geoespaciais \u00e0 metodologia Building Information Modeling (BIM).<\/p>\n<p style=\"text-align: justify;\">As\u00a0<strong>startups<\/strong>\u00a0da constru\u00e7\u00e3o civil tamb\u00e9m ter\u00e3o maior participa\u00e7\u00e3o na edi\u00e7\u00e3o deste ano. O p\u00fablico poder\u00e1 conferir o trabalho de\u00a0<strong>construtechs<\/strong><strong>,<\/strong>\u00a0<strong>proptechs\u00a0<\/strong>e outras<strong>,<\/strong>\u00a0na \u00e1rea expositiva e tamb\u00e9m nos espa\u00e7os de conte\u00fados e conhecer o desenvolvimento de inova\u00e7\u00f5es para os canteiros de obras e para o mercado imobili\u00e1rio.<\/p>\n<p style=\"text-align: justify;\">Uma delas, a\u00a0<strong>LandApp<\/strong>, que participa pela primeira vez da FEICON, mostrar\u00e1 as vantagens de seu aplicativo, considerado o primeiro ecossistema de log\u00edstica para a constru\u00e7\u00e3o civil. A plataforma\u00a0<em>on-line<\/em>\u00a0conecta construtoras, caminhoneiros e outros parceiros da cadeia construtiva &#8211; terraplenagem, loca\u00e7\u00e3o de maquin\u00e1rio, pedreiras, jazidas, concreteiras, aterros e recicladores &#8211; permitindo que o cliente acesse uma gama completa de solu\u00e7\u00f5es, solicite e acompanhe o transporte de materiais e res\u00edduos da sua obra de forma segura e confi\u00e1vel.<\/p>\n<p style=\"text-align: justify;\">A atua\u00e7\u00e3o da empresa tem reduzido consideravelmente as dist\u00e2ncias percorridas pelos caminh\u00f5es e, como consequ\u00eancia, diminuindo custos e as emiss\u00f5es de CO2 e promovido o reaproveitamento de materiais de qualidade entre obras.<\/p>\n<p style=\"text-align: justify;\"><strong>Premia\u00e7\u00e3o<\/strong><\/p>\n<p style=\"text-align: justify;\">O evento contar\u00e1 tamb\u00e9m com o<strong>\u00a0Selo de Inova\u00e7\u00e3o Varejo<\/strong>, a\u00e7\u00e3o realizada por meio da parceria entre a organiza\u00e7\u00e3o da feira com a Editora Grau 10 e curadoria da revista Anamaco. A atra\u00e7\u00e3o tem como objetivo reconhecer e promover os produtos expostos que apresentam inova\u00e7\u00f5es tecnol\u00f3gicas, de funcionamento e design. Entre as op\u00e7\u00f5es destacadas, caber\u00e1 ao p\u00fablico escolher as vencedoras de 2023.<\/p>\n<p style=\"text-align: justify;\">Para participar da 27\u00aa edi\u00e7\u00e3o da FEICON, o credenciamento est\u00e1 dispon\u00edvel e ser\u00e1 apenas\u00a0<em>on-line,<\/em>\u00a0 pelo site<span style=\"color: #0000ff;\">\u00a0<a style=\"color: #0000ff;\" href=\"https:\/\/www.feicon.com.br\/\" target=\"_blank\" rel=\"noopener noreferrer\">https:\/\/www.feicon.com.br\/<\/a>.<\/span><\/p>\n","protected":false},"excerpt":{"rendered":"<p>S\u00e3o Paulo, abril de 2023 \u2013\u00a0Maior evento da constru\u00e7\u00e3o civil da Am\u00e9rica Latina, a FEICON abre as portas na ter\u00e7a-feira (11) com mais de mil marcas, sendo 150 novas empresas, e amplia\u00e7\u00e3o em 40% da \u00e1rea comercial, em compara\u00e7\u00e3o com o ano passado. Os n\u00fameros mostram que a 27\u00aa edi\u00e7\u00e3o tem tudo para alcan\u00e7ar novos [&hellip;]<\/p>\n","protected":false},"author":1,"featured_media":21502,"comment_status":"open","ping_status":"open","sticky":false,"template":"","format":"standard","meta":{"_uag_custom_page_level_css":"","footnotes":""},"categories":[33],"tags":[24835,24624,25236,7021,7215,20870],"class_list":["post-21501","post","type-post","status-publish","format-standard","has-post-thumbnail","hentry","category-mercado","tag-feicon2023","tag-servicosdeobras","tag-servicoseletricos","tag-lojistas-de-material-de-construcao","tag-maquinas-e-ferramentas","tag-produtos-para-obras"],"blocksy_meta":[],"spectra_blocks_featured_image_url":{"thumbnail":{"url":"https:\/\/construcaocivil.siriusmarketingedesign.com.br\/wp-content\/uploads\/2023\/04\/Imagem-FEICON-3-150x150.jpg","width":150,"height":150},"medium":{"url":"https:\/\/construcaocivil.siriusmarketingedesign.com.br\/wp-content\/uploads\/2023\/04\/Imagem-FEICON-3-300x136.jpg","width":300,"height":136},"medium_large":{"url":"https:\/\/construcaocivil.siriusmarketingedesign.com.br\/wp-content\/uploads\/2023\/04\/Imagem-FEICON-3-768x349.jpg","width":768,"height":349},"large":{"url":"https:\/\/construcaocivil.siriusmarketingedesign.com.br\/wp-content\/uploads\/2023\/04\/Imagem-FEICON-3-1024x465.jpg","width":1024,"height":465},"full":{"url":"https:\/\/construcaocivil.siriusmarketingedesign.com.br\/wp-content\/uploads\/2023\/04\/Imagem-FEICON-3.jpg","width":1448,"height":658}},"spectra_blocks_author_info":{"display_name":"Jornal da Constru\u00e7\u00e3o Civil","avatar_url":"https:\/\/secure.gravatar.com\/avatar\/973c9774fd44ddaceb026973c4962faa70fc512bc4c9da68e8ebb40fecee6540?s=96&d=mm&r=g","author_link":"https:\/\/construcaocivil.siriusmarketingedesign.com.br\/?author=1","description":"Desde de 2013, levando muitas informa\u00e7\u00f5es, lan\u00e7amentos e produtos de qualidade para toda cadeia produtiva da constru\u00e7\u00e3o. O Futuro da constru\u00e7\u00e3o passa por aqui,"},"uagb_featured_image_src":{"full":["https:\/\/construcaocivil.siriusmarketingedesign.com.br\/wp-content\/uploads\/2023\/04\/Imagem-FEICON-3.jpg",1448,658,false],"thumbnail":["https:\/\/construcaocivil.siriusmarketingedesign.com.br\/wp-content\/uploads\/2023\/04\/Imagem-FEICON-3-150x150.jpg",150,150,true],"medium":["https:\/\/construcaocivil.siriusmarketingedesign.com.br\/wp-content\/uploads\/2023\/04\/Imagem-FEICON-3-300x136.jpg",300,136,true],"medium_large":["https:\/\/construcaocivil.siriusmarketingedesign.com.br\/wp-content\/uploads\/2023\/04\/Imagem-FEICON-3-768x349.jpg",768,349,true],"large":["https:\/\/construcaocivil.siriusmarketingedesign.com.br\/wp-content\/uploads\/2023\/04\/Imagem-FEICON-3-1024x465.jpg",1024,465,true],"1536x1536":["https:\/\/construcaocivil.siriusmarketingedesign.com.br\/wp-content\/uploads\/2023\/04\/Imagem-FEICON-3.jpg",1448,658,false],"2048x2048":["https:\/\/construcaocivil.siriusmarketingedesign.com.br\/wp-content\/uploads\/2023\/04\/Imagem-FEICON-3.jpg",1448,658,false]},"uagb_author_info":{"display_name":"Jornal da Constru\u00e7\u00e3o Civil","author_link":"https:\/\/construcaocivil.siriusmarketingedesign.com.br\/?author=1"},"uagb_comment_info":0,"uagb_excerpt":"S\u00e3o Paulo, abril de 2023 \u2013\u00a0Maior evento da constru\u00e7\u00e3o civil da Am\u00e9rica Latina, a FEICON abre as portas na ter\u00e7a-feira (11) com mais de mil marcas, sendo 150 novas empresas, e amplia\u00e7\u00e3o em 40% da \u00e1rea comercial, em compara\u00e7\u00e3o com o ano passado. Os n\u00fameros mostram que a 27\u00aa edi\u00e7\u00e3o tem tudo para alcan\u00e7ar novos&hellip;","_links":{"self":[{"href":"https:\/\/construcaocivil.siriusmarketingedesign.com.br\/index.php?rest_route=\/wp\/v2\/posts\/21501","targetHints":{"allow":["GET"]}}],"collection":[{"href":"https:\/\/construcaocivil.siriusmarketingedesign.com.br\/index.php?rest_route=\/wp\/v2\/posts"}],"about":[{"href":"https:\/\/construcaocivil.siriusmarketingedesign.com.br\/index.php?rest_route=\/wp\/v2\/types\/post"}],"author":[{"embeddable":true,"href":"https:\/\/construcaocivil.siriusmarketingedesign.com.br\/index.php?rest_route=\/wp\/v2\/users\/1"}],"replies":[{"embeddable":true,"href":"https:\/\/construcaocivil.siriusmarketingedesign.com.br\/index.php?rest_route=%2Fwp%2Fv2%2Fcomments&post=21501"}],"version-history":[{"count":0,"href":"https:\/\/construcaocivil.siriusmarketingedesign.com.br\/index.php?rest_route=\/wp\/v2\/posts\/21501\/revisions"}],"wp:featuredmedia":[{"embeddable":true,"href":"https:\/\/construcaocivil.siriusmarketingedesign.com.br\/index.php?rest_route=\/wp\/v2\/media\/21502"}],"wp:attachment":[{"href":"https:\/\/construcaocivil.siriusmarketingedesign.com.br\/index.php?rest_route=%2Fwp%2Fv2%2Fmedia&parent=21501"}],"wp:term":[{"taxonomy":"category","embeddable":true,"href":"https:\/\/construcaocivil.siriusmarketingedesign.com.br\/index.php?rest_route=%2Fwp%2Fv2%2Fcategories&post=21501"},{"taxonomy":"post_tag","embeddable":true,"href":"https:\/\/construcaocivil.siriusmarketingedesign.com.br\/index.php?rest_route=%2Fwp%2Fv2%2Ftags&post=21501"}],"curies":[{"name":"wp","href":"https:\/\/api.w.org\/{rel}","templated":true}]}}