{"id":21514,"date":"2023-04-12T22:31:07","date_gmt":"2023-04-13T01:31:07","guid":{"rendered":"https:\/\/www.jornaldaconstrucaocivil.com.br\/?p=21514"},"modified":"2023-04-12T22:31:07","modified_gmt":"2023-04-13T01:31:07","slug":"de-olho-no-setor-eletrico-transicao-energetica-e-hidrogenio-verde-entram-na-pauta-de-discussao-do-congresso","status":"publish","type":"post","link":"https:\/\/construcaocivil.siriusmarketingedesign.com.br\/?p=21514","title":{"rendered":"De olho no setor el\u00e9trico: Transi\u00e7\u00e3o energ\u00e9tica e hidrog\u00eanio verde entram na pauta de discuss\u00e3o do Congresso"},"content":{"rendered":"<p style=\"text-align: justify;\">Atendendo ao pedido do deputado Bacelar (PV\/BA) o presidente da C\u00e2mara, Arthur Lira (PP\/AL), determinou, esta semana, a cria\u00e7\u00e3o da Comiss\u00e3o Especial para tratar da transi\u00e7\u00e3o energ\u00e9tica e hidrog\u00eanio verde no Brasil. A comiss\u00e3o ser\u00e1 composta por 35 titulares e 35 suplentes.<\/p>\n<p style=\"text-align: justify;\">A comiss\u00e3o \u00e9 criada para acompanhar a implementa\u00e7\u00e3o das medidas que est\u00e3o sendo adotadas para transi\u00e7\u00e3o da energia verde no pa\u00eds. Al\u00e9m disso, promover pesquisas e debates sobre o tema, levantar iniciativas legislativas em tramita\u00e7\u00e3o no Congresso, avaliar condu\u00e7\u00e3o do debate, as a\u00e7\u00f5es do Executivo e realizar interlocu\u00e7\u00e3o com as diversas entidades representativas do setor.<\/p>\n<p style=\"text-align: justify;\">&#8220;O aquecimento global \u00e9 uma realidade. Precisamos estudar, discutir e implementar medidas sustent\u00e1veis e verdes. Sabemos que o Brasil possui fontes de energia renov\u00e1vel em abund\u00e2ncia, como hidrel\u00e9trica, biomassa, e\u00f3lica e solar e os potenciais s\u00e3o infinitos. Por isso, esta comiss\u00e3o vai atuar em defesa dos compromissos estabelecidos pelo pa\u00eds para reduzir as emiss\u00f5es de gases de efeito estufa, minimizar os impactos do aquecimento global e atrair investimentos, receita, empregos, dentre outros&#8221; completou.<\/p>\n<p style=\"text-align: justify;\">Bacelar acredita tamb\u00e9m que o Brasil dever\u00e1 assumir a lideran\u00e7a na produ\u00e7\u00e3o de energia e\u00f3lica, j\u00e1 que tem grande capacidade de produzir e exportar hidrog\u00eanio verde com menor custo em rela\u00e7\u00e3o aos demais pa\u00edses.<\/p>\n<p style=\"text-align: justify;\">&#8220;S\u00f3 temos a ganhar. A pauta verde \u00e9 o assunto do momento. N\u00e3o podemos perder essa oportunidade. \u00c9 hora de agir e colocar o Brasil como protagonista na hist\u00f3ria mundial. O meio ambiente traz uma s\u00e9rie de oportunidades em novos mercados&#8221;, finalizou Bacelar.<\/p>\n","protected":false},"excerpt":{"rendered":"<p>Atendendo ao pedido do deputado Bacelar (PV\/BA) o presidente da C\u00e2mara, Arthur Lira (PP\/AL), determinou, esta semana, a cria\u00e7\u00e3o da Comiss\u00e3o Especial para tratar da transi\u00e7\u00e3o energ\u00e9tica e hidrog\u00eanio verde no Brasil. A comiss\u00e3o ser\u00e1 composta por 35 titulares e 35 suplentes. A comiss\u00e3o \u00e9 criada para acompanhar a implementa\u00e7\u00e3o das medidas que est\u00e3o sendo [&hellip;]<\/p>\n","protected":false},"author":1,"featured_media":21515,"comment_status":"open","ping_status":"open","sticky":false,"template":"","format":"standard","meta":{"_uag_custom_page_level_css":"","footnotes":""},"categories":[29],"tags":[25240,25241,4299,7384,25242],"class_list":["post-21514","post","type-post","status-publish","format-standard","has-post-thumbnail","hentry","category-energia","tag-hidrogenioverde","tag-congresso-nacional-conta-de-luz","tag-energia-eolica","tag-matriz-energetica","tag-pv-ba"],"blocksy_meta":[],"spectra_blocks_featured_image_url":{"thumbnail":{"url":"https:\/\/construcaocivil.siriusmarketingedesign.com.br\/wp-content\/uploads\/2023\/04\/415916cf-b127-4bcd-b424-dc5203d16211-150x150.jpg","width":150,"height":150},"medium":{"url":"https:\/\/construcaocivil.siriusmarketingedesign.com.br\/wp-content\/uploads\/2023\/04\/415916cf-b127-4bcd-b424-dc5203d16211-300x169.jpg","width":300,"height":169},"medium_large":{"url":"https:\/\/construcaocivil.siriusmarketingedesign.com.br\/wp-content\/uploads\/2023\/04\/415916cf-b127-4bcd-b424-dc5203d16211-768x432.jpg","width":768,"height":432},"large":{"url":"https:\/\/construcaocivil.siriusmarketingedesign.com.br\/wp-content\/uploads\/2023\/04\/415916cf-b127-4bcd-b424-dc5203d16211-1024x576.jpg","width":1024,"height":576},"full":{"url":"https:\/\/construcaocivil.siriusmarketingedesign.com.br\/wp-content\/uploads\/2023\/04\/415916cf-b127-4bcd-b424-dc5203d16211.jpg","width":2560,"height":1440}},"spectra_blocks_author_info":{"display_name":"Jornal da Constru\u00e7\u00e3o Civil","avatar_url":"https:\/\/secure.gravatar.com\/avatar\/973c9774fd44ddaceb026973c4962faa70fc512bc4c9da68e8ebb40fecee6540?s=96&d=mm&r=g","author_link":"https:\/\/construcaocivil.siriusmarketingedesign.com.br\/?author=1","description":"Desde de 2013, levando muitas informa\u00e7\u00f5es, lan\u00e7amentos e produtos de qualidade para toda cadeia produtiva da constru\u00e7\u00e3o. O Futuro da constru\u00e7\u00e3o passa por aqui,"},"uagb_featured_image_src":{"full":["https:\/\/construcaocivil.siriusmarketingedesign.com.br\/wp-content\/uploads\/2023\/04\/415916cf-b127-4bcd-b424-dc5203d16211.jpg",2560,1440,false],"thumbnail":["https:\/\/construcaocivil.siriusmarketingedesign.com.br\/wp-content\/uploads\/2023\/04\/415916cf-b127-4bcd-b424-dc5203d16211-150x150.jpg",150,150,true],"medium":["https:\/\/construcaocivil.siriusmarketingedesign.com.br\/wp-content\/uploads\/2023\/04\/415916cf-b127-4bcd-b424-dc5203d16211-300x169.jpg",300,169,true],"medium_large":["https:\/\/construcaocivil.siriusmarketingedesign.com.br\/wp-content\/uploads\/2023\/04\/415916cf-b127-4bcd-b424-dc5203d16211-768x432.jpg",768,432,true],"large":["https:\/\/construcaocivil.siriusmarketingedesign.com.br\/wp-content\/uploads\/2023\/04\/415916cf-b127-4bcd-b424-dc5203d16211-1024x576.jpg",1024,576,true],"1536x1536":["https:\/\/construcaocivil.siriusmarketingedesign.com.br\/wp-content\/uploads\/2023\/04\/415916cf-b127-4bcd-b424-dc5203d16211-1536x864.jpg",1536,864,true],"2048x2048":["https:\/\/construcaocivil.siriusmarketingedesign.com.br\/wp-content\/uploads\/2023\/04\/415916cf-b127-4bcd-b424-dc5203d16211-2048x1152.jpg",2048,1152,true]},"uagb_author_info":{"display_name":"Jornal da Constru\u00e7\u00e3o Civil","author_link":"https:\/\/construcaocivil.siriusmarketingedesign.com.br\/?author=1"},"uagb_comment_info":0,"uagb_excerpt":"Atendendo ao pedido do deputado Bacelar (PV\/BA) o presidente da C\u00e2mara, Arthur Lira (PP\/AL), determinou, esta semana, a cria\u00e7\u00e3o da Comiss\u00e3o Especial para tratar da transi\u00e7\u00e3o energ\u00e9tica e hidrog\u00eanio verde no Brasil. A comiss\u00e3o ser\u00e1 composta por 35 titulares e 35 suplentes. A comiss\u00e3o \u00e9 criada para acompanhar a implementa\u00e7\u00e3o das medidas que est\u00e3o sendo&hellip;","_links":{"self":[{"href":"https:\/\/construcaocivil.siriusmarketingedesign.com.br\/index.php?rest_route=\/wp\/v2\/posts\/21514","targetHints":{"allow":["GET"]}}],"collection":[{"href":"https:\/\/construcaocivil.siriusmarketingedesign.com.br\/index.php?rest_route=\/wp\/v2\/posts"}],"about":[{"href":"https:\/\/construcaocivil.siriusmarketingedesign.com.br\/index.php?rest_route=\/wp\/v2\/types\/post"}],"author":[{"embeddable":true,"href":"https:\/\/construcaocivil.siriusmarketingedesign.com.br\/index.php?rest_route=\/wp\/v2\/users\/1"}],"replies":[{"embeddable":true,"href":"https:\/\/construcaocivil.siriusmarketingedesign.com.br\/index.php?rest_route=%2Fwp%2Fv2%2Fcomments&post=21514"}],"version-history":[{"count":0,"href":"https:\/\/construcaocivil.siriusmarketingedesign.com.br\/index.php?rest_route=\/wp\/v2\/posts\/21514\/revisions"}],"wp:featuredmedia":[{"embeddable":true,"href":"https:\/\/construcaocivil.siriusmarketingedesign.com.br\/index.php?rest_route=\/wp\/v2\/media\/21515"}],"wp:attachment":[{"href":"https:\/\/construcaocivil.siriusmarketingedesign.com.br\/index.php?rest_route=%2Fwp%2Fv2%2Fmedia&parent=21514"}],"wp:term":[{"taxonomy":"category","embeddable":true,"href":"https:\/\/construcaocivil.siriusmarketingedesign.com.br\/index.php?rest_route=%2Fwp%2Fv2%2Fcategories&post=21514"},{"taxonomy":"post_tag","embeddable":true,"href":"https:\/\/construcaocivil.siriusmarketingedesign.com.br\/index.php?rest_route=%2Fwp%2Fv2%2Ftags&post=21514"}],"curies":[{"name":"wp","href":"https:\/\/api.w.org\/{rel}","templated":true}]}}