{"id":21517,"date":"2023-04-13T00:21:37","date_gmt":"2023-04-13T03:21:37","guid":{"rendered":"https:\/\/www.jornaldaconstrucaocivil.com.br\/?p=21517"},"modified":"2023-04-13T00:21:37","modified_gmt":"2023-04-13T03:21:37","slug":"feicon-supera-expectativa-e-projeta-crescimento-de-50-ja-no-2o-dia-de-evento","status":"publish","type":"post","link":"https:\/\/construcaocivil.siriusmarketingedesign.com.br\/?p=21517","title":{"rendered":"FEICON supera expectativa e projeta crescimento de 50% j\u00e1 no 2\u00ba dia de evento"},"content":{"rendered":"<p style=\"text-align: justify;\"><strong>S\u00e3o Paulo, 12 abril de 2023 \u2013\u00a0<\/strong>O maior encontro da constru\u00e7\u00e3o civil da Am\u00e9rica Latina, a FEICON registrou novos recordes de p\u00fablico. Os dois primeiros dias superaram em mais de 50% a expectativa de visita\u00e7\u00e3o dos organizadores; sendo que a abertura teve aumento de 47% no n\u00famero de profissionais qualificados presentes para acompanhar os lan\u00e7amentos, solu\u00e7\u00f5es, tecnologias e palestras em compara\u00e7\u00e3o com a abertura da edi\u00e7\u00e3o de 2022. Os dados refor\u00e7am o momento positivo do setor e o prop\u00f3sito do evento de movimentar o mercado.<\/p>\n<p style=\"text-align: justify;\">A constru\u00e7\u00e3o civil dever\u00e1 crescer 2% neste ano, segundo a C\u00e2mara Brasileira da Ind\u00fastria da Constru\u00e7\u00e3o (CBIC). A nova proje\u00e7\u00e3o considera fatores como o atual patamar da taxa de juros, a perda de recursos da caderneta de poupan\u00e7a e o hiato de tempo na tomada de decis\u00f5es importantes relacionadas ao FGTS.<\/p>\n<p style=\"text-align: justify;\">Segundo Claudio Della Nina, Managing Director RX LATAM, organizadora da FEICON. \u201cnossa miss\u00e3o \u00e9 impulsionar os neg\u00f3cios de visitantes e expositores. Nesta edi\u00e7\u00e3o da FEICON, reunimos mais de mil marcas expositoras, sendo 150 novas empresas em mais de 60 mil metros quadrados de exposi\u00e7\u00e3o\u201d.<\/p>\n<p style=\"text-align: justify;\">Al\u00e9m de conectar marcas e profissionais do setor, os dois primeiros dias do evento reuniu autoridades p\u00fablicas para discutir a agenda da constru\u00e7\u00e3o civil. A cerim\u00f4nia de abertura contou com as participa\u00e7\u00f5es de deputados estaduais, Daniele Alonso, Itamar Borges; do Capit\u00e3o Jos\u00e9 Augusto Rosa, deputado federal; de Elisabete Fran\u00e7a, secret\u00e1ria executiva de Habita\u00e7\u00e3o da Cidade de S\u00e3o Paulo; e Marcelo Branco, secret\u00e1rio de Desenvolvimento Urbano e de Habita\u00e7\u00e3o do Estado de S\u00e3o Paulo.<\/p>\n<p style=\"text-align: justify;\">J\u00e1 o segundo dia do evento teve as presen\u00e7as de Tarc\u00edsio de Freitas, governador de S\u00e3o Paulo, e de Ricardo Nunes, prefeito da capital paulista, que participaram de um encontro promovido pela C\u00e2mara Brasileira da Constru\u00e7\u00e3o Civil (CBIC) para debater demandas, oportunidades e desafios do setor.<\/p>\n<p style=\"text-align: justify;\">Em sua fala, o governador refor\u00e7ou o impacto positivo que novos investimentos em infraestrutura trar\u00e3o para o Estado de S\u00e3o Paulo, com oferta de servi\u00e7os \u00e0 popula\u00e7\u00e3o e a gera\u00e7\u00e3o de empregos. \u201cInfraestrutura gera emprego e vamos fazer muito investimento no setor nos pr\u00f3ximos anos. S\u00e3o Paulo merece isso e vamos transformar o Estado em um canteiro de obras\u201d, afirmou Tarc\u00edsio de Freitas.<\/p>\n<p style=\"text-align: justify;\">O dia tamb\u00e9m foi marcado pelas participa\u00e7\u00f5es de Jader Filho, Ministro das Cidades; Ratinho Jr., governador do estado do Paran\u00e1 e de In\u00eas Magalh\u00e3es, vice-presidente de Habita\u00e7\u00e3o da Caixa, no Encontro Nacional da Ind\u00fastria da Constru\u00e7\u00e3o (ENIC), para debater os rumos do programa de habita\u00e7\u00e3o social Minha Casa, Minha Vida.<\/p>\n<p style=\"text-align: justify;\">As programa\u00e7\u00f5es de palestras, atra\u00e7\u00f5es e a exposi\u00e7\u00e3o continuam at\u00e9 sexta-feira (14). Para participar o credenciamento est\u00e1 dispon\u00edvel em<span style=\"color: #0000ff;\">\u00a0<a style=\"color: #0000ff;\" href=\"https:\/\/www.feicon.com.br\/\" target=\"_blank\" rel=\"noopener noreferrer\">https:\/\/www.feicon.com.br\/<\/a>.<\/span><\/p>\n","protected":false},"excerpt":{"rendered":"<p>S\u00e3o Paulo, 12 abril de 2023 \u2013\u00a0O maior encontro da constru\u00e7\u00e3o civil da Am\u00e9rica Latina, a FEICON registrou novos recordes de p\u00fablico. Os dois primeiros dias superaram em mais de 50% a expectativa de visita\u00e7\u00e3o dos organizadores; sendo que a abertura teve aumento de 47% no n\u00famero de profissionais qualificados presentes para acompanhar os lan\u00e7amentos, [&hellip;]<\/p>\n","protected":false},"author":1,"featured_media":21518,"comment_status":"open","ping_status":"open","sticky":false,"template":"","format":"standard","meta":{"_uag_custom_page_level_css":"","footnotes":""},"categories":[33],"tags":[24835,25243,24624,20155,17550],"class_list":["post-21517","post","type-post","status-publish","format-standard","has-post-thumbnail","hentry","category-mercado","tag-feicon2023","tag-saopauloexpo","tag-servicosdeobras","tag-negocios-na-construcao","tag-varejo-e-material-de-construcao"],"blocksy_meta":[],"spectra_blocks_featured_image_url":{"thumbnail":{"url":"https:\/\/construcaocivil.siriusmarketingedesign.com.br\/wp-content\/uploads\/2023\/04\/O-Governador-Tarcisio-de-Freitas-participa-da-FEICON-150x150.jpg","width":150,"height":150},"medium":{"url":"https:\/\/construcaocivil.siriusmarketingedesign.com.br\/wp-content\/uploads\/2023\/04\/O-Governador-Tarcisio-de-Freitas-participa-da-FEICON-300x200.jpg","width":300,"height":200},"medium_large":{"url":"https:\/\/construcaocivil.siriusmarketingedesign.com.br\/wp-content\/uploads\/2023\/04\/O-Governador-Tarcisio-de-Freitas-participa-da-FEICON-768x512.jpg","width":768,"height":512},"large":{"url":"https:\/\/construcaocivil.siriusmarketingedesign.com.br\/wp-content\/uploads\/2023\/04\/O-Governador-Tarcisio-de-Freitas-participa-da-FEICON-1024x682.jpg","width":1024,"height":682},"full":{"url":"https:\/\/construcaocivil.siriusmarketingedesign.com.br\/wp-content\/uploads\/2023\/04\/O-Governador-Tarcisio-de-Freitas-participa-da-FEICON.jpg","width":1600,"height":1066}},"spectra_blocks_author_info":{"display_name":"Jornal da Constru\u00e7\u00e3o Civil","avatar_url":"https:\/\/secure.gravatar.com\/avatar\/973c9774fd44ddaceb026973c4962faa70fc512bc4c9da68e8ebb40fecee6540?s=96&d=mm&r=g","author_link":"https:\/\/construcaocivil.siriusmarketingedesign.com.br\/?author=1","description":"Desde de 2013, levando muitas informa\u00e7\u00f5es, lan\u00e7amentos e produtos de qualidade para toda cadeia produtiva da constru\u00e7\u00e3o. O Futuro da constru\u00e7\u00e3o passa por aqui,"},"uagb_featured_image_src":{"full":["https:\/\/construcaocivil.siriusmarketingedesign.com.br\/wp-content\/uploads\/2023\/04\/O-Governador-Tarcisio-de-Freitas-participa-da-FEICON.jpg",1600,1066,false],"thumbnail":["https:\/\/construcaocivil.siriusmarketingedesign.com.br\/wp-content\/uploads\/2023\/04\/O-Governador-Tarcisio-de-Freitas-participa-da-FEICON-150x150.jpg",150,150,true],"medium":["https:\/\/construcaocivil.siriusmarketingedesign.com.br\/wp-content\/uploads\/2023\/04\/O-Governador-Tarcisio-de-Freitas-participa-da-FEICON-300x200.jpg",300,200,true],"medium_large":["https:\/\/construcaocivil.siriusmarketingedesign.com.br\/wp-content\/uploads\/2023\/04\/O-Governador-Tarcisio-de-Freitas-participa-da-FEICON-768x512.jpg",768,512,true],"large":["https:\/\/construcaocivil.siriusmarketingedesign.com.br\/wp-content\/uploads\/2023\/04\/O-Governador-Tarcisio-de-Freitas-participa-da-FEICON-1024x682.jpg",1024,682,true],"1536x1536":["https:\/\/construcaocivil.siriusmarketingedesign.com.br\/wp-content\/uploads\/2023\/04\/O-Governador-Tarcisio-de-Freitas-participa-da-FEICON-1536x1023.jpg",1536,1023,true],"2048x2048":["https:\/\/construcaocivil.siriusmarketingedesign.com.br\/wp-content\/uploads\/2023\/04\/O-Governador-Tarcisio-de-Freitas-participa-da-FEICON.jpg",1600,1066,false]},"uagb_author_info":{"display_name":"Jornal da Constru\u00e7\u00e3o Civil","author_link":"https:\/\/construcaocivil.siriusmarketingedesign.com.br\/?author=1"},"uagb_comment_info":0,"uagb_excerpt":"S\u00e3o Paulo, 12 abril de 2023 \u2013\u00a0O maior encontro da constru\u00e7\u00e3o civil da Am\u00e9rica Latina, a FEICON registrou novos recordes de p\u00fablico. Os dois primeiros dias superaram em mais de 50% a expectativa de visita\u00e7\u00e3o dos organizadores; sendo que a abertura teve aumento de 47% no n\u00famero de profissionais qualificados presentes para acompanhar os lan\u00e7amentos,&hellip;","_links":{"self":[{"href":"https:\/\/construcaocivil.siriusmarketingedesign.com.br\/index.php?rest_route=\/wp\/v2\/posts\/21517","targetHints":{"allow":["GET"]}}],"collection":[{"href":"https:\/\/construcaocivil.siriusmarketingedesign.com.br\/index.php?rest_route=\/wp\/v2\/posts"}],"about":[{"href":"https:\/\/construcaocivil.siriusmarketingedesign.com.br\/index.php?rest_route=\/wp\/v2\/types\/post"}],"author":[{"embeddable":true,"href":"https:\/\/construcaocivil.siriusmarketingedesign.com.br\/index.php?rest_route=\/wp\/v2\/users\/1"}],"replies":[{"embeddable":true,"href":"https:\/\/construcaocivil.siriusmarketingedesign.com.br\/index.php?rest_route=%2Fwp%2Fv2%2Fcomments&post=21517"}],"version-history":[{"count":0,"href":"https:\/\/construcaocivil.siriusmarketingedesign.com.br\/index.php?rest_route=\/wp\/v2\/posts\/21517\/revisions"}],"wp:featuredmedia":[{"embeddable":true,"href":"https:\/\/construcaocivil.siriusmarketingedesign.com.br\/index.php?rest_route=\/wp\/v2\/media\/21518"}],"wp:attachment":[{"href":"https:\/\/construcaocivil.siriusmarketingedesign.com.br\/index.php?rest_route=%2Fwp%2Fv2%2Fmedia&parent=21517"}],"wp:term":[{"taxonomy":"category","embeddable":true,"href":"https:\/\/construcaocivil.siriusmarketingedesign.com.br\/index.php?rest_route=%2Fwp%2Fv2%2Fcategories&post=21517"},{"taxonomy":"post_tag","embeddable":true,"href":"https:\/\/construcaocivil.siriusmarketingedesign.com.br\/index.php?rest_route=%2Fwp%2Fv2%2Ftags&post=21517"}],"curies":[{"name":"wp","href":"https:\/\/api.w.org\/{rel}","templated":true}]}}