{"id":21552,"date":"2023-04-18T12:40:07","date_gmt":"2023-04-18T15:40:07","guid":{"rendered":"https:\/\/www.jornaldaconstrucaocivil.com.br\/?p=21552"},"modified":"2023-04-18T12:40:07","modified_gmt":"2023-04-18T15:40:07","slug":"efeito-desastroso-do-banco-central-economistas-ouvidos-na-camara-pedem-que-bc-amplie-consultas-externas-para-definir-taxa-de-juros-fonte-agencia-camara-de-noticias","status":"publish","type":"post","link":"https:\/\/construcaocivil.siriusmarketingedesign.com.br\/?p=21552","title":{"rendered":"Efeito desastroso do Banco Central: Economistas ouvidos na C\u00e2mara pedem que BC amplie consultas externas para definir taxa de juros   Fonte: Ag\u00eancia C\u00e2mara de Not\u00edcias"},"content":{"rendered":"<p style=\"text-align: justify;\">Economistas ouvidos pela Comiss\u00e3o de Desenvolvimento Econ\u00f4mico da C\u00e2mara, em conjunto com o Centro de Estudos e Debates Estrat\u00e9gicos (Cedes), defenderam na \u00faltima quarta-feira (12) que o Banco Central diversifique mais as suas consultas externas sobre infla\u00e7\u00e3o e atividade econ\u00f4mica, ouvindo pessoas ligadas a outros setores e n\u00e3o, de forma majorit\u00e1ria, o mercado financeiro. F\u00e1bio Terra, assessor do Minist\u00e9rio da Fazenda, disse que a situa\u00e7\u00e3o atual pode enviesar a avalia\u00e7\u00e3o da autarquia sobre o n\u00edvel de taxa de juros necess\u00e1rio para controlar a infla\u00e7\u00e3o.<\/p>\n<p style=\"text-align: justify;\">\u201cO Boletim Focus \u00e9 respondido por mais ou menos 150 institui\u00e7\u00f5es, sobretudo do mercado financeiro. \u00d3timo que se ou\u00e7a e \u00e9 preciso ouvir o mercado financeiro porque ele \u00e9 parte da economia; mas n\u00e3o somente, ou n\u00e3o preponderantemente\u201d, disse.<\/p>\n<div id=\"image-container-952992\" class=\"image-container\" data-midia=\"952992\">\n<div class=\"midia-creditos\"><em>Pablo Valadares \/ C\u00e2mara dos Deputados<\/em><\/div>\n<div class=\"media-wrapper\"><img decoding=\"async\" class=\"aligncenter\" src=\"https:\/\/www.camara.leg.br\/midias\/image\/2023\/04\/img20230412134647035-768x512.jpg\" alt=\"Audi\u00eancia p\u00fablica - Taxas de juros e seu impacto sobre a d\u00edvida p\u00fablica. Economista, Nelson Marconi.\" \/><\/div>\n<div class=\"midia-legenda\">Marconi: &#8220;N\u00e3o tem neg\u00f3cio que sobreviva com a atual taxa de juros&#8221;<\/div>\n<\/div>\n<p>&nbsp;<\/p>\n<p>Fonte: Ag\u00eancia C\u00e2mara de Not\u00edcias<\/p>\n<p style=\"text-align: justify;\">O professor da PUC S\u00e3o Paulo Ant\u00f4nio Lacerda afirmou que a mesma din\u00e2mica ocorre com as reuni\u00f5es que o Comit\u00ea de Pol\u00edtica Monet\u00e1ria faz com economistas de fora da institui\u00e7\u00e3o. J\u00e1 o professor da FGV Nelson Marconi comentou a escolha da diretoria do BC, que seria chamada de \u201cporta girat\u00f3ria\u201d em alguns c\u00edrculos. Isso porque os diretores v\u00eam do mercado financeiro e acabam indo para o mercado financeiro quando saem.<\/p>\n<p style=\"text-align: justify;\">Marconi tamb\u00e9m chamou de \u201cerro\u201d a autonomia do Banco Central porque partiria do pressuposto de que,para funcionar bem, um \u00f3rg\u00e3o p\u00fablico precisaria estar blindado de interfer\u00eancias pol\u00edticas.<\/p>\n<p style=\"text-align: justify;\">\u201cQuando ele define a taxa de juros, ele est\u00e1 influenciando na distribui\u00e7\u00e3o de renda do Pa\u00eds. E tem um componente pol\u00edtico forte nisso\u201d, ressaltou.<\/p>\n<div class=\"js-article-read-more\" style=\"text-align: justify;\">\n<div>\n<p><strong>D\u00edvida p\u00fablica<\/strong><br \/>\nA audi\u00eancia foi sobre o impacto da taxa de juros na d\u00edvida p\u00fablica e o professor Ant\u00f4nio Lacerda destacou que a despesa com juros este ano deve ser de R$ 700 bilh\u00f5es, enquanto o Or\u00e7amento da Uni\u00e3o prev\u00ea apenas R$ 70 bilh\u00f5es em investimentos. Nelson Marconi apontou que as empresas tamb\u00e9m n\u00e3o t\u00eam como fazer investimentos com uma taxa de juros real de 8% como ocorre hoje.<\/p>\n<p>\u201cComo \u00e9 que uma empresa que quer investir na esfera produtiva vai conseguir ter um retorno maior que 18%, que \u00e9 o custo que ela tem para tomar capital no mercado financeiro para financiar o giro? N\u00e3o tem neg\u00f3cio que sobreviva desta forma\u201d, afirmou.<\/p>\n<p>Marconi sugeriu aos parlamentares que cobrem do BC a observ\u00e2ncia da lei (<a href=\"https:\/\/www2.camara.leg.br\/legin\/fed\/leicom\/2021\/leicomplementar-179-24-fevereiro-2021-791083-publicacaooriginal-162335-pl.html\">Lei Complementar 179\/21<\/a>) que concedeu autonomia \u00e0 autarquia quando ela fala que a institui\u00e7\u00e3o deve \u201csuavizar as flutua\u00e7\u00f5es do n\u00edvel de atividade econ\u00f4mica e fomentar o pleno emprego\u201d.<\/p>\n<p>Os economistas ressaltaram a import\u00e2ncia da pol\u00edtica fiscal para a defini\u00e7\u00e3o das taxas de juros, mas afirmaram que o n\u00edvel atual, de 13,75% ao ano, \u00e9 incompat\u00edvel com a sustentabilidade das pr\u00f3prias contas p\u00fablicas. Ant\u00f4nio Lacerda afirmou que a infla\u00e7\u00e3o atual n\u00e3o ocorre porque as pessoas est\u00e3o comprando muito. Se esta fosse a causa, ao elevar o pre\u00e7o do dinheiro, a atua\u00e7\u00e3o do BC poderia frear a alta.<\/p>\n<p>Todos citaram press\u00f5es inflacion\u00e1rias relacionadas \u00e0 oferta de produtos como a Guerra na Ucr\u00e2nia, eleva\u00e7\u00e3o do pre\u00e7o de mat\u00e9rias-primas, e consequ\u00eancias da pandemia sobre a produ\u00e7\u00e3o mundial.<\/p>\n<p>Para Ant\u00f4nio Lacerda, o BC deve mudar de rumo porque a manuten\u00e7\u00e3o das taxas de juros altas pode ter efeitos perversos sobre as empresas, o que tamb\u00e9m afetaria os bancos:<\/p>\n<p>\u201cAqueles que est\u00e3o na ponta devedora, que ampliaram a sua exposi\u00e7\u00e3o ao cr\u00e9dito, est\u00e3o sentindo uma dificuldade muito grande. Ent\u00e3o estamos diante de um risco de uma crise eminente de cr\u00e9dito. Ou seja, al\u00e9m dos impactos diretos sobre a d\u00edvida p\u00fablica, haver\u00e1 esse potencial impacto de um agravamento da crise provocado pela situa\u00e7\u00e3o de cr\u00e9dito das empresas e talvez at\u00e9 afetando a situa\u00e7\u00e3o de algumas institui\u00e7\u00f5es financeiras\u201d, afirmou.<\/p>\n<p><strong>Exemplo do Jap\u00e3o<\/strong><br \/>\nLacerda apresentou um gr\u00e1fico que coloca o Brasil isolado no mundo com um custo de rolagem da d\u00edvida p\u00fablica de 7% do PIB, tendo uma d\u00edvida de 70%. O Jap\u00e3o tem uma d\u00edvida de 260% do PIB, mas o custo anual de financiamento \u00e9 menor que 2%.<\/p>\n<p>O deputado Florentino Neto (PT-PI) disse que as taxas de juros para as pessoas f\u00edsicas s\u00e3o ainda mais proibitivas. E sugeriu a limita\u00e7\u00e3o dos juros dos cart\u00f5es de cr\u00e9dito como aconteceu com o cheque especial em janeiro de 2020, quando o BC definiu 150% ao ano como taxa m\u00e1xima:<\/p>\n<p>\u201cN\u00f3s n\u00e3o podemos nos calar e aceitar que hoje o cidad\u00e3o brasileiro esteja pagando 400% no cr\u00e9dito rotativo dos cart\u00f5es de cr\u00e9dito\u201d.<\/p>\n<p>Para F\u00e1bio Terra, desde 2010 vem sendo elevada a competitividade no mercado de cr\u00e9dito, o que ainda deve provocar mudan\u00e7as nas taxas para as pessoas f\u00edsicas.<\/p>\n<p>&nbsp;<\/p>\n<p><span style=\"color: #0000ff;\">Reportagem \u2013 S\u00edlvia Mugnatto<\/span><br \/>\n<span style=\"color: #0000ff;\">Edi\u00e7\u00e3o \u2013 Roberto Seabra<\/span><\/p>\n<\/div>\n<\/div>\n<section class=\"noticia-audio\">\n<ul class=\"l-players\">\n<li class=\"l-players__item\">\n<div class=\"g-player-audio\">\n<h2 class=\"sr-only\"><\/h2>\n<\/div>\n<\/li>\n<\/ul>\n<\/section>\n<p style=\"text-align: justify;\"><span style=\"color: #0000ff;\">Fonte: Ag\u00eancia C\u00e2mara de Not\u00edcias<\/span><\/p>\n<div id=\"image-container-952992\" class=\"image-container\" style=\"text-align: justify;\" data-midia=\"952992\">\n<div class=\"midia-creditos\"><\/div>\n<\/div>\n<p style=\"text-align: justify;\">Fonte: Ag\u00eancia C\u00e2mara de Not\u00edcias<\/p>\n","protected":false},"excerpt":{"rendered":"<p>Economistas ouvidos pela Comiss\u00e3o de Desenvolvimento Econ\u00f4mico da C\u00e2mara, em conjunto com o Centro de Estudos e Debates Estrat\u00e9gicos (Cedes), defenderam na \u00faltima quarta-feira (12) que o Banco Central diversifique mais as suas consultas externas sobre infla\u00e7\u00e3o e atividade econ\u00f4mica, ouvindo pessoas ligadas a outros setores e n\u00e3o, de forma majorit\u00e1ria, o mercado financeiro. F\u00e1bio [&hellip;]<\/p>\n","protected":false},"author":1,"featured_media":21553,"comment_status":"open","ping_status":"open","sticky":false,"template":"","format":"standard","meta":{"_uag_custom_page_level_css":"","footnotes":""},"categories":[33],"tags":[25265,1248,1569,25264,20118,25266],"class_list":["post-21552","post","type-post","status-publish","format-standard","has-post-thumbnail","hentry","category-mercado","tag-65-milhoes-de-desempregados","tag-banco-central","tag-brasilia","tag-calabouco-fiscal","tag-camara-dos-deputado","tag-crise-no-varejo"],"blocksy_meta":[],"spectra_blocks_featured_image_url":{"thumbnail":{"url":"https:\/\/construcaocivil.siriusmarketingedesign.com.br\/wp-content\/uploads\/2023\/04\/IMG_20230227_134756_5-150x150.jpg","width":150,"height":150},"medium":{"url":"https:\/\/construcaocivil.siriusmarketingedesign.com.br\/wp-content\/uploads\/2023\/04\/IMG_20230227_134756_5-300x268.jpg","width":300,"height":268},"medium_large":{"url":"https:\/\/construcaocivil.siriusmarketingedesign.com.br\/wp-content\/uploads\/2023\/04\/IMG_20230227_134756_5-768x686.jpg","width":768,"height":686},"large":{"url":"https:\/\/construcaocivil.siriusmarketingedesign.com.br\/wp-content\/uploads\/2023\/04\/IMG_20230227_134756_5-1024x915.jpg","width":1024,"height":915},"full":{"url":"https:\/\/construcaocivil.siriusmarketingedesign.com.br\/wp-content\/uploads\/2023\/04\/IMG_20230227_134756_5.jpg","width":2333,"height":2085}},"spectra_blocks_author_info":{"display_name":"Jornal da Constru\u00e7\u00e3o Civil","avatar_url":"https:\/\/secure.gravatar.com\/avatar\/973c9774fd44ddaceb026973c4962faa70fc512bc4c9da68e8ebb40fecee6540?s=96&d=mm&r=g","author_link":"https:\/\/construcaocivil.siriusmarketingedesign.com.br\/?author=1","description":"Desde de 2013, levando muitas informa\u00e7\u00f5es, lan\u00e7amentos e produtos de qualidade para toda cadeia produtiva da constru\u00e7\u00e3o. O Futuro da constru\u00e7\u00e3o passa por aqui,"},"uagb_featured_image_src":{"full":["https:\/\/construcaocivil.siriusmarketingedesign.com.br\/wp-content\/uploads\/2023\/04\/IMG_20230227_134756_5.jpg",2333,2085,false],"thumbnail":["https:\/\/construcaocivil.siriusmarketingedesign.com.br\/wp-content\/uploads\/2023\/04\/IMG_20230227_134756_5-150x150.jpg",150,150,true],"medium":["https:\/\/construcaocivil.siriusmarketingedesign.com.br\/wp-content\/uploads\/2023\/04\/IMG_20230227_134756_5-300x268.jpg",300,268,true],"medium_large":["https:\/\/construcaocivil.siriusmarketingedesign.com.br\/wp-content\/uploads\/2023\/04\/IMG_20230227_134756_5-768x686.jpg",768,686,true],"large":["https:\/\/construcaocivil.siriusmarketingedesign.com.br\/wp-content\/uploads\/2023\/04\/IMG_20230227_134756_5-1024x915.jpg",1024,915,true],"1536x1536":["https:\/\/construcaocivil.siriusmarketingedesign.com.br\/wp-content\/uploads\/2023\/04\/IMG_20230227_134756_5-1536x1373.jpg",1536,1373,true],"2048x2048":["https:\/\/construcaocivil.siriusmarketingedesign.com.br\/wp-content\/uploads\/2023\/04\/IMG_20230227_134756_5-2048x1830.jpg",2048,1830,true]},"uagb_author_info":{"display_name":"Jornal da Constru\u00e7\u00e3o Civil","author_link":"https:\/\/construcaocivil.siriusmarketingedesign.com.br\/?author=1"},"uagb_comment_info":0,"uagb_excerpt":"Economistas ouvidos pela Comiss\u00e3o de Desenvolvimento Econ\u00f4mico da C\u00e2mara, em conjunto com o Centro de Estudos e Debates Estrat\u00e9gicos (Cedes), defenderam na \u00faltima quarta-feira (12) que o Banco Central diversifique mais as suas consultas externas sobre infla\u00e7\u00e3o e atividade econ\u00f4mica, ouvindo pessoas ligadas a outros setores e n\u00e3o, de forma majorit\u00e1ria, o mercado financeiro. F\u00e1bio&hellip;","_links":{"self":[{"href":"https:\/\/construcaocivil.siriusmarketingedesign.com.br\/index.php?rest_route=\/wp\/v2\/posts\/21552","targetHints":{"allow":["GET"]}}],"collection":[{"href":"https:\/\/construcaocivil.siriusmarketingedesign.com.br\/index.php?rest_route=\/wp\/v2\/posts"}],"about":[{"href":"https:\/\/construcaocivil.siriusmarketingedesign.com.br\/index.php?rest_route=\/wp\/v2\/types\/post"}],"author":[{"embeddable":true,"href":"https:\/\/construcaocivil.siriusmarketingedesign.com.br\/index.php?rest_route=\/wp\/v2\/users\/1"}],"replies":[{"embeddable":true,"href":"https:\/\/construcaocivil.siriusmarketingedesign.com.br\/index.php?rest_route=%2Fwp%2Fv2%2Fcomments&post=21552"}],"version-history":[{"count":0,"href":"https:\/\/construcaocivil.siriusmarketingedesign.com.br\/index.php?rest_route=\/wp\/v2\/posts\/21552\/revisions"}],"wp:featuredmedia":[{"embeddable":true,"href":"https:\/\/construcaocivil.siriusmarketingedesign.com.br\/index.php?rest_route=\/wp\/v2\/media\/21553"}],"wp:attachment":[{"href":"https:\/\/construcaocivil.siriusmarketingedesign.com.br\/index.php?rest_route=%2Fwp%2Fv2%2Fmedia&parent=21552"}],"wp:term":[{"taxonomy":"category","embeddable":true,"href":"https:\/\/construcaocivil.siriusmarketingedesign.com.br\/index.php?rest_route=%2Fwp%2Fv2%2Fcategories&post=21552"},{"taxonomy":"post_tag","embeddable":true,"href":"https:\/\/construcaocivil.siriusmarketingedesign.com.br\/index.php?rest_route=%2Fwp%2Fv2%2Ftags&post=21552"}],"curies":[{"name":"wp","href":"https:\/\/api.w.org\/{rel}","templated":true}]}}