{"id":21562,"date":"2023-04-20T12:41:31","date_gmt":"2023-04-20T15:41:31","guid":{"rendered":"https:\/\/www.jornaldaconstrucaocivil.com.br\/?p=21562"},"modified":"2023-04-20T12:41:31","modified_gmt":"2023-04-20T15:41:31","slug":"matriz-energetica-limpa-e-diversificada-absolar-e-ministro-de-minas-e-energia-debatem-transicao-energetica-hidrogenio-verde-e-energia-solar-para-baixa-renda-e-predios-publicos","status":"publish","type":"post","link":"https:\/\/construcaocivil.siriusmarketingedesign.com.br\/?p=21562","title":{"rendered":"Matriz Energ\u00e9tica limpa e diversificada: ABSOLAR e Ministro de Minas e Energia debatem transi\u00e7\u00e3o energ\u00e9tica, hidrog\u00eanio verde e energia solar para baixa renda e pr\u00e9dios p\u00fablicos"},"content":{"rendered":"<p style=\"text-align: justify;\"><strong>Abril de 2023<\/strong>\u00a0\u2013\u00a0Em reuni\u00e3o realizada nesta segunda-feira (17\/4) entre o Ministro de Minas e Energia (MME), Alexandre Silveira, e lideran\u00e7as da Associa\u00e7\u00e3o Brasileira de Energia Solar Fotovoltaica (ABSOLAR), foi consenso entre os participantes de que a fonte solar ter\u00e1 importante protagonismo na transi\u00e7\u00e3o energ\u00e9tica proposta pelo Governo Federal, tanto no desenvolvimento do mercado de hidrog\u00eanio verde (H2V), quanto no suprimento el\u00e9trico de \u00e1reas isoladas na regi\u00e3o amaz\u00f4nica e em iniciativas que ampliem o acesso \u00e0 tecnologia fotovoltaica pela popula\u00e7\u00e3o de baixa renda.<\/p>\n<p style=\"text-align: justify;\">Entre os destaques da reuni\u00e3o, incluem-se as oportunidades em novas tecnologias, como o hidrog\u00eanio verde (H2V) para a produ\u00e7\u00e3o de fertilizantes e produtos mais sustent\u00e1veis, bem como a incorpora\u00e7\u00e3o da energia solar em programas sociais do Governo Federal, como o Programa Minha Casa Minha Vida e o Programa Luz para Todos. Tamb\u00e9m foram pontos altos da conversa as estrat\u00e9gias para intensificar a transi\u00e7\u00e3o energ\u00e9tica e a descarboniza\u00e7\u00e3o da Amaz\u00f4nia e do Brasil, utilizando sistemas fotovoltaicos com baterias, para levar eletricidade \u00e0s regi\u00f5es remotas do Pa\u00eds, e incorporando energia solar nos pr\u00e9dios p\u00fablicos, para reduzir a conta de luz da administra\u00e7\u00e3o federal, dos estados e dos munic\u00edpios.<\/p>\n<p>Outro tema abordado no encontro foi o potencial social, econ\u00f4mico e ambiental das grandes usinas solares, a chamada gera\u00e7\u00e3o centralizada solar fotovoltaica. Segundo proje\u00e7\u00f5es da ABSOLAR, os empreendimentos solares de grande porte podem trazer mais de R$ 90 bilh\u00f5es em novos investimentos e gerar mais de 570 mil novos empregos no Brasil at\u00e9 2026. Tamb\u00e9m ser\u00e3o pe\u00e7a chave para a produ\u00e7\u00e3o de hidrog\u00eanio verde (H2V) no Pa\u00eds, por serem a op\u00e7\u00e3o renov\u00e1vel mais competitiva dispon\u00edvel no Brasil. No caso da gera\u00e7\u00e3o pr\u00f3pria de energia solar em telhados e pequenos terrenos, a entidade ressaltou que o crescimento da modalidade trar\u00e1 mais de R$ 86,2 bilh\u00f5es em benef\u00edcios sist\u00eamicos no setor el\u00e9trico para a sociedade brasileira at\u00e9 2031. Com isso, ajudar\u00e1 a baratear a conta de luz de todos os consumidores, inclusive os que n\u00e3o tiverem sistema solar pr\u00f3prio, em pelo menos 5,6% no per\u00edodo.<\/p>\n<p>Para Ronaldo Koloszuk, presidente do Conselho de Administra\u00e7\u00e3o da ABSOLAR, o ministro d\u00e1 a dire\u00e7\u00e3o certa na acelera\u00e7\u00e3o da transi\u00e7\u00e3o energ\u00e9tica a partir das fontes limpas e renov\u00e1veis, que contribuem para a reindustrializa\u00e7\u00e3o do Pa\u00eds. \u201cAproveitar a grande oportunidade do hidrog\u00eanio verde (H2V) e, ao mesmo tempo, substituir energia gerada com combust\u00edveis f\u00f3sseis em regi\u00f5es remotas pela fonte solar, limpa, renov\u00e1vel e barata, \u00e9 um importante passo para acelerar o desenvolvimento sustent\u00e1vel brasileiro\u201d, comenta Koloszuk.<\/p>\n<p>Na vis\u00e3o de Rodrigo Sauaia, CEO da ABSOLAR, o fortalecimento de pol\u00edticas p\u00fablicas que promovam a transi\u00e7\u00e3o energ\u00e9tica na Amaz\u00f4nia e no Brasil contribuir\u00e3o para posicionar o Pa\u00eds como uma lideran\u00e7a relevante no combate \u00e0s mudan\u00e7as clim\u00e1ticas e na oferta de produtos e servi\u00e7os sustent\u00e1veis ao mundo, fortalecendo a atra\u00e7\u00e3o de novos investimentos internacionais e a gera\u00e7\u00e3o de empregos de qualidade para brasileiras e brasileiros.<\/p>\n<p>\u201cA reuni\u00e3o com o Ministro Alexandre Silveira foi muito produtiva e motivadora, pois identificamos v\u00e1rias oportunidades de sinergia e espa\u00e7os de trabalho colaborativo e construtivo. Passamos a mensagem de que o setor solar est\u00e1 preparado para contribuir, de forma decisiva, com a redu\u00e7\u00e3o das emiss\u00f5es de gases de efeito estufa nas matrizes el\u00e9trica e energ\u00e9tica do Brasil. Pudemos contar, ainda, com a participa\u00e7\u00e3o competente e agregadora do Deputado Estadual Gil Pereira, lideran\u00e7a reconhecida do setor solar mineiro e nacional, autor de importantes pol\u00edticas p\u00fablicas para fontes renov\u00e1veis que fizeram a diferen\u00e7a para Minas Gerais\u201d, conclui Sauaia.<\/p>\n<p>Segundo o Deputado Estadual Gil Pereira (MG), um dos articuladores do encontro, a transi\u00e7\u00e3o energ\u00e9tica \u00e9 crucial para acelerar o desenvolvimento sustent\u00e1vel e a descarboniza\u00e7\u00e3o das atividades produtivas e da economia nacional. \u201cO estabelecimento de pol\u00edticas p\u00fablicas para fontes renov\u00e1veis e novas tecnologias est\u00e1 alinhado \u00e0s estrat\u00e9gias dos principais pa\u00edses do mundo e, ao mesmo tempo, est\u00e1 em sintonia com os anseios e expectativas da sociedade brasileira\u201d, aponta o parlamentar.<\/p>\n","protected":false},"excerpt":{"rendered":"<p>Abril de 2023\u00a0\u2013\u00a0Em reuni\u00e3o realizada nesta segunda-feira (17\/4) entre o Ministro de Minas e Energia (MME), Alexandre Silveira, e lideran\u00e7as da Associa\u00e7\u00e3o Brasileira de Energia Solar Fotovoltaica (ABSOLAR), foi consenso entre os participantes de que a fonte solar ter\u00e1 importante protagonismo na transi\u00e7\u00e3o energ\u00e9tica proposta pelo Governo Federal, tanto no desenvolvimento do mercado de hidrog\u00eanio [&hellip;]<\/p>\n","protected":false},"author":1,"featured_media":21564,"comment_status":"open","ping_status":"open","sticky":false,"template":"","format":"standard","meta":{"_uag_custom_page_level_css":"","footnotes":""},"categories":[29],"tags":[25270,345,4305,25269,7767],"class_list":["post-21562","post","type-post","status-publish","format-standard","has-post-thumbnail","hentry","category-energia","tag-tarifadeluzbarata","tag-absolar","tag-energia-limpa","tag-energia-solar-nas-periferias","tag-mme"],"blocksy_meta":[],"spectra_blocks_featured_image_url":{"thumbnail":{"url":"https:\/\/construcaocivil.siriusmarketingedesign.com.br\/wp-content\/uploads\/2023\/04\/Energia-solar-favela-SP-150x150.webp","width":150,"height":150},"medium":{"url":"https:\/\/construcaocivil.siriusmarketingedesign.com.br\/wp-content\/uploads\/2023\/04\/Energia-solar-favela-SP-300x200.webp","width":300,"height":200},"medium_large":{"url":"https:\/\/construcaocivil.siriusmarketingedesign.com.br\/wp-content\/uploads\/2023\/04\/Energia-solar-favela-SP-768x511.webp","width":768,"height":511},"large":{"url":"https:\/\/construcaocivil.siriusmarketingedesign.com.br\/wp-content\/uploads\/2023\/04\/Energia-solar-favela-SP.webp","width":850,"height":566},"full":{"url":"https:\/\/construcaocivil.siriusmarketingedesign.com.br\/wp-content\/uploads\/2023\/04\/Energia-solar-favela-SP.webp","width":850,"height":566}},"spectra_blocks_author_info":{"display_name":"Jornal da Constru\u00e7\u00e3o Civil","avatar_url":"https:\/\/secure.gravatar.com\/avatar\/973c9774fd44ddaceb026973c4962faa70fc512bc4c9da68e8ebb40fecee6540?s=96&d=mm&r=g","author_link":"https:\/\/construcaocivil.siriusmarketingedesign.com.br\/?author=1","description":"Desde de 2013, levando muitas informa\u00e7\u00f5es, lan\u00e7amentos e produtos de qualidade para toda cadeia produtiva da constru\u00e7\u00e3o. O Futuro da constru\u00e7\u00e3o passa por aqui,"},"uagb_featured_image_src":{"full":["https:\/\/construcaocivil.siriusmarketingedesign.com.br\/wp-content\/uploads\/2023\/04\/Energia-solar-favela-SP.webp",850,566,false],"thumbnail":["https:\/\/construcaocivil.siriusmarketingedesign.com.br\/wp-content\/uploads\/2023\/04\/Energia-solar-favela-SP-150x150.webp",150,150,true],"medium":["https:\/\/construcaocivil.siriusmarketingedesign.com.br\/wp-content\/uploads\/2023\/04\/Energia-solar-favela-SP-300x200.webp",300,200,true],"medium_large":["https:\/\/construcaocivil.siriusmarketingedesign.com.br\/wp-content\/uploads\/2023\/04\/Energia-solar-favela-SP-768x511.webp",768,511,true],"large":["https:\/\/construcaocivil.siriusmarketingedesign.com.br\/wp-content\/uploads\/2023\/04\/Energia-solar-favela-SP.webp",850,566,false],"1536x1536":["https:\/\/construcaocivil.siriusmarketingedesign.com.br\/wp-content\/uploads\/2023\/04\/Energia-solar-favela-SP.webp",850,566,false],"2048x2048":["https:\/\/construcaocivil.siriusmarketingedesign.com.br\/wp-content\/uploads\/2023\/04\/Energia-solar-favela-SP.webp",850,566,false]},"uagb_author_info":{"display_name":"Jornal da Constru\u00e7\u00e3o Civil","author_link":"https:\/\/construcaocivil.siriusmarketingedesign.com.br\/?author=1"},"uagb_comment_info":0,"uagb_excerpt":"Abril de 2023\u00a0\u2013\u00a0Em reuni\u00e3o realizada nesta segunda-feira (17\/4) entre o Ministro de Minas e Energia (MME), Alexandre Silveira, e lideran\u00e7as da Associa\u00e7\u00e3o Brasileira de Energia Solar Fotovoltaica (ABSOLAR), foi consenso entre os participantes de que a fonte solar ter\u00e1 importante protagonismo na transi\u00e7\u00e3o energ\u00e9tica proposta pelo Governo Federal, tanto no desenvolvimento do mercado de hidrog\u00eanio&hellip;","_links":{"self":[{"href":"https:\/\/construcaocivil.siriusmarketingedesign.com.br\/index.php?rest_route=\/wp\/v2\/posts\/21562","targetHints":{"allow":["GET"]}}],"collection":[{"href":"https:\/\/construcaocivil.siriusmarketingedesign.com.br\/index.php?rest_route=\/wp\/v2\/posts"}],"about":[{"href":"https:\/\/construcaocivil.siriusmarketingedesign.com.br\/index.php?rest_route=\/wp\/v2\/types\/post"}],"author":[{"embeddable":true,"href":"https:\/\/construcaocivil.siriusmarketingedesign.com.br\/index.php?rest_route=\/wp\/v2\/users\/1"}],"replies":[{"embeddable":true,"href":"https:\/\/construcaocivil.siriusmarketingedesign.com.br\/index.php?rest_route=%2Fwp%2Fv2%2Fcomments&post=21562"}],"version-history":[{"count":0,"href":"https:\/\/construcaocivil.siriusmarketingedesign.com.br\/index.php?rest_route=\/wp\/v2\/posts\/21562\/revisions"}],"wp:featuredmedia":[{"embeddable":true,"href":"https:\/\/construcaocivil.siriusmarketingedesign.com.br\/index.php?rest_route=\/wp\/v2\/media\/21564"}],"wp:attachment":[{"href":"https:\/\/construcaocivil.siriusmarketingedesign.com.br\/index.php?rest_route=%2Fwp%2Fv2%2Fmedia&parent=21562"}],"wp:term":[{"taxonomy":"category","embeddable":true,"href":"https:\/\/construcaocivil.siriusmarketingedesign.com.br\/index.php?rest_route=%2Fwp%2Fv2%2Fcategories&post=21562"},{"taxonomy":"post_tag","embeddable":true,"href":"https:\/\/construcaocivil.siriusmarketingedesign.com.br\/index.php?rest_route=%2Fwp%2Fv2%2Ftags&post=21562"}],"curies":[{"name":"wp","href":"https:\/\/api.w.org\/{rel}","templated":true}]}}