{"id":21579,"date":"2023-04-22T14:36:20","date_gmt":"2023-04-22T17:36:20","guid":{"rendered":"https:\/\/www.jornaldaconstrucaocivil.com.br\/?p=21579"},"modified":"2023-04-22T14:36:20","modified_gmt":"2023-04-22T17:36:20","slug":"dia-da-terra-data-clama-para-que-populacao-invista-no-planeta-preservando-a-natureza","status":"publish","type":"post","link":"https:\/\/construcaocivil.siriusmarketingedesign.com.br\/?p=21579","title":{"rendered":"Dia da Terra: data clama para que popula\u00e7\u00e3o invista no planeta, preservando a natureza"},"content":{"rendered":"<p><em>Por Francine Ferreira<\/em><\/p>\n<p style=\"text-align: justify;\">Celebrado neste s\u00e1bado, 22 de abril, mais uma vez o Dia Mundial da Terra refor\u00e7a o apelo importante pela preserva\u00e7\u00e3o da natureza, seguindo o tema &#8220;Investir no Planeta&#8221; e clamando para que toda a popula\u00e7\u00e3o se mobilize em prol da causa. No Sul de Santa Catarina, o Comit\u00ea da Bacia Hidrogr\u00e1fica do Rio Urussanga faz coro ao debate, ressaltando a necessidade de mais a\u00e7\u00f5es de toda a sociedade para a conserva\u00e7\u00e3o dos recursos h\u00eddricos, uma vez que a \u00e1gua \u00e9 essencial para a manuten\u00e7\u00e3o da vida em todos os espa\u00e7os.<\/p>\n<p style=\"text-align: justify;\">Na Bacia Hidrogr\u00e1fica do Rio Urussanga, a \u00e1gua do principal manancial da regi\u00e3o, bem como de seus afluentes, apresenta uma das piores situa\u00e7\u00f5es do Estado, com grande parcela j\u00e1 impr\u00f3pria para o consumo humano. A informa\u00e7\u00e3o \u00e9 do Plano de Recursos H\u00eddricos da Bacia e traz diversos segmentos hist\u00f3ricos como agentes respons\u00e1veis pela situa\u00e7\u00e3o, como esgotos urbanos e industriais n\u00e3o tratados e os res\u00edduos resultantes da extra\u00e7\u00e3o de carv\u00e3o.<\/p>\n<p style=\"text-align: justify;\">Al\u00e9m dos problemas relacionados \u00e0 qualidade, o mesmo estudo tamb\u00e9m evidencia que a Bacia do Rio Urussanga ainda sofre com a quest\u00e3o de quantidade da \u00e1gua e, por consequ\u00eancia, com a preocupa\u00e7\u00e3o de real escassez dos recursos h\u00eddricos j\u00e1 em um futuro pr\u00f3ximo.<\/p>\n<p style=\"text-align: justify;\"><strong class=\"v1ql-size-large\">Momento de agir<\/strong><\/p>\n<p style=\"text-align: justify;\">Uma realidade preocupante, que alerta para a necessidade cada vez maior de as pessoas, enquanto sociedade, refletirem e agirem pela consolida\u00e7\u00e3o de estrat\u00e9gias pol\u00edticas, empresariais e sociais que garantam o uso respons\u00e1vel dos bens naturais, buscando seguir medidas que possam minimizar os impactos negativos da a\u00e7\u00e3o do ser humano no meio ambiente.<\/p>\n<p style=\"text-align: justify;\">As alternativas para minimiza\u00e7\u00e3o dos problemas nos recursos h\u00eddricos evidenciadas na Bacia do Rio Urussanga v\u00eam ao encontro, inclusive, ao tema escolhido para as comemora\u00e7\u00f5es do Dia da Terra em 2023: &#8220;Investir no Planeta&#8221;. Isso, porque o investimento na defesa do planeta est\u00e1 diretamente ligado \u00e0 preserva\u00e7\u00e3o e prote\u00e7\u00e3o da \u00e1gua, em prol dos recursos naturais, do ambiente e da sustentabilidade da Terra.<\/p>\n<p style=\"text-align: justify;\"><strong class=\"v1ql-size-large\">A\u00e7\u00f5es pr\u00e1ticas<\/strong><\/p>\n<p style=\"text-align: justify;\">Neste cen\u00e1rio, considerando os trabalhos at\u00e9 agora realizados pelo Comit\u00ea referentes \u00e0s capacita\u00e7\u00f5es e ao processo de elabora\u00e7\u00e3o do plano da bacia, de acordo com o vice-presidente do Comit\u00ea Urussanga, Fernando Damian Preve Filho, \u00e9 fundamental que as organiza\u00e7\u00f5es-membro do \u00f3rg\u00e3o procurem se apropriar das a\u00e7\u00f5es sugeridas. Muitas de baixo custo, mas eficazes, podem j\u00e1 iniciar um processo de melhoria na qualidade do Rio Urussanga.<\/p>\n<p style=\"text-align: justify;\">&#8220;Em casa, cada um de n\u00f3s pode melhorar muito, adotando medidas como a mudan\u00e7a de h\u00e1bitos para economizar \u00e1gua e o descarte correto de embalagens pl\u00e1sticas, pilhas e eletr\u00f4nicos. Assim como fazer a liga\u00e7\u00e3o na rede de esgotamento sanit\u00e1rio onde houver; construir fossas e sumidouros onde ainda n\u00e3o h\u00e1 coleta de esgoto, inclusive no meio rural; reservar \u00e1gua da chuva; e contribuir na recomposi\u00e7\u00e3o de matas ciliares e na prote\u00e7\u00e3o de nascentes, com o cercamento e recomposi\u00e7\u00e3o das \u00e1rvores nestes pontos&#8221;, elenca o vice-presidente.<\/p>\n<p style=\"text-align: justify;\">Al\u00e9m disso, para Preve Filho, as ind\u00fastrias tamb\u00e9m podem melhorar seus processos no que diz respeito ao consumo e reuso da \u00e1gua. &#8220;O Comit\u00ea tem como seu maior compromisso, promover o entendimento a respeito dos recursos h\u00eddricos. Por isso, sempre procuramos levar a conhecimento da sociedade, a\u00e7\u00f5es individuais que promovam um ambiente mais sadio e sustent\u00e1vel&#8221;, finaliza.<\/p>\n","protected":false},"excerpt":{"rendered":"<p>Por Francine Ferreira Celebrado neste s\u00e1bado, 22 de abril, mais uma vez o Dia Mundial da Terra refor\u00e7a o apelo importante pela preserva\u00e7\u00e3o da natureza, seguindo o tema &#8220;Investir no Planeta&#8221; e clamando para que toda a popula\u00e7\u00e3o se mobilize em prol da causa. No Sul de Santa Catarina, o Comit\u00ea da Bacia Hidrogr\u00e1fica do [&hellip;]<\/p>\n","protected":false},"author":1,"featured_media":21580,"comment_status":"open","ping_status":"open","sticky":false,"template":"","format":"standard","meta":{"_uag_custom_page_level_css":"","footnotes":""},"categories":[37],"tags":[25276,25277,25278,11722,16813],"class_list":["post-21579","post","type-post","status-publish","format-standard","has-post-thumbnail","hentry","category-sustentabilidade","tag-dia-da-terra","tag-grilagem-e-invasoes-de-terras","tag-sustentabilidade-x-exploracao-do-meio-ambiente","tag-terras-indigenas","tag-terras-quilombolas"],"blocksy_meta":[],"spectra_blocks_featured_image_url":{"thumbnail":{"url":"https:\/\/construcaocivil.siriusmarketingedesign.com.br\/wp-content\/uploads\/2023\/04\/a34e2084-223b-40a6-81ba-9fcd3d6c95c3-150x150.jpg","width":150,"height":150},"medium":{"url":"https:\/\/construcaocivil.siriusmarketingedesign.com.br\/wp-content\/uploads\/2023\/04\/a34e2084-223b-40a6-81ba-9fcd3d6c95c3-300x169.jpg","width":300,"height":169},"medium_large":{"url":"https:\/\/construcaocivil.siriusmarketingedesign.com.br\/wp-content\/uploads\/2023\/04\/a34e2084-223b-40a6-81ba-9fcd3d6c95c3-768x431.jpg","width":768,"height":431},"large":{"url":"https:\/\/construcaocivil.siriusmarketingedesign.com.br\/wp-content\/uploads\/2023\/04\/a34e2084-223b-40a6-81ba-9fcd3d6c95c3-1024x575.jpg","width":1024,"height":575},"full":{"url":"https:\/\/construcaocivil.siriusmarketingedesign.com.br\/wp-content\/uploads\/2023\/04\/a34e2084-223b-40a6-81ba-9fcd3d6c95c3.jpg","width":1200,"height":674}},"spectra_blocks_author_info":{"display_name":"Jornal da Constru\u00e7\u00e3o Civil","avatar_url":"https:\/\/secure.gravatar.com\/avatar\/973c9774fd44ddaceb026973c4962faa70fc512bc4c9da68e8ebb40fecee6540?s=96&d=mm&r=g","author_link":"https:\/\/construcaocivil.siriusmarketingedesign.com.br\/?author=1","description":"Desde de 2013, levando muitas informa\u00e7\u00f5es, lan\u00e7amentos e produtos de qualidade para toda cadeia produtiva da constru\u00e7\u00e3o. O Futuro da constru\u00e7\u00e3o passa por aqui,"},"uagb_featured_image_src":{"full":["https:\/\/construcaocivil.siriusmarketingedesign.com.br\/wp-content\/uploads\/2023\/04\/a34e2084-223b-40a6-81ba-9fcd3d6c95c3.jpg",1200,674,false],"thumbnail":["https:\/\/construcaocivil.siriusmarketingedesign.com.br\/wp-content\/uploads\/2023\/04\/a34e2084-223b-40a6-81ba-9fcd3d6c95c3-150x150.jpg",150,150,true],"medium":["https:\/\/construcaocivil.siriusmarketingedesign.com.br\/wp-content\/uploads\/2023\/04\/a34e2084-223b-40a6-81ba-9fcd3d6c95c3-300x169.jpg",300,169,true],"medium_large":["https:\/\/construcaocivil.siriusmarketingedesign.com.br\/wp-content\/uploads\/2023\/04\/a34e2084-223b-40a6-81ba-9fcd3d6c95c3-768x431.jpg",768,431,true],"large":["https:\/\/construcaocivil.siriusmarketingedesign.com.br\/wp-content\/uploads\/2023\/04\/a34e2084-223b-40a6-81ba-9fcd3d6c95c3-1024x575.jpg",1024,575,true],"1536x1536":["https:\/\/construcaocivil.siriusmarketingedesign.com.br\/wp-content\/uploads\/2023\/04\/a34e2084-223b-40a6-81ba-9fcd3d6c95c3.jpg",1200,674,false],"2048x2048":["https:\/\/construcaocivil.siriusmarketingedesign.com.br\/wp-content\/uploads\/2023\/04\/a34e2084-223b-40a6-81ba-9fcd3d6c95c3.jpg",1200,674,false]},"uagb_author_info":{"display_name":"Jornal da Constru\u00e7\u00e3o Civil","author_link":"https:\/\/construcaocivil.siriusmarketingedesign.com.br\/?author=1"},"uagb_comment_info":0,"uagb_excerpt":"Por Francine Ferreira Celebrado neste s\u00e1bado, 22 de abril, mais uma vez o Dia Mundial da Terra refor\u00e7a o apelo importante pela preserva\u00e7\u00e3o da natureza, seguindo o tema &#8220;Investir no Planeta&#8221; e clamando para que toda a popula\u00e7\u00e3o se mobilize em prol da causa. No Sul de Santa Catarina, o Comit\u00ea da Bacia Hidrogr\u00e1fica do&hellip;","_links":{"self":[{"href":"https:\/\/construcaocivil.siriusmarketingedesign.com.br\/index.php?rest_route=\/wp\/v2\/posts\/21579","targetHints":{"allow":["GET"]}}],"collection":[{"href":"https:\/\/construcaocivil.siriusmarketingedesign.com.br\/index.php?rest_route=\/wp\/v2\/posts"}],"about":[{"href":"https:\/\/construcaocivil.siriusmarketingedesign.com.br\/index.php?rest_route=\/wp\/v2\/types\/post"}],"author":[{"embeddable":true,"href":"https:\/\/construcaocivil.siriusmarketingedesign.com.br\/index.php?rest_route=\/wp\/v2\/users\/1"}],"replies":[{"embeddable":true,"href":"https:\/\/construcaocivil.siriusmarketingedesign.com.br\/index.php?rest_route=%2Fwp%2Fv2%2Fcomments&post=21579"}],"version-history":[{"count":0,"href":"https:\/\/construcaocivil.siriusmarketingedesign.com.br\/index.php?rest_route=\/wp\/v2\/posts\/21579\/revisions"}],"wp:featuredmedia":[{"embeddable":true,"href":"https:\/\/construcaocivil.siriusmarketingedesign.com.br\/index.php?rest_route=\/wp\/v2\/media\/21580"}],"wp:attachment":[{"href":"https:\/\/construcaocivil.siriusmarketingedesign.com.br\/index.php?rest_route=%2Fwp%2Fv2%2Fmedia&parent=21579"}],"wp:term":[{"taxonomy":"category","embeddable":true,"href":"https:\/\/construcaocivil.siriusmarketingedesign.com.br\/index.php?rest_route=%2Fwp%2Fv2%2Fcategories&post=21579"},{"taxonomy":"post_tag","embeddable":true,"href":"https:\/\/construcaocivil.siriusmarketingedesign.com.br\/index.php?rest_route=%2Fwp%2Fv2%2Ftags&post=21579"}],"curies":[{"name":"wp","href":"https:\/\/api.w.org\/{rel}","templated":true}]}}