{"id":21583,"date":"2023-04-23T16:19:54","date_gmt":"2023-04-23T19:19:54","guid":{"rendered":"https:\/\/www.jornaldaconstrucaocivil.com.br\/?p=21583"},"modified":"2023-04-23T16:19:54","modified_gmt":"2023-04-23T19:19:54","slug":"construcao-em-destaque-morlan-lanca-novos-produtos-na-maior-feira-do-setor-na-america-latina","status":"publish","type":"post","link":"https:\/\/construcaocivil.siriusmarketingedesign.com.br\/?p=21583","title":{"rendered":"#Constru\u00e7\u00e3o em destaque: Morlan lan\u00e7a novos produtos na maior feira do setor na \u00c1merica Latina"},"content":{"rendered":"<p><em>Por Severian Rocha<\/em><\/p>\n<p style=\"font-weight: 400; text-align: justify;\">A\u00a0<span style=\"color: #0000ff;\"><a style=\"color: #0000ff;\" href=\"https:\/\/bit.ly\/3JLi9xy\" data-saferedirecturl=\"https:\/\/www.google.com\/url?q=https:\/\/bit.ly\/3JLi9xy&amp;source=gmail&amp;ust=1682347340908000&amp;usg=AOvVaw1RUCRLLCKB3vzibBPjnIUX\">Morlan<\/a><\/span>,\u00a0empresa 100% brasileira e especializada na fabrica\u00e7\u00e3o de produtos de a\u00e7o, marca presen\u00e7a na\u00a0<span style=\"color: #0000ff;\"><a style=\"color: #0000ff;\" href=\"https:\/\/bit.ly\/3K6C7Eg\" data-saferedirecturl=\"https:\/\/www.google.com\/url?q=https:\/\/bit.ly\/3K6C7Eg&amp;source=gmail&amp;ust=1682347340909000&amp;usg=AOvVaw1MBnJEiqt6GsCRvocFN-2Z\">FEICON<\/a> <a style=\"color: #0000ff;\" href=\"https:\/\/bit.ly\/3K6C7Eg\" data-saferedirecturl=\"https:\/\/www.google.com\/url?q=https:\/\/bit.ly\/3K6C7Eg&amp;source=gmail&amp;ust=1682347340909000&amp;usg=AOvVaw1MBnJEiqt6GsCRvocFN-2Z\">2023<\/a><\/span>, maior evento de constru\u00e7\u00e3o civil e arquitetura da Am\u00e9rica Latina, que aconteceu no S\u00e3o Paulo Expo, entre os dias 11 a 14 de abril. Em sua 7\u00aa participa\u00e7\u00e3o na feira, a grande novidade para este ano \u00e9 o lan\u00e7amento da nova linha <a href=\"https:\/\/bit.ly\/3z30RqP\" data-saferedirecturl=\"https:\/\/www.google.com\/url?q=https:\/\/bit.ly\/3z30RqP&amp;source=gmail&amp;ust=1682347340909000&amp;usg=AOvVaw0yaur7F6xDkMKHhdP2vtlm\"><span style=\"color: #0000ff;\">Electro 18 Zn3 Casa Morlan<\/span><\/a><span style=\"color: #0000ff;\">\u00ae<\/span>, um arame desenvolvido exclusivamente para instala\u00e7\u00e3o de cercas el\u00e9tricas residenciais.<\/p>\n<figure id=\"attachment_21584\" aria-describedby=\"caption-attachment-21584\" style=\"width: 298px\" class=\"wp-caption alignleft\"><img loading=\"lazy\" decoding=\"async\" class=\"size-medium wp-image-21584\" src=\"https:\/\/www.jornaldaconstrucaocivil.com.br\/wp-content\/uploads\/2023\/04\/image002-298x300.png\" alt=\"\" width=\"298\" height=\"300\" srcset=\"https:\/\/construcaocivil.siriusmarketingedesign.com.br\/wp-content\/uploads\/2023\/04\/image002-298x300.png 298w, https:\/\/construcaocivil.siriusmarketingedesign.com.br\/wp-content\/uploads\/2023\/04\/image002-150x150.png 150w, https:\/\/construcaocivil.siriusmarketingedesign.com.br\/wp-content\/uploads\/2023\/04\/image002.png 388w\" sizes=\"auto, (max-width: 298px) 100vw, 298px\" \/><figcaption id=\"caption-attachment-21584\" class=\"wp-caption-text\">Arame de a\u00e7o para<br \/>cerca s el\u00e9tricas residenciais. Divulga\u00e7\u00e3o<\/figcaption><\/figure>\n<p style=\"text-align: justify;\">De acordo com os organizadores da FEICON,\u00a0 o evento recebeu mais de 100 mil pessoas nos quatro dias da feira proporcionando muitos novos neg\u00f3cios para o setor da constru\u00e7\u00e3o. Atenta ao mercado, em especial nas possibilidades de comercializa\u00e7\u00e3o dos seis produtos de alta qualidade, a Morlan aproveitou o encontro para se conectar e fortalecer suas bases com o seu p\u00fablico.<\/p>\n<p style=\"text-align: justify;\">Segundo o gerente de marketing da Morlan, Christian Speyer, uns dos principais produtos, o arame para Cercas El\u00e9tricas Residenciais promete atender as demandas dos clientes:<\/p>\n<p style=\"font-weight: 400; text-align: justify;\">\u201cO desenvolvimento do novo arame para cercas el\u00e9tricas residenciais da Morlan foi pensado especialmente com foco na seguran\u00e7a e agilidade do processo, uma vez que al\u00e9m de utilizar o arame ideal, \u00e9 necess\u00e1rio que toda a implementa\u00e7\u00e3o seja realizada corretamente, com materiais e equipamentos apropriados, desenvolvidos especialmente para essa finalidade\u201d, explica o executivo.<\/p>\n<p>Assista o v\u00eddeo com o supervisor comercial Anderson Silva, da Morlan<\/p>\n<p><iframe loading=\"lazy\" title=\"#constru\u00e7\u00e3o em destaque: Morlan lan\u00e7a produtos na #feicon2023\" width=\"1290\" height=\"726\" src=\"https:\/\/www.youtube.com\/embed\/_12WIbpqfEU?feature=oembed\" frameborder=\"0\" allow=\"accelerometer; autoplay; clipboard-write; encrypted-media; gyroscope; picture-in-picture; web-share\" referrerpolicy=\"strict-origin-when-cross-origin\" allowfullscreen><\/iframe><\/p>\n<p>&nbsp;<\/p>\n<div style=\"text-align: justify;\"><\/div>\n","protected":false},"excerpt":{"rendered":"<p>Por Severian Rocha A\u00a0Morlan,\u00a0empresa 100% brasileira e especializada na fabrica\u00e7\u00e3o de produtos de a\u00e7o, marca presen\u00e7a na\u00a0FEICON 2023, maior evento de constru\u00e7\u00e3o civil e arquitetura da Am\u00e9rica Latina, que aconteceu no S\u00e3o Paulo Expo, entre os dias 11 a 14 de abril. Em sua 7\u00aa participa\u00e7\u00e3o na feira, a grande novidade para este ano \u00e9 [&hellip;]<\/p>\n","protected":false},"author":1,"featured_media":21585,"comment_status":"open","ping_status":"open","sticky":false,"template":"","format":"standard","meta":{"_uag_custom_page_level_css":"","footnotes":""},"categories":[12591,12594],"tags":[24835,25279,25281,25282,25280],"class_list":["post-21583","post","type-post","status-publish","format-standard","has-post-thumbnail","hentry","category-produtos","category-tv-da-construcao-civil","tag-feicon2023","tag-arames-de-aco","tag-cercas-eletricas-residenciais","tag-gradil-de-protecao","tag-telas-de-protecao-residenciais"],"blocksy_meta":[],"spectra_blocks_featured_image_url":{"thumbnail":{"url":"https:\/\/construcaocivil.siriusmarketingedesign.com.br\/wp-content\/uploads\/2023\/04\/ANDERSOM-Morlan-150x150.png","width":150,"height":150},"medium":{"url":"https:\/\/construcaocivil.siriusmarketingedesign.com.br\/wp-content\/uploads\/2023\/04\/ANDERSOM-Morlan-300x167.png","width":300,"height":167},"medium_large":{"url":"https:\/\/construcaocivil.siriusmarketingedesign.com.br\/wp-content\/uploads\/2023\/04\/ANDERSOM-Morlan-768x427.png","width":768,"height":427},"large":{"url":"https:\/\/construcaocivil.siriusmarketingedesign.com.br\/wp-content\/uploads\/2023\/04\/ANDERSOM-Morlan.png","width":850,"height":473},"full":{"url":"https:\/\/construcaocivil.siriusmarketingedesign.com.br\/wp-content\/uploads\/2023\/04\/ANDERSOM-Morlan.png","width":850,"height":473}},"spectra_blocks_author_info":{"display_name":"Jornal da Constru\u00e7\u00e3o Civil","avatar_url":"https:\/\/secure.gravatar.com\/avatar\/973c9774fd44ddaceb026973c4962faa70fc512bc4c9da68e8ebb40fecee6540?s=96&d=mm&r=g","author_link":"https:\/\/construcaocivil.siriusmarketingedesign.com.br\/?author=1","description":"Desde de 2013, levando muitas informa\u00e7\u00f5es, lan\u00e7amentos e produtos de qualidade para toda cadeia produtiva da constru\u00e7\u00e3o. O Futuro da constru\u00e7\u00e3o passa por aqui,"},"uagb_featured_image_src":{"full":["https:\/\/construcaocivil.siriusmarketingedesign.com.br\/wp-content\/uploads\/2023\/04\/ANDERSOM-Morlan.png",850,473,false],"thumbnail":["https:\/\/construcaocivil.siriusmarketingedesign.com.br\/wp-content\/uploads\/2023\/04\/ANDERSOM-Morlan-150x150.png",150,150,true],"medium":["https:\/\/construcaocivil.siriusmarketingedesign.com.br\/wp-content\/uploads\/2023\/04\/ANDERSOM-Morlan-300x167.png",300,167,true],"medium_large":["https:\/\/construcaocivil.siriusmarketingedesign.com.br\/wp-content\/uploads\/2023\/04\/ANDERSOM-Morlan-768x427.png",768,427,true],"large":["https:\/\/construcaocivil.siriusmarketingedesign.com.br\/wp-content\/uploads\/2023\/04\/ANDERSOM-Morlan.png",850,473,false],"1536x1536":["https:\/\/construcaocivil.siriusmarketingedesign.com.br\/wp-content\/uploads\/2023\/04\/ANDERSOM-Morlan.png",850,473,false],"2048x2048":["https:\/\/construcaocivil.siriusmarketingedesign.com.br\/wp-content\/uploads\/2023\/04\/ANDERSOM-Morlan.png",850,473,false]},"uagb_author_info":{"display_name":"Jornal da Constru\u00e7\u00e3o Civil","author_link":"https:\/\/construcaocivil.siriusmarketingedesign.com.br\/?author=1"},"uagb_comment_info":0,"uagb_excerpt":"Por Severian Rocha A\u00a0Morlan,\u00a0empresa 100% brasileira e especializada na fabrica\u00e7\u00e3o de produtos de a\u00e7o, marca presen\u00e7a na\u00a0FEICON 2023, maior evento de constru\u00e7\u00e3o civil e arquitetura da Am\u00e9rica Latina, que aconteceu no S\u00e3o Paulo Expo, entre os dias 11 a 14 de abril. Em sua 7\u00aa participa\u00e7\u00e3o na feira, a grande novidade para este ano \u00e9&hellip;","_links":{"self":[{"href":"https:\/\/construcaocivil.siriusmarketingedesign.com.br\/index.php?rest_route=\/wp\/v2\/posts\/21583","targetHints":{"allow":["GET"]}}],"collection":[{"href":"https:\/\/construcaocivil.siriusmarketingedesign.com.br\/index.php?rest_route=\/wp\/v2\/posts"}],"about":[{"href":"https:\/\/construcaocivil.siriusmarketingedesign.com.br\/index.php?rest_route=\/wp\/v2\/types\/post"}],"author":[{"embeddable":true,"href":"https:\/\/construcaocivil.siriusmarketingedesign.com.br\/index.php?rest_route=\/wp\/v2\/users\/1"}],"replies":[{"embeddable":true,"href":"https:\/\/construcaocivil.siriusmarketingedesign.com.br\/index.php?rest_route=%2Fwp%2Fv2%2Fcomments&post=21583"}],"version-history":[{"count":0,"href":"https:\/\/construcaocivil.siriusmarketingedesign.com.br\/index.php?rest_route=\/wp\/v2\/posts\/21583\/revisions"}],"wp:featuredmedia":[{"embeddable":true,"href":"https:\/\/construcaocivil.siriusmarketingedesign.com.br\/index.php?rest_route=\/wp\/v2\/media\/21585"}],"wp:attachment":[{"href":"https:\/\/construcaocivil.siriusmarketingedesign.com.br\/index.php?rest_route=%2Fwp%2Fv2%2Fmedia&parent=21583"}],"wp:term":[{"taxonomy":"category","embeddable":true,"href":"https:\/\/construcaocivil.siriusmarketingedesign.com.br\/index.php?rest_route=%2Fwp%2Fv2%2Fcategories&post=21583"},{"taxonomy":"post_tag","embeddable":true,"href":"https:\/\/construcaocivil.siriusmarketingedesign.com.br\/index.php?rest_route=%2Fwp%2Fv2%2Ftags&post=21583"}],"curies":[{"name":"wp","href":"https:\/\/api.w.org\/{rel}","templated":true}]}}