{"id":21587,"date":"2023-04-23T16:49:01","date_gmt":"2023-04-23T19:49:01","guid":{"rendered":"https:\/\/www.jornaldaconstrucaocivil.com.br\/?p=21587"},"modified":"2023-04-23T16:49:01","modified_gmt":"2023-04-23T19:49:01","slug":"antes-tarde-do-que-nunca-educacao-imortal-heloisa-buarque-de-hollanda-declara-apoio-a-primeiro-candidato-negro-a-reitor-da-ufrj","status":"publish","type":"post","link":"https:\/\/construcaocivil.siriusmarketingedesign.com.br\/?p=21587","title":{"rendered":"&#8220;Antes tarde do que nunca &#8211; Educa\u00e7\u00e3o: Imortal Heloisa Buarque de Hollanda declara apoio a primeiro candidato negro a reitor da UFRJ"},"content":{"rendered":"<p>Rio de Janeiro, 22 de abril de 2023 \u2013 Heloisa Buarque de Hollanda, eleita nessa quinta-feira (20) para a Academia Brasileira de Letras, declarou apoio \u00e0 Chapa 20 na elei\u00e7\u00e3o da UFRJ, encabe\u00e7ada por Vantuil Pereira (foto) e Katya Gualter, primeiros candidatos negros \u00e0 Reitoria da maior universidade federal do Brasil em seus 102 anos de hist\u00f3ria.<\/p>\n<p>A nova imortal \u00e9 professora em\u00e9rita da Escola de Comunica\u00e7\u00e3o da UFRJ e coordena Universidade das Quebradas, um projeto de extens\u00e3o da UFRJ com mais de 800 participantes de comunidades, que prop\u00f5e a troca de saberes populares e acad\u00eamicos e enfatiza a profissionaliza\u00e7\u00e3o.<\/p>\n<p>No v\u00eddeo de apoio a Vantuil e Katya, Heloisa Buarque de Hollanda fala do seu sonho de constru\u00e7\u00e3o de &#8220;uma universidade livre, democr\u00e1tica e sem preconceitos&#8221;.<\/p>\n<p>Vantuil e Katya j\u00e1 receberam apoio de dezenas de lideran\u00e7as importantes da UFRJ e sociedade, como a Ministra da Igualdade Racial Anielle Franco e outros dois ex-ministros que ocuparam o mesmo cargo nos primeiros governos Lula: a Professora Matilde Ribeiro e o advogado Eloi Ferreira Ara\u00fajo.<\/p>\n<p><span style=\"color: #0000ff;\"><strong>A elei\u00e7\u00e3o para Reitor da UFRJ acontecer\u00e1 no per\u00edodo de 25 a 27 de abril.<\/strong><\/span><\/p>\n<table border=\"0\" width=\"100%\" cellspacing=\"0\" cellpadding=\"0\">\n<tbody>\n<tr>\n<td class=\"v1ip-text-block\" align=\"left\">\n<div>\n<p><strong><span style=\"color: #993300;\">Veja os links com o v\u00eddeo de apoio:<\/span><\/strong><\/p>\n<p><span style=\"color: #0000ff;\"><a style=\"color: #0000ff;\" href=\"https:\/\/click.cse360.com.br\/Click\/AddCampaignEmailClick\/c84f9811-6bb1-4e74-6ad1-08db36c1796a\/https%253a%252f%252fwww.instagram.com%252fp%252fCrRhpPZuNyK%252f\/e5a1d2fa-94bb-4a21-b332-08d7c5ff26d1\/redacao@jornaldaconstrucaocivil.com.br\/True\" target=\"_blank\" rel=\"noopener noreferrer\">V\u00eddeo Heloisa Buarque de Hollanda<\/a><\/span><\/p>\n<p><span style=\"color: #0000ff;\"><a style=\"color: #0000ff;\" href=\"https:\/\/click.cse360.com.br\/Click\/AddCampaignEmailClick\/c84f9811-6bb1-4e74-6ad1-08db36c1796a\/https%253a%252f%252fwww.instagram.com%252fp%252fCq5kYqTroWY%252f\/e5a1d2fa-94bb-4a21-b332-08d7c5ff26d1\/redacao@jornaldaconstrucaocivil.com.br\/True\" target=\"_blank\" rel=\"noopener noreferrer\">V\u00eddeo Eloi Ferreira Ara\u00fajo<\/a><\/span><\/p>\n<p><span style=\"color: #0000ff;\"><a style=\"color: #0000ff;\" href=\"https:\/\/click.cse360.com.br\/Click\/AddCampaignEmailClick\/c84f9811-6bb1-4e74-6ad1-08db36c1796a\/https%253a%252f%252fwww.instagram.com%252fp%252fCrS5fWptPfg%252f\/e5a1d2fa-94bb-4a21-b332-08d7c5ff26d1\/redacao@jornaldaconstrucaocivil.com.br\/True\" target=\"_blank\" rel=\"noopener noreferrer\">V\u00eddeo Matilde Ribeiro<\/a><\/span><\/p>\n<p><span style=\"color: #0000ff;\"><a style=\"color: #0000ff;\" href=\"https:\/\/click.cse360.com.br\/Click\/AddCampaignEmailClick\/c84f9811-6bb1-4e74-6ad1-08db36c1796a\/https%253a%252f%252fwww.instagram.com%252fp%252fCqY8WMBpwGF%252f\/e5a1d2fa-94bb-4a21-b332-08d7c5ff26d1\/redacao@jornaldaconstrucaocivil.com.br\/True\" target=\"_blank\" rel=\"noopener noreferrer\">V\u00eddeo Anielle Franco<\/a><\/span><\/p>\n<\/div>\n<\/td>\n<\/tr>\n<tr>\n<td class=\"v1ip-text-block\" align=\"left\">\n<div><\/div>\n<\/td>\n<\/tr>\n<\/tbody>\n<\/table>\n<p>&nbsp;<\/p>\n","protected":false},"excerpt":{"rendered":"<p>Rio de Janeiro, 22 de abril de 2023 \u2013 Heloisa Buarque de Hollanda, eleita nessa quinta-feira (20) para a Academia Brasileira de Letras, declarou apoio \u00e0 Chapa 20 na elei\u00e7\u00e3o da UFRJ, encabe\u00e7ada por Vantuil Pereira (foto) e Katya Gualter, primeiros candidatos negros \u00e0 Reitoria da maior universidade federal do Brasil em seus 102 anos [&hellip;]<\/p>\n","protected":false},"author":1,"featured_media":21588,"comment_status":"open","ping_status":"open","sticky":false,"template":"","format":"standard","meta":{"_uag_custom_page_level_css":"","footnotes":""},"categories":[27],"tags":[25283,25285,25284,12037],"class_list":["post-21587","post","type-post","status-publish","format-standard","has-post-thumbnail","hentry","category-acontece","tag-racismo-na-universidade","tag-brasil-da-escravidao-ufrj","tag-educacao-plural","tag-ufrj"],"blocksy_meta":[],"spectra_blocks_featured_image_url":{"thumbnail":{"url":"https:\/\/construcaocivil.siriusmarketingedesign.com.br\/wp-content\/uploads\/2023\/04\/11539732-6bb9-4b67-a6fb-f6af1f3b0d09-150x150.jpeg","width":150,"height":150},"medium":{"url":"https:\/\/construcaocivil.siriusmarketingedesign.com.br\/wp-content\/uploads\/2023\/04\/11539732-6bb9-4b67-a6fb-f6af1f3b0d09-300x224.jpeg","width":300,"height":224},"medium_large":{"url":"https:\/\/construcaocivil.siriusmarketingedesign.com.br\/wp-content\/uploads\/2023\/04\/11539732-6bb9-4b67-a6fb-f6af1f3b0d09-768x575.jpeg","width":768,"height":575},"large":{"url":"https:\/\/construcaocivil.siriusmarketingedesign.com.br\/wp-content\/uploads\/2023\/04\/11539732-6bb9-4b67-a6fb-f6af1f3b0d09-1024x766.jpeg","width":1024,"height":766},"full":{"url":"https:\/\/construcaocivil.siriusmarketingedesign.com.br\/wp-content\/uploads\/2023\/04\/11539732-6bb9-4b67-a6fb-f6af1f3b0d09.jpeg","width":1600,"height":1197}},"spectra_blocks_author_info":{"display_name":"Jornal da Constru\u00e7\u00e3o Civil","avatar_url":"https:\/\/secure.gravatar.com\/avatar\/973c9774fd44ddaceb026973c4962faa70fc512bc4c9da68e8ebb40fecee6540?s=96&d=mm&r=g","author_link":"https:\/\/construcaocivil.siriusmarketingedesign.com.br\/?author=1","description":"Desde de 2013, levando muitas informa\u00e7\u00f5es, lan\u00e7amentos e produtos de qualidade para toda cadeia produtiva da constru\u00e7\u00e3o. O Futuro da constru\u00e7\u00e3o passa por aqui,"},"uagb_featured_image_src":{"full":["https:\/\/construcaocivil.siriusmarketingedesign.com.br\/wp-content\/uploads\/2023\/04\/11539732-6bb9-4b67-a6fb-f6af1f3b0d09.jpeg",1600,1197,false],"thumbnail":["https:\/\/construcaocivil.siriusmarketingedesign.com.br\/wp-content\/uploads\/2023\/04\/11539732-6bb9-4b67-a6fb-f6af1f3b0d09-150x150.jpeg",150,150,true],"medium":["https:\/\/construcaocivil.siriusmarketingedesign.com.br\/wp-content\/uploads\/2023\/04\/11539732-6bb9-4b67-a6fb-f6af1f3b0d09-300x224.jpeg",300,224,true],"medium_large":["https:\/\/construcaocivil.siriusmarketingedesign.com.br\/wp-content\/uploads\/2023\/04\/11539732-6bb9-4b67-a6fb-f6af1f3b0d09-768x575.jpeg",768,575,true],"large":["https:\/\/construcaocivil.siriusmarketingedesign.com.br\/wp-content\/uploads\/2023\/04\/11539732-6bb9-4b67-a6fb-f6af1f3b0d09-1024x766.jpeg",1024,766,true],"1536x1536":["https:\/\/construcaocivil.siriusmarketingedesign.com.br\/wp-content\/uploads\/2023\/04\/11539732-6bb9-4b67-a6fb-f6af1f3b0d09-1536x1149.jpeg",1536,1149,true],"2048x2048":["https:\/\/construcaocivil.siriusmarketingedesign.com.br\/wp-content\/uploads\/2023\/04\/11539732-6bb9-4b67-a6fb-f6af1f3b0d09.jpeg",1600,1197,false]},"uagb_author_info":{"display_name":"Jornal da Constru\u00e7\u00e3o Civil","author_link":"https:\/\/construcaocivil.siriusmarketingedesign.com.br\/?author=1"},"uagb_comment_info":0,"uagb_excerpt":"Rio de Janeiro, 22 de abril de 2023 \u2013 Heloisa Buarque de Hollanda, eleita nessa quinta-feira (20) para a Academia Brasileira de Letras, declarou apoio \u00e0 Chapa 20 na elei\u00e7\u00e3o da UFRJ, encabe\u00e7ada por Vantuil Pereira (foto) e Katya Gualter, primeiros candidatos negros \u00e0 Reitoria da maior universidade federal do Brasil em seus 102 anos&hellip;","_links":{"self":[{"href":"https:\/\/construcaocivil.siriusmarketingedesign.com.br\/index.php?rest_route=\/wp\/v2\/posts\/21587","targetHints":{"allow":["GET"]}}],"collection":[{"href":"https:\/\/construcaocivil.siriusmarketingedesign.com.br\/index.php?rest_route=\/wp\/v2\/posts"}],"about":[{"href":"https:\/\/construcaocivil.siriusmarketingedesign.com.br\/index.php?rest_route=\/wp\/v2\/types\/post"}],"author":[{"embeddable":true,"href":"https:\/\/construcaocivil.siriusmarketingedesign.com.br\/index.php?rest_route=\/wp\/v2\/users\/1"}],"replies":[{"embeddable":true,"href":"https:\/\/construcaocivil.siriusmarketingedesign.com.br\/index.php?rest_route=%2Fwp%2Fv2%2Fcomments&post=21587"}],"version-history":[{"count":0,"href":"https:\/\/construcaocivil.siriusmarketingedesign.com.br\/index.php?rest_route=\/wp\/v2\/posts\/21587\/revisions"}],"wp:featuredmedia":[{"embeddable":true,"href":"https:\/\/construcaocivil.siriusmarketingedesign.com.br\/index.php?rest_route=\/wp\/v2\/media\/21588"}],"wp:attachment":[{"href":"https:\/\/construcaocivil.siriusmarketingedesign.com.br\/index.php?rest_route=%2Fwp%2Fv2%2Fmedia&parent=21587"}],"wp:term":[{"taxonomy":"category","embeddable":true,"href":"https:\/\/construcaocivil.siriusmarketingedesign.com.br\/index.php?rest_route=%2Fwp%2Fv2%2Fcategories&post=21587"},{"taxonomy":"post_tag","embeddable":true,"href":"https:\/\/construcaocivil.siriusmarketingedesign.com.br\/index.php?rest_route=%2Fwp%2Fv2%2Ftags&post=21587"}],"curies":[{"name":"wp","href":"https:\/\/api.w.org\/{rel}","templated":true}]}}