{"id":21591,"date":"2023-04-24T16:18:19","date_gmt":"2023-04-24T19:18:19","guid":{"rendered":"https:\/\/www.jornaldaconstrucaocivil.com.br\/?p=21591"},"modified":"2023-04-24T16:18:19","modified_gmt":"2023-04-24T19:18:19","slug":"maior-feira-de-negocios-para-o-setor-nuclear-sera-gratuita-e-acontece-em-maio-no-rio-de-janeiro","status":"publish","type":"post","link":"https:\/\/construcaocivil.siriusmarketingedesign.com.br\/?p=21591","title":{"rendered":"Maior feira de neg\u00f3cios para o setor nuclear ser\u00e1 gratuita e acontece em maio no Rio de Janeiro"},"content":{"rendered":"<p class=\"v1ql-align-justify\" style=\"text-align: justify;\">Autoridades e empres\u00e1rios estar\u00e3o reunidos em 3 dias de evento, com 130 moderadores, palestrantes e painelistas, em mais de 40h de conte\u00fado e 25 programas e pain\u00e9is. Tudo isso na\u00a0<strong>maior feira de neg\u00f3cios do setor nuclear<\/strong>:\u00a0<strong>NT2E &#8211; NUCLEAR TRADE AND TECHNOLOGY EXCHANGE<\/strong>\u00a0que acontece nos dias 3, 4 e 5 de maio na EXPOMAG no Rio de Janeiro. Com expectativa de receber mais de 2.500 pessoas, o evento \u00e9 promovido pela ABDAN &#8211; Associa\u00e7\u00e3o Brasileira para Desenvolvimento das Atividades Nucleares e pretende proporcionar o interc\u00e2mbio de informa\u00e7\u00f5es e tecnologias entre os principais atores do setor.<\/p>\n<p class=\"v1ql-align-justify\" style=\"text-align: justify;\">Segundo o presidente da ABDAN, Celso Cunha, a feira \u00e9 uma oportunidade para as empresas apresentarem suas solu\u00e7\u00f5es e tecnologias, al\u00e9m de estabelecerem contatos e parcerias com outras institui\u00e7\u00f5es do setor. &#8220;\u00c9 um evento de grande import\u00e2ncia para o segmento nuclear brasileiro. A feira re\u00fane empresas nacionais e internacionais, institui\u00e7\u00f5es de pesquisa, universidades e governos para discutir as principais tend\u00eancias, tecnologias e solu\u00e7\u00f5es para o setor nuclear. S\u00e3o diversas \u00e1reas presentes relacionadas \u00e0 energia nuclear, como gera\u00e7\u00e3o de energia el\u00e9trica, medicina nuclear, radioprote\u00e7\u00e3o, entre outras&#8221;.<\/p>\n<p class=\"v1ql-align-justify\" style=\"text-align: justify;\">Com uma programa\u00e7\u00e3o intensa, o NT2E oferece palestras, workshops e debates com especialistas abordando temas relevantes para o desenvolvimento da ind\u00fastria nuclear no Brasil e no mundo. Al\u00e9m de trazer tamb\u00e9m apresenta\u00e7\u00f5es de cases de sucesso e exposi\u00e7\u00f5es de produtos e servi\u00e7os. &#8220;\u00c9 uma oportunidade \u00fanica para os participantes ampliarem seus conhecimentos, estabelecerem novas parcerias e fazerem neg\u00f3cios. Queremos fomentar o desenvolvimento do setor nuclear no pa\u00eds, contribuindo para a constru\u00e7\u00e3o de uma matriz energ\u00e9tica mais diversificada e sustent\u00e1vel&#8221;, afirma, Celso Cunha.<\/p>\n<p class=\"v1ql-align-justify\" style=\"text-align: justify;\"><strong>AUTORIDADES POL\u00cdTICAS<\/strong><\/p>\n<p class=\"v1ql-align-justify\" style=\"text-align: justify;\">Convidados\u00a0pol\u00edticos importantes no cen\u00e1rio atual do pa\u00eds marcar\u00e3o presen\u00e7a, como: Ministro de Estado de Minas e Energia, Alexandre Silveira; Ministra de Estado da Ci\u00eancia, Tecnologia e Inova\u00e7\u00e3o, Luciana Santos; Ministra de Inova\u00e7\u00e3o e Gest\u00e3o, Esther Dwek, que\u00a0palestrar\u00e1 no \u00faltimo dia do evento; Governador do Estado do Rio de Janeiro, Claudio Castro; e Secret\u00e1rio de Energia do Rio de Janeiro, Hugo Leal.\u00a0Al\u00e9m de deputados federais, como o Julio Lopes (PP-RJ), que preside a Frente Parlamentar Mista de Atividades Nucleares.<\/p>\n<p class=\"v1ql-align-justify\" style=\"text-align: justify;\"><strong>INSTITUI\u00c7\u00d5ES E EMPRESAS CONFIRMADAS<\/strong><\/p>\n<p class=\"v1ql-align-justify\" style=\"text-align: justify;\"><strong>\u00a0<\/strong>Importantes organiza\u00e7\u00f5es mundiais relacionadas ao setor tamb\u00e9m far\u00e3o parte do NT2E, como a Ag\u00eancia Internacional de Energia At\u00f3mica \u2013 AIEA, Associa\u00e7\u00e3o francesa de ind\u00fastrias nucleares &#8211; GIFEN, Associa\u00e7\u00e3o comercial da ind\u00fastria nuclear nos Estados Unidos \u2013 NEI e a Associa\u00e7\u00e3o Nuclear Mundial \u2013 WNA.<\/p>\n<p class=\"v1ql-align-justify\" style=\"text-align: justify;\">Na ocasi\u00e3o algumas dessas entidades presentes assinar\u00e3o acordos e\u00a0contratos com outras empresas a fim de impulsionar e facilitar negocia\u00e7\u00f5es no setor. Entre as companhias est\u00e3o a Eletronuclear, Holtec, Amazul, Andrade Gutierrez, Nuclep, Rosatom,\u00a0BNDES, Sebrae e Framatome.<\/p>\n<p class=\"v1ql-align-justify\" style=\"text-align: justify;\"><strong>HACKATHON IN\u00c9DITO NO SETOR<\/strong><\/p>\n<p class=\"v1ql-align-justify\" style=\"text-align: justify;\">Durante o evento ser\u00e1 realizado pela primeira vez um Hacktathon dentro do setor nuclear: BRAZILIAN NUCLEAR OLYMPICS (ONB). Com o tema Transi\u00e7\u00e3o de Energia, a disputa foi lan\u00e7ada em mar\u00e7o no Nuclear Communication para inscri\u00e7\u00f5es e apresenta\u00e7\u00e3o dos primeiros desafios. No NT2E os participantes dar\u00e3o andamento na din\u00e2mica com a escolha do mentor, tema, forma\u00e7\u00e3o de grupos e os pr\u00f3ximos desafios. O campe\u00e3o da olimp\u00edada ser\u00e1 anunciado no Nuclear Legacy em novembro. As inscri\u00e7\u00f5es para o projeto podem ser feitas em:\u00a0<a href=\"https:\/\/click.cse360.com.br\/Click\/AddCampaignEmailClick\/695c18de-0c5a-498e-650d-08db3a9a56b1\/https%253a%252f%252fonb23abdan.wixsite.com%252fhackathon\/e5a1d2fa-94bb-4a21-b332-08d7c5ff26d1\/redacao@jornaldaconstrucaocivil.com.br\/True\" target=\"_blank\" rel=\"noopener noreferrer\">https:\/\/onb23abdan.wixsite.com\/hackathon<\/a><\/p>\n<p class=\"v1ql-align-justify\" style=\"text-align: justify;\">A frente da proposta in\u00e9dita, Eliene Silva, pesquisadora e p\u00f3s-doutoranda no setor, diz que o setor nunca antes viu uma olimp\u00edada neste n\u00edvel. &#8220;Um hackathon traz in\u00fameros benef\u00edcios. Fomentam a criatividade individual enquanto criam espa\u00e7os abertos para a experimenta\u00e7\u00e3o de novas ideias, permitindo o desenvolvimento de novas habilidades e t\u00e9cnicas entre seus participantes. Teremos um conte\u00fado muito rico para o setor. Motivaremos as pessoas a desenvolverem desafios que podem vir a mudar o futuro do segmento nuclear no Brasil&#8221;, conta.<\/p>\n<p class=\"v1ql-align-justify\" style=\"text-align: justify;\"><strong>RODADA DE NEG\u00d3CIOS \u2013 SEBRAE<\/strong><\/p>\n<p class=\"v1ql-align-justify\" style=\"text-align: justify;\"><strong>\u00a0<\/strong>O NT2E oferecer\u00e1 aos visitantes tamb\u00e9m uma Rodada de Neg\u00f3cios em parceria com o SEBRAE, dando continuidade ao projeto iniciado em 2022 sobre a cadeia produtiva.<\/p>\n","protected":false},"excerpt":{"rendered":"<p>Autoridades e empres\u00e1rios estar\u00e3o reunidos em 3 dias de evento, com 130 moderadores, palestrantes e painelistas, em mais de 40h de conte\u00fado e 25 programas e pain\u00e9is. Tudo isso na\u00a0maior feira de neg\u00f3cios do setor nuclear:\u00a0NT2E &#8211; NUCLEAR TRADE AND TECHNOLOGY EXCHANGE\u00a0que acontece nos dias 3, 4 e 5 de maio na EXPOMAG no Rio [&hellip;]<\/p>\n","protected":false},"author":1,"featured_media":21592,"comment_status":"open","ping_status":"open","sticky":false,"template":"","format":"standard","meta":{"_uag_custom_page_level_css":"","footnotes":""},"categories":[29],"tags":[24458,25287,21487,7384,7767,25286],"class_list":["post-21591","post","type-post","status-publish","format-standard","has-post-thumbnail","hentry","category-energia","tag-abdan","tag-empresas-e-negocios","tag-energia-nuclear","tag-matriz-energetica","tag-mme","tag-nt2e"],"blocksy_meta":[],"spectra_blocks_featured_image_url":{"thumbnail":{"url":"https:\/\/construcaocivil.siriusmarketingedesign.com.br\/wp-content\/uploads\/2023\/04\/ENERGIA-NUCLEAR-150x150.png","width":150,"height":150},"medium":{"url":"https:\/\/construcaocivil.siriusmarketingedesign.com.br\/wp-content\/uploads\/2023\/04\/ENERGIA-NUCLEAR-300x149.png","width":300,"height":149},"medium_large":{"url":"https:\/\/construcaocivil.siriusmarketingedesign.com.br\/wp-content\/uploads\/2023\/04\/ENERGIA-NUCLEAR.png","width":676,"height":335},"large":{"url":"https:\/\/construcaocivil.siriusmarketingedesign.com.br\/wp-content\/uploads\/2023\/04\/ENERGIA-NUCLEAR.png","width":676,"height":335},"full":{"url":"https:\/\/construcaocivil.siriusmarketingedesign.com.br\/wp-content\/uploads\/2023\/04\/ENERGIA-NUCLEAR.png","width":676,"height":335}},"spectra_blocks_author_info":{"display_name":"Jornal da Constru\u00e7\u00e3o Civil","avatar_url":"https:\/\/secure.gravatar.com\/avatar\/973c9774fd44ddaceb026973c4962faa70fc512bc4c9da68e8ebb40fecee6540?s=96&d=mm&r=g","author_link":"https:\/\/construcaocivil.siriusmarketingedesign.com.br\/?author=1","description":"Desde de 2013, levando muitas informa\u00e7\u00f5es, lan\u00e7amentos e produtos de qualidade para toda cadeia produtiva da constru\u00e7\u00e3o. O Futuro da constru\u00e7\u00e3o passa por aqui,"},"uagb_featured_image_src":{"full":["https:\/\/construcaocivil.siriusmarketingedesign.com.br\/wp-content\/uploads\/2023\/04\/ENERGIA-NUCLEAR.png",676,335,false],"thumbnail":["https:\/\/construcaocivil.siriusmarketingedesign.com.br\/wp-content\/uploads\/2023\/04\/ENERGIA-NUCLEAR-150x150.png",150,150,true],"medium":["https:\/\/construcaocivil.siriusmarketingedesign.com.br\/wp-content\/uploads\/2023\/04\/ENERGIA-NUCLEAR-300x149.png",300,149,true],"medium_large":["https:\/\/construcaocivil.siriusmarketingedesign.com.br\/wp-content\/uploads\/2023\/04\/ENERGIA-NUCLEAR.png",676,335,false],"large":["https:\/\/construcaocivil.siriusmarketingedesign.com.br\/wp-content\/uploads\/2023\/04\/ENERGIA-NUCLEAR.png",676,335,false],"1536x1536":["https:\/\/construcaocivil.siriusmarketingedesign.com.br\/wp-content\/uploads\/2023\/04\/ENERGIA-NUCLEAR.png",676,335,false],"2048x2048":["https:\/\/construcaocivil.siriusmarketingedesign.com.br\/wp-content\/uploads\/2023\/04\/ENERGIA-NUCLEAR.png",676,335,false]},"uagb_author_info":{"display_name":"Jornal da Constru\u00e7\u00e3o Civil","author_link":"https:\/\/construcaocivil.siriusmarketingedesign.com.br\/?author=1"},"uagb_comment_info":0,"uagb_excerpt":"Autoridades e empres\u00e1rios estar\u00e3o reunidos em 3 dias de evento, com 130 moderadores, palestrantes e painelistas, em mais de 40h de conte\u00fado e 25 programas e pain\u00e9is. Tudo isso na\u00a0maior feira de neg\u00f3cios do setor nuclear:\u00a0NT2E &#8211; NUCLEAR TRADE AND TECHNOLOGY EXCHANGE\u00a0que acontece nos dias 3, 4 e 5 de maio na EXPOMAG no Rio&hellip;","_links":{"self":[{"href":"https:\/\/construcaocivil.siriusmarketingedesign.com.br\/index.php?rest_route=\/wp\/v2\/posts\/21591","targetHints":{"allow":["GET"]}}],"collection":[{"href":"https:\/\/construcaocivil.siriusmarketingedesign.com.br\/index.php?rest_route=\/wp\/v2\/posts"}],"about":[{"href":"https:\/\/construcaocivil.siriusmarketingedesign.com.br\/index.php?rest_route=\/wp\/v2\/types\/post"}],"author":[{"embeddable":true,"href":"https:\/\/construcaocivil.siriusmarketingedesign.com.br\/index.php?rest_route=\/wp\/v2\/users\/1"}],"replies":[{"embeddable":true,"href":"https:\/\/construcaocivil.siriusmarketingedesign.com.br\/index.php?rest_route=%2Fwp%2Fv2%2Fcomments&post=21591"}],"version-history":[{"count":0,"href":"https:\/\/construcaocivil.siriusmarketingedesign.com.br\/index.php?rest_route=\/wp\/v2\/posts\/21591\/revisions"}],"wp:featuredmedia":[{"embeddable":true,"href":"https:\/\/construcaocivil.siriusmarketingedesign.com.br\/index.php?rest_route=\/wp\/v2\/media\/21592"}],"wp:attachment":[{"href":"https:\/\/construcaocivil.siriusmarketingedesign.com.br\/index.php?rest_route=%2Fwp%2Fv2%2Fmedia&parent=21591"}],"wp:term":[{"taxonomy":"category","embeddable":true,"href":"https:\/\/construcaocivil.siriusmarketingedesign.com.br\/index.php?rest_route=%2Fwp%2Fv2%2Fcategories&post=21591"},{"taxonomy":"post_tag","embeddable":true,"href":"https:\/\/construcaocivil.siriusmarketingedesign.com.br\/index.php?rest_route=%2Fwp%2Fv2%2Ftags&post=21591"}],"curies":[{"name":"wp","href":"https:\/\/api.w.org\/{rel}","templated":true}]}}