{"id":21597,"date":"2023-04-25T12:51:17","date_gmt":"2023-04-25T15:51:17","guid":{"rendered":"https:\/\/www.jornaldaconstrucaocivil.com.br\/?p=21597"},"modified":"2023-04-25T12:51:17","modified_gmt":"2023-04-25T15:51:17","slug":"dinheiro-para-agricultura-familiar-4o-festival-nacional-da-juventude-rural","status":"publish","type":"post","link":"https:\/\/construcaocivil.siriusmarketingedesign.com.br\/?p=21597","title":{"rendered":"Dinheiro para Agricultura Familiar: 4\u00ba Festival Nacional da Juventude Rural"},"content":{"rendered":"<p class=\"v1ql-align-justify\" style=\"text-align: justify;\">No meio rural brasileiro existem 6,7 milh\u00f5es de jovens entre 16 e 32 anos, segundo a Pesquisa Nacional por Amostra de Domic\u00edlios (PNAD\/IBGE) de 2020. A juventude agricultora familiar \u00e9 a garantia de alimenta\u00e7\u00e3o saud\u00e1vel agora e no futuro: sem sucess\u00e3o rural, n\u00e3o haver\u00e1 produ\u00e7\u00e3o de mais de 70% dos alimentos que consumimos diariamente.<\/p>\n<p class=\"v1ql-align-justify\" style=\"text-align: justify;\">A falta de pol\u00edticas p\u00fablicas, principalmente as de educa\u00e7\u00e3o e de acesso \u00e0 internet no campo, contribuem para que jovens desistam de viver no meio rural. Segundo dados da PNAD\/IBGE, desde 2018, mais de 800 mil jovens migraram do campo para a cidade. &#8220;\u00c9 urgente trazer para o centro do debate a import\u00e2ncia dos\/as jovens rurais para a seguran\u00e7a e soberania alimentar e nutricional de nosso Pa\u00eds. E esse \u00e9 um dos objetivos do 4\u00ba Festival Nacional da Juventude Rural&#8221;, destacou a secret\u00e1ria de Jovens da CONTAG, M\u00f4nica Bufon.<\/p>\n<p class=\"v1ql-align-justify\" style=\"text-align: justify;\">Com o objetivo de fazer um debate pol\u00edtico sobre o desmonte das pol\u00edticas p\u00fablicas da juventude, da agricultura familiar, do meio ambiente e dos direitos humanos, bem como evidenciar a diversidade cultural no Pa\u00eds e trocar experi\u00eancias e conhecimentos, ser\u00e1 realizado o 4\u00ba Festival Nacional da Juventude Rural nos dias 25 a 27 de abril de 2023, no pavilh\u00e3o do Parque da Cidade, em Bras\u00edlia\/DF.<\/p>\n<p class=\"v1ql-align-justify\" style=\"text-align: justify;\">A programa\u00e7\u00e3o contar\u00e1 com momentos de debate pol\u00edtico, apresenta\u00e7\u00f5es culturais, mostra da produ\u00e7\u00e3o da juventude rural, dezenas de oficinas formativas e uma caminhada pela Esplanada dos Minist\u00e9rios onde ser\u00e3o visibilizadas as reivindica\u00e7\u00f5es dos\/as jovens do campo, da floresta e das \u00e1guas. \u00c9 o momento em que a juventude rural mostrar\u00e1 para a sociedade suas demandas, sua cultura, seu entusiasmo e sua vontade de transformar a realidade do Pa\u00eds. Tamb\u00e9m ser\u00e1 realizada uma Sess\u00e3o Solene no Plen\u00e1rio da C\u00e2mara dos Deputados, na quarta-feira (26), \u00e0s 10 horas, em homenagem ao Festival, promovida pelo deputado Carlos Veras (PT-PE). Ser\u00e3o mais de 5 mil jovens de todo o Pa\u00eds, incluindo uma delega\u00e7\u00e3o internacional com jovens representando 21 organiza\u00e7\u00f5es de 15 pa\u00edses para conhecer e trocar experi\u00eancias.<\/p>\n<p class=\"v1ql-align-justify\" style=\"text-align: justify;\">Com o tema &#8220;Semeando Resist\u00eancia e Cultivando um Mundo Novo&#8221;, a secret\u00e1ria de Jovens da CONTAG disse que a juventude rural defende a maior participa\u00e7\u00e3o pol\u00edtica da juventude, assim como a preserva\u00e7\u00e3o e recupera\u00e7\u00e3o do meio ambiente, o incentivo \u00e0 agroecologia, a educa\u00e7\u00e3o do campo, a gera\u00e7\u00e3o de trabalho e renda, o respeito \u00e0s diversidades, fortalecimento da comunica\u00e7\u00e3o popular, o acesso a tecnologias de informa\u00e7\u00e3o e comunica\u00e7\u00e3o no campo e pela reconstru\u00e7\u00e3o das pol\u00edticas p\u00fablicas para o fortalecimento da agricultura familiar e sucess\u00e3o rural.<\/p>\n<p class=\"v1ql-align-justify\" style=\"text-align: justify;\">\n<p class=\"v1ql-align-justify\" style=\"text-align: justify;\"><strong>O QUE \u00c9 O FESTIVAL DA JUVENTUDE RURAL?<\/strong><\/p>\n<p class=\"v1ql-align-justify\" style=\"text-align: justify;\">O Festival \u00e9 uma grande a\u00e7\u00e3o protagonizada pela juventude rural com car\u00e1ter de forma\u00e7\u00e3o, debate, press\u00e3o pol\u00edtica, mobiliza\u00e7\u00e3o, apresenta\u00e7\u00e3o de express\u00f5es culturais e da produ\u00e7\u00e3o agr\u00edcola dos\/as jovens e tamb\u00e9m de troca de experi\u00eancias.<\/p>\n<p class=\"v1ql-align-justify\" style=\"text-align: justify;\">A coordena\u00e7\u00e3o \u00e9 da Confedera\u00e7\u00e3o Nacional dos Trabalhadores Rurais Agricultores e Agricultoras Familiares (CONTAG), em especial da Secretaria de Jovens, em articula\u00e7\u00e3o com a Comiss\u00e3o Nacional de Jovens Trabalhadores e Trabalhadoras Rurais (CNJTTR), com as Comiss\u00f5es Estaduais, Diretorias das 27 Federa\u00e7\u00f5es filiados e com os Sindicatos dos Trabalhadores e Trabalhadoras Rurais.<\/p>\n<p class=\"v1ql-align-justify\" style=\"text-align: justify;\">J\u00e1 foram realizadas tr\u00eas edi\u00e7\u00f5es do Festival Nacional da Juventude: nos anos de 2007, 2010 e 2015. Cada um deles contou com a participa\u00e7\u00e3o de cinco mil jovens rurais de todo o Brasil e trouxe avan\u00e7os como o Cons\u00f3rcio Social da Juventude Rural Rita Quadros, assinaturas de editais de fomento para projetos de cooperativas e associa\u00e7\u00f5es de jovens e proposta de elabora\u00e7\u00e3o do Plano Nacional de Juventude e Sucess\u00e3o Rural, por exemplo.<\/p>\n<p class=\"v1ql-align-justify\" style=\"text-align: justify;\">Os festivais sempre tiveram como objetivo destacar o protagonismo da juventude no projeto de desenvolvimento rural que valoriza a agricultura familiar, para promover a soberania alimentar e condi\u00e7\u00f5es dignas de vida e de trabalho no campo, com sustentabilidade e solidariedade.<\/p>\n<p class=\"v1ql-align-justify\" style=\"text-align: justify;\">\n<p class=\"v1ql-align-justify\" style=\"text-align: justify;\"><strong>PROGRAMA\u00c7\u00c3O DO 4\u00ba FESTIVAL<\/strong><\/p>\n<p class=\"v1ql-align-justify\" style=\"text-align: justify;\">Nos dias 25 e 26 de abril, a programa\u00e7\u00e3o ser\u00e1 totalmente realizada dentro do Pavilh\u00e3o e na \u00e1rea externa, com v\u00e1rias tendas.<\/p>\n<p class=\"v1ql-align-justify\" style=\"text-align: justify;\">A abertura est\u00e1 prevista para 14h30. \u00c0s 17h30 ser\u00e1 o in\u00edcio da Mostra de Saberes e Sabores da Juventude Rural e Troca de Sementes.<\/p>\n<p class=\"v1ql-align-justify\" style=\"text-align: justify;\">No segundo dia (26), a programa\u00e7\u00e3o contar\u00e1 com v\u00e1rias atividades simult\u00e2neas, entre pain\u00e9is, oficinas, roda de conversa, apresenta\u00e7\u00f5es culturais, Sess\u00e3o Solene na C\u00e2mara dos Deputados entre outros momentos.<\/p>\n<p class=\"v1ql-align-justify\" style=\"text-align: justify;\">J\u00e1 no terceiro e \u00faltimo dia acontecer\u00e1 a tradicional caminhada da juventude rural em dire\u00e7\u00e3o \u00e0 Esplanada dos Minist\u00e9rios.<\/p>\n<p class=\"v1ql-align-justify\" style=\"text-align: justify;\">Veja a programa\u00e7\u00e3o na \u00edntegra:<span style=\"color: #0000ff;\"> https:\/\/bit.ly\/41RQZfD<\/span><\/p>\n","protected":false},"excerpt":{"rendered":"<p>No meio rural brasileiro existem 6,7 milh\u00f5es de jovens entre 16 e 32 anos, segundo a Pesquisa Nacional por Amostra de Domic\u00edlios (PNAD\/IBGE) de 2020. A juventude agricultora familiar \u00e9 a garantia de alimenta\u00e7\u00e3o saud\u00e1vel agora e no futuro: sem sucess\u00e3o rural, n\u00e3o haver\u00e1 produ\u00e7\u00e3o de mais de 70% dos alimentos que consumimos diariamente. A [&hellip;]<\/p>\n","protected":false},"author":1,"featured_media":21600,"comment_status":"open","ping_status":"open","sticky":false,"template":"","format":"standard","meta":{"_uag_custom_page_level_css":"","footnotes":""},"categories":[27],"tags":[25289,18133,1569,17449,21009],"class_list":["post-21597","post","type-post","status-publish","format-standard","has-post-thumbnail","hentry","category-acontece","tag-agriculturafamiliar","tag-alimento-saudavel","tag-brasilia","tag-contag","tag-fome-no-brasil"],"blocksy_meta":[],"spectra_blocks_featured_image_url":{"thumbnail":{"url":"https:\/\/construcaocivil.siriusmarketingedesign.com.br\/wp-content\/uploads\/2023\/04\/c3dfff31-65e4-47d3-836a-4ddf29018b92-150x150.jpeg","width":150,"height":150},"medium":{"url":"https:\/\/construcaocivil.siriusmarketingedesign.com.br\/wp-content\/uploads\/2023\/04\/c3dfff31-65e4-47d3-836a-4ddf29018b92-300x183.jpeg","width":300,"height":183},"medium_large":{"url":"https:\/\/construcaocivil.siriusmarketingedesign.com.br\/wp-content\/uploads\/2023\/04\/c3dfff31-65e4-47d3-836a-4ddf29018b92-768x470.jpeg","width":768,"height":470},"large":{"url":"https:\/\/construcaocivil.siriusmarketingedesign.com.br\/wp-content\/uploads\/2023\/04\/c3dfff31-65e4-47d3-836a-4ddf29018b92-1024x626.jpeg","width":1024,"height":626},"full":{"url":"https:\/\/construcaocivil.siriusmarketingedesign.com.br\/wp-content\/uploads\/2023\/04\/c3dfff31-65e4-47d3-836a-4ddf29018b92.jpeg","width":1148,"height":702}},"spectra_blocks_author_info":{"display_name":"Jornal da Constru\u00e7\u00e3o Civil","avatar_url":"https:\/\/secure.gravatar.com\/avatar\/973c9774fd44ddaceb026973c4962faa70fc512bc4c9da68e8ebb40fecee6540?s=96&d=mm&r=g","author_link":"https:\/\/construcaocivil.siriusmarketingedesign.com.br\/?author=1","description":"Desde de 2013, levando muitas informa\u00e7\u00f5es, lan\u00e7amentos e produtos de qualidade para toda cadeia produtiva da constru\u00e7\u00e3o. O Futuro da constru\u00e7\u00e3o passa por aqui,"},"uagb_featured_image_src":{"full":["https:\/\/construcaocivil.siriusmarketingedesign.com.br\/wp-content\/uploads\/2023\/04\/c3dfff31-65e4-47d3-836a-4ddf29018b92.jpeg",1148,702,false],"thumbnail":["https:\/\/construcaocivil.siriusmarketingedesign.com.br\/wp-content\/uploads\/2023\/04\/c3dfff31-65e4-47d3-836a-4ddf29018b92-150x150.jpeg",150,150,true],"medium":["https:\/\/construcaocivil.siriusmarketingedesign.com.br\/wp-content\/uploads\/2023\/04\/c3dfff31-65e4-47d3-836a-4ddf29018b92-300x183.jpeg",300,183,true],"medium_large":["https:\/\/construcaocivil.siriusmarketingedesign.com.br\/wp-content\/uploads\/2023\/04\/c3dfff31-65e4-47d3-836a-4ddf29018b92-768x470.jpeg",768,470,true],"large":["https:\/\/construcaocivil.siriusmarketingedesign.com.br\/wp-content\/uploads\/2023\/04\/c3dfff31-65e4-47d3-836a-4ddf29018b92-1024x626.jpeg",1024,626,true],"1536x1536":["https:\/\/construcaocivil.siriusmarketingedesign.com.br\/wp-content\/uploads\/2023\/04\/c3dfff31-65e4-47d3-836a-4ddf29018b92.jpeg",1148,702,false],"2048x2048":["https:\/\/construcaocivil.siriusmarketingedesign.com.br\/wp-content\/uploads\/2023\/04\/c3dfff31-65e4-47d3-836a-4ddf29018b92.jpeg",1148,702,false]},"uagb_author_info":{"display_name":"Jornal da Constru\u00e7\u00e3o Civil","author_link":"https:\/\/construcaocivil.siriusmarketingedesign.com.br\/?author=1"},"uagb_comment_info":0,"uagb_excerpt":"No meio rural brasileiro existem 6,7 milh\u00f5es de jovens entre 16 e 32 anos, segundo a Pesquisa Nacional por Amostra de Domic\u00edlios (PNAD\/IBGE) de 2020. A juventude agricultora familiar \u00e9 a garantia de alimenta\u00e7\u00e3o saud\u00e1vel agora e no futuro: sem sucess\u00e3o rural, n\u00e3o haver\u00e1 produ\u00e7\u00e3o de mais de 70% dos alimentos que consumimos diariamente. A&hellip;","_links":{"self":[{"href":"https:\/\/construcaocivil.siriusmarketingedesign.com.br\/index.php?rest_route=\/wp\/v2\/posts\/21597","targetHints":{"allow":["GET"]}}],"collection":[{"href":"https:\/\/construcaocivil.siriusmarketingedesign.com.br\/index.php?rest_route=\/wp\/v2\/posts"}],"about":[{"href":"https:\/\/construcaocivil.siriusmarketingedesign.com.br\/index.php?rest_route=\/wp\/v2\/types\/post"}],"author":[{"embeddable":true,"href":"https:\/\/construcaocivil.siriusmarketingedesign.com.br\/index.php?rest_route=\/wp\/v2\/users\/1"}],"replies":[{"embeddable":true,"href":"https:\/\/construcaocivil.siriusmarketingedesign.com.br\/index.php?rest_route=%2Fwp%2Fv2%2Fcomments&post=21597"}],"version-history":[{"count":0,"href":"https:\/\/construcaocivil.siriusmarketingedesign.com.br\/index.php?rest_route=\/wp\/v2\/posts\/21597\/revisions"}],"wp:featuredmedia":[{"embeddable":true,"href":"https:\/\/construcaocivil.siriusmarketingedesign.com.br\/index.php?rest_route=\/wp\/v2\/media\/21600"}],"wp:attachment":[{"href":"https:\/\/construcaocivil.siriusmarketingedesign.com.br\/index.php?rest_route=%2Fwp%2Fv2%2Fmedia&parent=21597"}],"wp:term":[{"taxonomy":"category","embeddable":true,"href":"https:\/\/construcaocivil.siriusmarketingedesign.com.br\/index.php?rest_route=%2Fwp%2Fv2%2Fcategories&post=21597"},{"taxonomy":"post_tag","embeddable":true,"href":"https:\/\/construcaocivil.siriusmarketingedesign.com.br\/index.php?rest_route=%2Fwp%2Fv2%2Ftags&post=21597"}],"curies":[{"name":"wp","href":"https:\/\/api.w.org\/{rel}","templated":true}]}}