{"id":21602,"date":"2023-04-25T13:16:15","date_gmt":"2023-04-25T16:16:15","guid":{"rendered":"https:\/\/www.jornaldaconstrucaocivil.com.br\/?p=21602"},"modified":"2023-04-25T13:16:15","modified_gmt":"2023-04-25T16:16:15","slug":"ana-paula-freire-e-a-nova-diretora-comercial-para-o-negocio-de-construcao-da-dow-na-america-latina","status":"publish","type":"post","link":"https:\/\/construcaocivil.siriusmarketingedesign.com.br\/?p=21602","title":{"rendered":"Ana Paula Freire \u00e9 a nova diretora Comercial para o Neg\u00f3cio de Constru\u00e7\u00e3o da Dow na Am\u00e9rica Latina"},"content":{"rendered":"<p class=\"v1ql-align-justify\" style=\"text-align: justify;\"><span style=\"color: #0000ff;\">Abril de 2023<\/span><strong> \u2013\u00a0<\/strong>A Dow, multinacional do setor qu\u00edmico e petroqu\u00edmico, anunciou Ana Paula Freire como nova diretora comercial para o Neg\u00f3cio de Constru\u00e7\u00e3o da Dow na Am\u00e9rica Latina. Em seu novo cargo, ela ser\u00e1 respons\u00e1vel por desenvolver a estrat\u00e9gia comercial regional e a agenda de crescimento em diversos segmentos da ind\u00fastria da constru\u00e7\u00e3o, visando acelerar o desenvolvimento t\u00e9cnico do setor por meio da inova\u00e7\u00e3o e sustentabilidade. Ana Paula ficar\u00e1 sediada em S\u00e3o Paulo.<\/p>\n<p class=\"v1ql-align-justify\" style=\"text-align: justify;\">&#8220;Tenho muito orgulho de fazer parte da Dow e de ter constru\u00eddo minha carreira na empresa. \u00c9 com muita gratid\u00e3o e energia que inicio esta nova jornada no Neg\u00f3cio de Constru\u00e7\u00e3o da Dow na Am\u00e9rica Latina. Sempre comprometida com a inova\u00e7\u00e3o, sustentabilidade e a experi\u00eancia dos nossos clientes. &#8220;<\/p>\n<p class=\"v1ql-align-justify\" style=\"text-align: justify;\">Ana Paula come\u00e7ou sua carreira na Dow, em 2012 na cidade de S\u00e3o Paulo, como engenheira de Aplica\u00e7\u00e3o no Neg\u00f3cio de Constru\u00e7\u00e3o. Depois, ocupou o cargo de gerente de Marketing no Neg\u00f3cio de Solu\u00e7\u00f5es Industriais, bem como gerente de Produto para as Linhas de \u00c9teres de Celulose, Pol\u00edmeros Redispers\u00edveis e Silicones no Neg\u00f3cio de Constru\u00e7\u00e3o. Recentemente, Ana Paula trabalhou como gerente de Produto para o Portf\u00f3lio de Poliglic\u00f3is, Surfactantes e Lubrificantes do Neg\u00f3cio de Solu\u00e7\u00f5es Industriais e foi respons\u00e1vel pelo gerenciamento da planta produtiva do portf\u00f3lio no Brasil.<\/p>\n<p style=\"text-align: justify;\">Ana Paula \u00e9 graduada em Engenharia Qu\u00edmica pela Universidade Federal de Minas Gerais (UFMG). \u00c9 mestre em Gest\u00e3o da Inova\u00e7\u00e3o pela Escola de Engenharia de Produ\u00e7\u00e3o da Universidade de S\u00e3o Paulo (USP) e possui MBA pelo programa executivo global OneMBA por meio da Funda\u00e7\u00e3o Getulio Vargas (FGV).<\/p>\n<p style=\"text-align: justify;\">\n","protected":false},"excerpt":{"rendered":"<p>Abril de 2023 \u2013\u00a0A Dow, multinacional do setor qu\u00edmico e petroqu\u00edmico, anunciou Ana Paula Freire como nova diretora comercial para o Neg\u00f3cio de Constru\u00e7\u00e3o da Dow na Am\u00e9rica Latina. Em seu novo cargo, ela ser\u00e1 respons\u00e1vel por desenvolver a estrat\u00e9gia comercial regional e a agenda de crescimento em diversos segmentos da ind\u00fastria da constru\u00e7\u00e3o, visando [&hellip;]<\/p>\n","protected":false},"author":1,"featured_media":21603,"comment_status":"open","ping_status":"open","sticky":false,"template":"","format":"standard","meta":{"_uag_custom_page_level_css":"","footnotes":""},"categories":[33],"tags":[24723,24624,25290,3803],"class_list":["post-21602","post","type-post","status-publish","format-standard","has-post-thumbnail","hentry","category-mercado","tag-construcaocivil","tag-servicosdeobras","tag-solucoesquimicas","tag-dow"],"blocksy_meta":[],"spectra_blocks_featured_image_url":{"thumbnail":{"url":"https:\/\/construcaocivil.siriusmarketingedesign.com.br\/wp-content\/uploads\/2023\/04\/DOW-AB-150x150.jpg","width":150,"height":150},"medium":{"url":"https:\/\/construcaocivil.siriusmarketingedesign.com.br\/wp-content\/uploads\/2023\/04\/DOW-AB-300x268.jpg","width":300,"height":268},"medium_large":{"url":"https:\/\/construcaocivil.siriusmarketingedesign.com.br\/wp-content\/uploads\/2023\/04\/DOW-AB.jpg","width":411,"height":367},"large":{"url":"https:\/\/construcaocivil.siriusmarketingedesign.com.br\/wp-content\/uploads\/2023\/04\/DOW-AB.jpg","width":411,"height":367},"full":{"url":"https:\/\/construcaocivil.siriusmarketingedesign.com.br\/wp-content\/uploads\/2023\/04\/DOW-AB.jpg","width":411,"height":367}},"spectra_blocks_author_info":{"display_name":"Jornal da Constru\u00e7\u00e3o Civil","avatar_url":"https:\/\/secure.gravatar.com\/avatar\/973c9774fd44ddaceb026973c4962faa70fc512bc4c9da68e8ebb40fecee6540?s=96&d=mm&r=g","author_link":"https:\/\/construcaocivil.siriusmarketingedesign.com.br\/?author=1","description":"Desde de 2013, levando muitas informa\u00e7\u00f5es, lan\u00e7amentos e produtos de qualidade para toda cadeia produtiva da constru\u00e7\u00e3o. O Futuro da constru\u00e7\u00e3o passa por aqui,"},"uagb_featured_image_src":{"full":["https:\/\/construcaocivil.siriusmarketingedesign.com.br\/wp-content\/uploads\/2023\/04\/DOW-AB.jpg",411,367,false],"thumbnail":["https:\/\/construcaocivil.siriusmarketingedesign.com.br\/wp-content\/uploads\/2023\/04\/DOW-AB-150x150.jpg",150,150,true],"medium":["https:\/\/construcaocivil.siriusmarketingedesign.com.br\/wp-content\/uploads\/2023\/04\/DOW-AB-300x268.jpg",300,268,true],"medium_large":["https:\/\/construcaocivil.siriusmarketingedesign.com.br\/wp-content\/uploads\/2023\/04\/DOW-AB.jpg",411,367,false],"large":["https:\/\/construcaocivil.siriusmarketingedesign.com.br\/wp-content\/uploads\/2023\/04\/DOW-AB.jpg",411,367,false],"1536x1536":["https:\/\/construcaocivil.siriusmarketingedesign.com.br\/wp-content\/uploads\/2023\/04\/DOW-AB.jpg",411,367,false],"2048x2048":["https:\/\/construcaocivil.siriusmarketingedesign.com.br\/wp-content\/uploads\/2023\/04\/DOW-AB.jpg",411,367,false]},"uagb_author_info":{"display_name":"Jornal da Constru\u00e7\u00e3o Civil","author_link":"https:\/\/construcaocivil.siriusmarketingedesign.com.br\/?author=1"},"uagb_comment_info":0,"uagb_excerpt":"Abril de 2023 \u2013\u00a0A Dow, multinacional do setor qu\u00edmico e petroqu\u00edmico, anunciou Ana Paula Freire como nova diretora comercial para o Neg\u00f3cio de Constru\u00e7\u00e3o da Dow na Am\u00e9rica Latina. Em seu novo cargo, ela ser\u00e1 respons\u00e1vel por desenvolver a estrat\u00e9gia comercial regional e a agenda de crescimento em diversos segmentos da ind\u00fastria da constru\u00e7\u00e3o, visando&hellip;","_links":{"self":[{"href":"https:\/\/construcaocivil.siriusmarketingedesign.com.br\/index.php?rest_route=\/wp\/v2\/posts\/21602","targetHints":{"allow":["GET"]}}],"collection":[{"href":"https:\/\/construcaocivil.siriusmarketingedesign.com.br\/index.php?rest_route=\/wp\/v2\/posts"}],"about":[{"href":"https:\/\/construcaocivil.siriusmarketingedesign.com.br\/index.php?rest_route=\/wp\/v2\/types\/post"}],"author":[{"embeddable":true,"href":"https:\/\/construcaocivil.siriusmarketingedesign.com.br\/index.php?rest_route=\/wp\/v2\/users\/1"}],"replies":[{"embeddable":true,"href":"https:\/\/construcaocivil.siriusmarketingedesign.com.br\/index.php?rest_route=%2Fwp%2Fv2%2Fcomments&post=21602"}],"version-history":[{"count":0,"href":"https:\/\/construcaocivil.siriusmarketingedesign.com.br\/index.php?rest_route=\/wp\/v2\/posts\/21602\/revisions"}],"wp:featuredmedia":[{"embeddable":true,"href":"https:\/\/construcaocivil.siriusmarketingedesign.com.br\/index.php?rest_route=\/wp\/v2\/media\/21603"}],"wp:attachment":[{"href":"https:\/\/construcaocivil.siriusmarketingedesign.com.br\/index.php?rest_route=%2Fwp%2Fv2%2Fmedia&parent=21602"}],"wp:term":[{"taxonomy":"category","embeddable":true,"href":"https:\/\/construcaocivil.siriusmarketingedesign.com.br\/index.php?rest_route=%2Fwp%2Fv2%2Fcategories&post=21602"},{"taxonomy":"post_tag","embeddable":true,"href":"https:\/\/construcaocivil.siriusmarketingedesign.com.br\/index.php?rest_route=%2Fwp%2Fv2%2Ftags&post=21602"}],"curies":[{"name":"wp","href":"https:\/\/api.w.org\/{rel}","templated":true}]}}