{"id":21607,"date":"2023-04-25T18:38:25","date_gmt":"2023-04-25T21:38:25","guid":{"rendered":"https:\/\/www.jornaldaconstrucaocivil.com.br\/?p=21607"},"modified":"2023-04-25T18:38:25","modified_gmt":"2023-04-25T21:38:25","slug":"escravidao-digital-seguindo-a-australia-italia-regulamenta-pagamento-de-conteudo-por-big-techs-a-empresas-jornalisticas","status":"publish","type":"post","link":"https:\/\/construcaocivil.siriusmarketingedesign.com.br\/?p=21607","title":{"rendered":"Escravid\u00e3o Digital: Seguindo a Austr\u00e1lia, It\u00e1lia regulamenta pagamento de conte\u00fado por Big Techs a empresas jornal\u00edsticas"},"content":{"rendered":"<p><em>Por MEDIATALKS<\/em><\/p>\n<p class=\"\" style=\"text-align: justify;\">A It\u00e1lia seguiu os passos da pioneira Austr\u00e1lia e estabeleceu uma regulamenta\u00e7\u00e3o para acabar com as brigas de empresas jornal\u00edsticas com as gigantes m\u00eddias digitais, como Facebook e Google, em torno do pagamento pelo uso do conte\u00fado.<\/p>\n<p class=\"\" style=\"text-align: justify;\">A AgCom, ag\u00eancia reguladora do setor de telecomunica\u00e7\u00f5es no pa\u00eds, publicou uma norma com crit\u00e9rios para que os meios de comunica\u00e7\u00e3o sejam recompensados \u2018com justi\u00e7a\u2019 \u00a0pelas BigTechs que utilizam trechos de not\u00edcias em seus resultados de buscas ou em feeds.<\/p>\n<p class=\"\" style=\"text-align: justify;\">A ideia \u00e9 estimular que os ve\u00edculos fechem acordos com empresas como o Google e a Meta (dona do Facebook) em bases satisfat\u00f3rias para os ve\u00edculos de imprensa.<\/p>\n<div id=\"eaa_after_nth_p\" class=\"eaa-wrapper eaa_after_nth_p eaa_desktop\" style=\"text-align: justify;\">\n<div class=\"eaa-ad\">\n<div id=\"banner-300x250-area\"><\/div>\n<\/div>\n<\/div>\n<h2 class=\"\" style=\"text-align: justify;\">Regulamenta\u00e7\u00e3o da m\u00eddia digital come\u00e7ou na Austr\u00e1lia<\/h2>\n<p class=\"\" style=\"text-align: justify;\">O embate entre o jornalismo e as Big Techs que dominam o setor de m\u00eddia digital come\u00e7ou quando as receitas publicit\u00e1rias das empresas jornal\u00edsticas migraram para as plataformas digitais, afetando a sustentabilidade financeira da ind\u00fastria de not\u00edcias e a pr\u00f3pria democracia, pela redu\u00e7\u00e3o do jornalismo investigativo e fechamento de publica\u00e7\u00f5es.<\/p>\n<p class=\"\" style=\"text-align: justify;\">A Austr\u00e1lia foi a primeira a encarar a briga do pagamento pelo uso do conte\u00fado, mesmo enfrentando resist\u00eancia das grandes plataformas de m\u00eddia digital.<\/p>\n<p class=\"\" style=\"text-align: justify;\">Em 2021 o pa\u00eds acabou vencendo a queda-de-bra\u00e7o e imp\u00f4s o mecanismo de arbitragem caso n\u00e3o haja acordo entre as partes \u2013 e os acordos come\u00e7aram a sair em seguida.<\/p>\n<p class=\"\" style=\"text-align: justify;\">\n<blockquote class=\"block-related-posts\"><p>Leia tamb\u00e9m |\u00a0<a title=\"News Corp e Facebook firmam acordo hist\u00f3rico ap\u00f3s aprova\u00e7\u00e3o da nova lei das m\u00eddias sociais na Austr\u00e1lia\" href=\"https:\/\/mediatalks.uol.com.br\/2021\/03\/16\/6931\/\" target=\"_blank\" rel=\"noopener\">News Corp e Facebook firmam acordo hist\u00f3rico ap\u00f3s aprova\u00e7\u00e3o da nova lei das m\u00eddias sociais na Austr\u00e1lia<\/a><\/p>\n<div id=\"eaa_after_nth_p_1\" class=\"eaa-wrapper eaa_after_nth_p_1 eaa_desktop\">\n<div class=\"eaa-ad\">\n<div class=\"aligncenter\">\n<div id=\"banner-728x90-area\"><\/div>\n<\/div>\n<\/div>\n<\/div>\n<p><a title=\"News Corp e Facebook firmam acordo hist\u00f3rico ap\u00f3s aprova\u00e7\u00e3o da nova lei das m\u00eddias sociais na Austr\u00e1lia\" href=\"https:\/\/mediatalks.uol.com.br\/2021\/03\/16\/6931\/\" target=\"_blank\" rel=\"noopener\"><img loading=\"lazy\" decoding=\"async\" class=\"attachment-medium size-medium wp-post-image wpsmartcrop-image wpsmartcrop-rendered\" src=\"https:\/\/mediatalks.uol.com.br\/wp-content\/webp-express\/webp-images\/uploads\/2021\/03\/solen-feyissa-iurEAyYyU_c-unsplash-scaled-300x209.jpg.webp\" sizes=\"auto, (max-width: 300px) 100vw, 300px\" srcset=\"https:\/\/mediatalks.uol.com.br\/wp-content\/webp-express\/webp-images\/uploads\/2021\/03\/solen-feyissa-iurEAyYyU_c-unsplash-scaled-300x209.jpg.webp 300w,  https:\/\/mediatalks.uol.com.br\/wp-content\/webp-express\/webp-images\/uploads\/2021\/03\/solen-feyissa-iurEAyYyU_c-unsplash-scaled-1024x712.jpg.webp 1024w,   https:\/\/mediatalks.uol.com.br\/wp-content\/uploads\/2021\/03\/solen-feyissa-iurEAyYyU_c-unsplash-scaled-768x534.jpg 768w,   https:\/\/mediatalks.uol.com.br\/wp-content\/uploads\/2021\/03\/solen-feyissa-iurEAyYyU_c-unsplash-scaled-1536x1068.jpg 1536w,   https:\/\/mediatalks.uol.com.br\/wp-content\/uploads\/2021\/03\/solen-feyissa-iurEAyYyU_c-unsplash-scaled-2048x1424.jpg 2048w,   https:\/\/mediatalks.uol.com.br\/wp-content\/uploads\/2021\/03\/solen-feyissa-iurEAyYyU_c-unsplash-scaled-16x12.jpg 16w,   https:\/\/mediatalks.uol.com.br\/wp-content\/uploads\/2021\/03\/solen-feyissa-iurEAyYyU_c-unsplash-scaled-1600x1113.jpg 1600w,   https:\/\/mediatalks.uol.com.br\/wp-content\/uploads\/2021\/03\/solen-feyissa-iurEAyYyU_c-unsplash-scaled-360x250.jpg 360w,  https:\/\/mediatalks.uol.com.br\/wp-content\/webp-express\/webp-images\/uploads\/2021\/03\/solen-feyissa-iurEAyYyU_c-unsplash-scaled-720x500.jpg.webp 720w\" alt=\"\" width=\"300\" height=\"209\" data-smartcrop-focus=\"[50,50]\" \/><\/a><\/p><\/blockquote>\n<p style=\"text-align: justify;\">\n<p class=\"\" style=\"text-align: justify;\">Ap\u00f3s a aprova\u00e7\u00e3o da lei australiana, a Fran\u00e7a tamb\u00e9m buscou a remunera\u00e7\u00e3o de conte\u00fado jornal\u00edstico pelos grandes da m\u00eddia digital, mas as negocia\u00e7\u00f5es iniciais n\u00e3o agradaram ao setor nem ao \u00f3rg\u00e3o regulador do pa\u00eds, que em agosto de 202o aplicou uma multa de 500 milh\u00f5es de euros ao Google.<\/p>\n<p class=\"\" style=\"text-align: justify;\">Oito meses depois, a empresa de buscas chegou a um acordo com uma alian\u00e7a de jornais do pa\u00eds para remunerar os editores pela exibi\u00e7\u00e3o de conte\u00fado produzido por eles em buscas online.<\/p>\n<p class=\"\" style=\"text-align: justify;\">\n<blockquote class=\"block-related-posts\"><p>Leia tamb\u00e9m |\u00a0<a title=\"Ap\u00f3s multa de \u20ac 500 milh\u00f5es, Google vai remunerar jornais na Fran\u00e7a por exibi\u00e7\u00e3o de conte\u00fado\" href=\"https:\/\/mediatalks.uol.com.br\/2022\/03\/10\/apos-multa-de-500-milhoes-de-euros-google-fecha-acordo-com-jornais-na-franca-e-vai-pagar-por-uso-de-conteudo\/\" target=\"_blank\" rel=\"noopener\">Ap\u00f3s multa de \u20ac 500 milh\u00f5es, Google vai remunerar jornais na Fran\u00e7a por exibi\u00e7\u00e3o de conte\u00fado<\/a><\/p>\n<p><a title=\"Ap\u00f3s multa de \u20ac 500 milh\u00f5es, Google vai remunerar jornais na Fran\u00e7a por exibi\u00e7\u00e3o de conte\u00fado\" href=\"https:\/\/mediatalks.uol.com.br\/2022\/03\/10\/apos-multa-de-500-milhoes-de-euros-google-fecha-acordo-com-jornais-na-franca-e-vai-pagar-por-uso-de-conteudo\/\" target=\"_blank\" rel=\"noopener\"><img loading=\"lazy\" decoding=\"async\" class=\"attachment-medium size-medium wp-post-image wpsmartcrop-image wpsmartcrop-rendered\" src=\"https:\/\/mediatalks.uol.com.br\/wp-content\/webp-express\/webp-images\/uploads\/2023\/03\/Google-Franca-300x199.jpg.webp\" sizes=\"auto, (max-width: 300px) 100vw, 300px\" srcset=\"https:\/\/mediatalks.uol.com.br\/wp-content\/webp-express\/webp-images\/uploads\/2023\/03\/Google-Franca-300x199.jpg.webp 300w,  https:\/\/mediatalks.uol.com.br\/wp-content\/webp-express\/webp-images\/uploads\/2023\/03\/Google-Franca-768x509.jpg.webp 768w,   https:\/\/mediatalks.uol.com.br\/wp-content\/uploads\/2023\/03\/Google-Franca-18x12.jpg 18w,  https:\/\/mediatalks.uol.com.br\/wp-content\/webp-express\/webp-images\/uploads\/2023\/03\/Google-Franca.jpg.webp 812w\" alt=\"\" width=\"300\" height=\"199\" data-smartcrop-focus=\"[50,40]\" \/><\/a><\/p><\/blockquote>\n<p style=\"text-align: justify;\">\n<h2 class=\"\" style=\"text-align: justify;\">Est\u00edmulo \u00e0 remunera\u00e7\u00e3o justa<\/h2>\n<p class=\"\" style=\"text-align: justify;\">A regulamenta\u00e7\u00e3o italiana, publicada em janeiro, faz parte do movimento legislativo iniciado com a diretiva da Uni\u00e3o Europeia sobre direitos autorais, de 2019, e a legisla\u00e7\u00e3o italiana sobre o tema, em vigor desde dezembro de 2021.<\/p>\n<p class=\"\" style=\"text-align: justify;\">A norma, que levou um ano para ser elaborada, fala em definir uma \u201cremunera\u00e7\u00e3o justa pelo uso online de publica\u00e7\u00f5es jornal\u00edsticas\u201d.<\/p>\n<p class=\"\" style=\"text-align: justify;\">O texto aprovado estalece que, ap\u00f3s acordo com as plataformas digitais, as empresas jornal\u00edsticas podem receber at\u00e9 70% da receita publicit\u00e1ria proveniente da ve\u00edcula\u00e7\u00e3o de conte\u00fado online de car\u00e1ter informativo.<\/p>\n<p class=\"\" style=\"text-align: justify;\">A medida se aplica a qualquer formato, seja texto, v\u00eddeo, galerias de fotos e at\u00e9 podcasts.<\/p>\n<p class=\"\" style=\"text-align: justify;\">A AgCom explica que o teto de 70% foi pensado para trazer flexibilidade aos acordos que ser\u00e3o celebrados daqui para a frente. Em nota, a ag\u00eancia justificou a medida:<\/p>\n<blockquote class=\"\">\n<p class=\"\">\u201cO regulamento tem como principal objetivo incentivar acordos inspirados em pr\u00e1ticas comerciais e modelos de neg\u00f3cios adotados no mercado.\u201d<\/p>\n<\/blockquote>\n<p class=\"\" style=\"text-align: justify;\">Apesar de falar em flexibilidade, a ag\u00eancia estabeleceu v\u00e1rios crit\u00e9rios que devem ser levados em conta na hora de negociar e determinar as compensa\u00e7\u00f5es financeiras. Alguns deles s\u00e3o:<\/p>\n<ul class=\"\" style=\"text-align: justify;\">\n<li>N\u00fameros de audi\u00eancia online do material veiculado;<\/li>\n<li>Relev\u00e2ncia do ve\u00edculo no mercado (audi\u00eancia e anos de atividade);<\/li>\n<li>N\u00famero de jornalistas empregados;<\/li>\n<li>Valores comprovados pelo ve\u00edculo em investimentos tecnol\u00f3gicos no ambiente online;<\/li>\n<li>Valores comprovados pela plataforma em investimentos tecnol\u00f3gicos dedicados \u00e0 reprodu\u00e7\u00e3o; e<\/li>\n<li>Veicula\u00e7\u00e3o de publica\u00e7\u00f5es jornal\u00edsticas online.<\/li>\n<\/ul>\n<p class=\"\" style=\"text-align: justify;\">Tamb\u00e9m faz parte da regulamenta\u00e7\u00e3o a exig\u00eancia de que ve\u00edculos e plataformas se comprometam a cumprir \u201cpadr\u00f5es internacionais de qualidade da informa\u00e7\u00e3o e checagem de fatos\u201d.<\/p>\n<p class=\"\" style=\"text-align: justify;\">A ideia \u00e9 reconhecer e combater a divulga\u00e7\u00e3o de not\u00edcias falsas, al\u00e9m de proteger valores como a liberdade de express\u00e3o e o pluralismo da informa\u00e7\u00e3o, explicou o presidente da AgCom, Giacomo Lasorella, em entrevista ao jornal La Repubblica:<\/p>\n<blockquote class=\"\">\n<p class=\"\">\u201cOs crit\u00e9rios para avaliar a solidez de um grupo editorial s\u00e3o m\u00faltiplos e complexos.<\/p>\n<p class=\"\">Como a negocia\u00e7\u00e3o envolve quest\u00f5es econ\u00f4micas, os principais s\u00e3o quantitativos, como n\u00fameros de audi\u00eancia e de publicidade distribu\u00edda.<\/p>\n<p class=\"\">Mas tamb\u00e9m devem pesar elementos qualitativos, como o n\u00famero de jornalistas contratados e os esfor\u00e7os dos ve\u00edculos para garantir informa\u00e7\u00e3o de qualidade\u201d.<\/p>\n<\/blockquote>\n<p class=\"\" style=\"text-align: justify;\">Apesar de deixar a negocia\u00e7\u00e3o a cargo das partes interessadas, a regulamenta\u00e7\u00e3o para m\u00eddias digitais da AgCom define poderes de arbitragem nos acordos a serem firmados entre empresas jornal\u00edsticas e m\u00eddias digitais.<\/p>\n<p class=\"\" style=\"text-align: justify;\">Se ap\u00f3s 30 dias de tentativas n\u00e3o houver acordo entre um ve\u00edculo e uma plataforma, a ag\u00eancia pode ser acionada por uma das partes.<\/p>\n<p class=\"\" style=\"text-align: justify;\">A partir de ent\u00e3o, o \u00f3rg\u00e3o ter\u00e1 at\u00e9 60 dias para indicar qual proposta cumpre melhor os crit\u00e9rios do novo regulamento ou apontar diretamente o valor que considera como sendo uma \u201cjusta remunera\u00e7\u00e3o\u201d.<\/p>\n<p class=\"\" style=\"text-align: justify;\">Se ainda assim o contrato n\u00e3o for assinado, o caso pode ser levado pelas partes \u00e0 Justi\u00e7a.<\/p>\n<p class=\"\" style=\"text-align: justify;\">O presidente do \u00f3rg\u00e3o regulador se demonstrou otimista com a possibilidade de acordos volunt\u00e1rios:<\/p>\n<p class=\"\" style=\"text-align: justify;\">\u201cEsperamos que haja poucas disputas entre empresas jornal\u00edsticas e gigantes da Internet. Se houver, poderemos regul\u00e1-los. Nossas regras s\u00e3o construtivas, n\u00e3o queremos punir ningu\u00e9m\u201d, disse Lasorella ao jornal italiano.<\/p>\n<h2 class=\"\" style=\"text-align: justify;\">Rea\u00e7\u00f5es \u00e0 regulamenta\u00e7\u00e3o de pagamento pelas m\u00eddias digitais<\/h2>\n<p class=\"\" style=\"text-align: justify;\">A regulamenta\u00e7\u00e3o do pagamento de conte\u00fado pelas m\u00eddias digitais foi comemorada pela Federa\u00e7\u00e3o Italiana dos Editores de Jornais (Fieg).<\/p>\n<p class=\"\" style=\"text-align: justify;\">\u201c\u00c9 um resultado importante e h\u00e1 muito tempo aguardado. Espera-se que se abra agora uma fase de di\u00e1logo construtivo entre as partes, no compartilhamento de uma reforma necess\u00e1ria para reequilibrar todo o sistema digital\u201d, declarou a entidade.<\/p>\n<p class=\"\" style=\"text-align: justify;\">Segundo o La Repubblica, o Google respondeu \u00e0 aprova\u00e7\u00e3o do regulamento dizendo que colabora com governos e ve\u00edculos jornal\u00edsticos de toda a Uni\u00e3o Europeia, conforme os pa\u00edses implementam a diretiva do bloco dentro de suas legisla\u00e7\u00f5es nacionais.<\/p>\n<blockquote class=\"\">\n<p class=\"\">\u201cDesde 2021, j\u00e1 assinamos acordos de licenciamento com mais de 1 mil ve\u00edculos em 11 pa\u00edses, incluindo Alemanha, Fran\u00e7a e Espanha.\u201d<\/p>\n<\/blockquote>\n<p class=\"\" style=\"text-align: justify;\">A Meta, dona do Facebook, disse que o regulamento italiano ser\u00e1 analisado, mas que a empresa confirma o apoio aos objetivos da diretiva europeia sobre direitos autorais.<\/p>\n<p class=\"\" style=\"text-align: justify;\">As duas empresas t\u00eam programas pr\u00f3prios de remunera\u00e7\u00e3o por conte\u00fado, incluindo na It\u00e1lia.<\/p>\n<p class=\"\" style=\"text-align: justify;\">Mas as regulamenta\u00e7\u00f5es nacionais tendem a se firmar para contemplar mais ve\u00edculos do que apenas os l\u00edderes e tamb\u00e9m para evitar acordos que n\u00e3o agradem ao setor de jornalismo.<\/p>\n<p class=\"\" style=\"text-align: justify;\">\n","protected":false},"excerpt":{"rendered":"<p>Por MEDIATALKS A It\u00e1lia seguiu os passos da pioneira Austr\u00e1lia e estabeleceu uma regulamenta\u00e7\u00e3o para acabar com as brigas de empresas jornal\u00edsticas com as gigantes m\u00eddias digitais, como Facebook e Google, em torno do pagamento pelo uso do conte\u00fado. A AgCom, ag\u00eancia reguladora do setor de telecomunica\u00e7\u00f5es no pa\u00eds, publicou uma norma com crit\u00e9rios para [&hellip;]<\/p>\n","protected":false},"author":1,"featured_media":21608,"comment_status":"open","ping_status":"open","sticky":false,"template":"","format":"standard","meta":{"_uag_custom_page_level_css":"","footnotes":""},"categories":[27],"tags":[22269,24091,1569,20118,25291,25292,13858],"class_list":["post-21607","post","type-post","status-publish","format-standard","has-post-thumbnail","hentry","category-acontece","tag-bigtechs-escravidao-digital","tag-bigtechs-na-justica","tag-brasilia","tag-camara-dos-deputado","tag-jornalistas-no-prejuizo-digital","tag-plataformas-digitais-exploracao-digital","tag-uk-londres"],"blocksy_meta":[],"spectra_blocks_featured_image_url":{"thumbnail":{"url":"https:\/\/construcaocivil.siriusmarketingedesign.com.br\/wp-content\/uploads\/2023\/04\/Big-Techs-Italia-pagamento-conteudo-jornalistico-760x510.jpg-150x150.webp","width":150,"height":150},"medium":{"url":"https:\/\/construcaocivil.siriusmarketingedesign.com.br\/wp-content\/uploads\/2023\/04\/Big-Techs-Italia-pagamento-conteudo-jornalistico-760x510.jpg-300x201.webp","width":300,"height":201},"medium_large":{"url":"https:\/\/construcaocivil.siriusmarketingedesign.com.br\/wp-content\/uploads\/2023\/04\/Big-Techs-Italia-pagamento-conteudo-jornalistico-760x510.jpg.webp","width":760,"height":510},"large":{"url":"https:\/\/construcaocivil.siriusmarketingedesign.com.br\/wp-content\/uploads\/2023\/04\/Big-Techs-Italia-pagamento-conteudo-jornalistico-760x510.jpg.webp","width":760,"height":510},"full":{"url":"https:\/\/construcaocivil.siriusmarketingedesign.com.br\/wp-content\/uploads\/2023\/04\/Big-Techs-Italia-pagamento-conteudo-jornalistico-760x510.jpg.webp","width":760,"height":510}},"spectra_blocks_author_info":{"display_name":"Jornal da Constru\u00e7\u00e3o Civil","avatar_url":"https:\/\/secure.gravatar.com\/avatar\/973c9774fd44ddaceb026973c4962faa70fc512bc4c9da68e8ebb40fecee6540?s=96&d=mm&r=g","author_link":"https:\/\/construcaocivil.siriusmarketingedesign.com.br\/?author=1","description":"Desde de 2013, levando muitas informa\u00e7\u00f5es, lan\u00e7amentos e produtos de qualidade para toda cadeia produtiva da constru\u00e7\u00e3o. O Futuro da constru\u00e7\u00e3o passa por aqui,"},"uagb_featured_image_src":{"full":["https:\/\/construcaocivil.siriusmarketingedesign.com.br\/wp-content\/uploads\/2023\/04\/Big-Techs-Italia-pagamento-conteudo-jornalistico-760x510.jpg.webp",760,510,false],"thumbnail":["https:\/\/construcaocivil.siriusmarketingedesign.com.br\/wp-content\/uploads\/2023\/04\/Big-Techs-Italia-pagamento-conteudo-jornalistico-760x510.jpg-150x150.webp",150,150,true],"medium":["https:\/\/construcaocivil.siriusmarketingedesign.com.br\/wp-content\/uploads\/2023\/04\/Big-Techs-Italia-pagamento-conteudo-jornalistico-760x510.jpg-300x201.webp",300,201,true],"medium_large":["https:\/\/construcaocivil.siriusmarketingedesign.com.br\/wp-content\/uploads\/2023\/04\/Big-Techs-Italia-pagamento-conteudo-jornalistico-760x510.jpg.webp",760,510,false],"large":["https:\/\/construcaocivil.siriusmarketingedesign.com.br\/wp-content\/uploads\/2023\/04\/Big-Techs-Italia-pagamento-conteudo-jornalistico-760x510.jpg.webp",760,510,false],"1536x1536":["https:\/\/construcaocivil.siriusmarketingedesign.com.br\/wp-content\/uploads\/2023\/04\/Big-Techs-Italia-pagamento-conteudo-jornalistico-760x510.jpg.webp",760,510,false],"2048x2048":["https:\/\/construcaocivil.siriusmarketingedesign.com.br\/wp-content\/uploads\/2023\/04\/Big-Techs-Italia-pagamento-conteudo-jornalistico-760x510.jpg.webp",760,510,false]},"uagb_author_info":{"display_name":"Jornal da Constru\u00e7\u00e3o Civil","author_link":"https:\/\/construcaocivil.siriusmarketingedesign.com.br\/?author=1"},"uagb_comment_info":0,"uagb_excerpt":"Por MEDIATALKS A It\u00e1lia seguiu os passos da pioneira Austr\u00e1lia e estabeleceu uma regulamenta\u00e7\u00e3o para acabar com as brigas de empresas jornal\u00edsticas com as gigantes m\u00eddias digitais, como Facebook e Google, em torno do pagamento pelo uso do conte\u00fado. A AgCom, ag\u00eancia reguladora do setor de telecomunica\u00e7\u00f5es no pa\u00eds, publicou uma norma com crit\u00e9rios para&hellip;","_links":{"self":[{"href":"https:\/\/construcaocivil.siriusmarketingedesign.com.br\/index.php?rest_route=\/wp\/v2\/posts\/21607","targetHints":{"allow":["GET"]}}],"collection":[{"href":"https:\/\/construcaocivil.siriusmarketingedesign.com.br\/index.php?rest_route=\/wp\/v2\/posts"}],"about":[{"href":"https:\/\/construcaocivil.siriusmarketingedesign.com.br\/index.php?rest_route=\/wp\/v2\/types\/post"}],"author":[{"embeddable":true,"href":"https:\/\/construcaocivil.siriusmarketingedesign.com.br\/index.php?rest_route=\/wp\/v2\/users\/1"}],"replies":[{"embeddable":true,"href":"https:\/\/construcaocivil.siriusmarketingedesign.com.br\/index.php?rest_route=%2Fwp%2Fv2%2Fcomments&post=21607"}],"version-history":[{"count":0,"href":"https:\/\/construcaocivil.siriusmarketingedesign.com.br\/index.php?rest_route=\/wp\/v2\/posts\/21607\/revisions"}],"wp:featuredmedia":[{"embeddable":true,"href":"https:\/\/construcaocivil.siriusmarketingedesign.com.br\/index.php?rest_route=\/wp\/v2\/media\/21608"}],"wp:attachment":[{"href":"https:\/\/construcaocivil.siriusmarketingedesign.com.br\/index.php?rest_route=%2Fwp%2Fv2%2Fmedia&parent=21607"}],"wp:term":[{"taxonomy":"category","embeddable":true,"href":"https:\/\/construcaocivil.siriusmarketingedesign.com.br\/index.php?rest_route=%2Fwp%2Fv2%2Fcategories&post=21607"},{"taxonomy":"post_tag","embeddable":true,"href":"https:\/\/construcaocivil.siriusmarketingedesign.com.br\/index.php?rest_route=%2Fwp%2Fv2%2Ftags&post=21607"}],"curies":[{"name":"wp","href":"https:\/\/api.w.org\/{rel}","templated":true}]}}