{"id":21635,"date":"2023-04-30T16:00:07","date_gmt":"2023-04-30T19:00:07","guid":{"rendered":"https:\/\/www.jornaldaconstrucaocivil.com.br\/?p=21635"},"modified":"2023-04-30T16:00:07","modified_gmt":"2023-04-30T19:00:07","slug":"agrishow-2023-amadorismo-cancela-patrocinio-do-banco-do-brasil","status":"publish","type":"post","link":"https:\/\/construcaocivil.siriusmarketingedesign.com.br\/?p=21635","title":{"rendered":"#Agrishow 2023: Amadorismo cancela patroc\u00ednio do Banco do Brasil"},"content":{"rendered":"<p><em>Por Vitor Serrano\u00a0<\/em><\/p>\n<p style=\"text-align: justify;\">Abril, 2023 &#8211; N\u00e3o \u00e9 poss\u00edvel uma feira como a AGRISHOW\u00a0 (Organizadores),\u00a0 reconhecida mundialmente que sempre atraiu milhares de pessoas, empresas de alto n\u00edvel, debates inteligentes e, por fim, sempre valorizando o Brasil, agiram infantilmente ao desconvidar o atual Ministro da Agricultura Carlos F\u00e1varo para a abertura de Cerim\u00f4nia da AGRISHOW O problema do desconvite ocorreu na \u00faltima sexta-feira (28).<\/p>\n<h3>Em fala na m\u00eddia, o ministro da Agricultura disse:<em> <span style=\"color: #993300;\"><strong>&#8221; Os organizadores da AGRISHOW n\u00e3o desceram do palanque&#8221;<\/strong><\/span>,<\/em> comentou Carlos F\u00e1varo.<\/h3>\n<p style=\"text-align: justify;\">Na contra partida da falta de governan\u00e7a e sintonia, da AGRISHOW, a maior institui\u00e7\u00e3o de fomento e financiamento ao AGRO BUSSINES, o Banco do Brasil cancelou o patroc\u00ednio ao evento, marcado para come\u00e7ar nesta segunda-feira\u00a0 (01\/05) e segue at\u00e9 sexta-feira (05\/05), na cidade de Ribeir\u00e3o Preto- SP. Ainda assim, o Banco do Brasil informou que mant\u00e9m suas a\u00e7\u00f5es comerciais funcionando normalmente para o setor AGRO.<\/p>\n<p>Convidado oficialmente pela AGRISHOW, o ex-presidente Jair Bolsonaro confirmou sua presen\u00e7a na abertura do evento. Se a AGRISHOW segue \u00e0s pol\u00edticas de ESG, convidar um ex-presidente que incentivou o negacionismo e possui o legado de 700 mil mortes na costas em decorr\u00eancia da pandemia da COVID-19 deve repensar seu modelo de gest\u00e3o.<\/p>\n<div class=\"mc-column content-text active-extra-styles\" data-block-type=\"raw\" data-block-weight=\"3\" data-block-id=\"16\">\n<div class=\"content-intertitle\">\n<h2><span style=\"color: #993300;\">NOTA da Agrishow<\/span><\/h2>\n<\/div>\n<p>&nbsp;<\/p>\n<\/div>\n<div id=\"chunk-7p0u2\">\n<div class=\"mc-column content-text active-extra-styles \" data-block-type=\"unstyled\" data-block-weight=\"81\" data-block-id=\"17\">\n<p class=\"content-text__container \" style=\"text-align: justify;\" data-track-category=\"Link no Texto\" data-track-links=\"\"><em>&#8220;Em virtude de toda a repercuss\u00e3o gerada pela cerim\u00f4nia de abertura da 2\u00aa edi\u00e7\u00e3o da Agrishow, as entidades realizadoras do evento (ABAG \u2013 Associa\u00e7\u00e3o Brasileira do Agroneg\u00f3cio, ABIMAQ \u2013 Associa\u00e7\u00e3o Brasileira de Ind\u00fastria de M\u00e1quinas e Equipamentos, ANDA \u2013 Associa\u00e7\u00e3o Nacional para Difus\u00e3o de Adubos, FAESP \u2013 Federa\u00e7\u00e3o da Agricultura e Pecu\u00e1ria do Estado de S\u00e3o Paulo e SRB \u2013 Sociedade Rural Brasileira), optaram por n\u00e3o realizar solenidade de abertura da feira, prevista para o dia 1\u00ba de maio, \u00e0s 11h.<\/em><\/p>\n<\/div>\n<\/div>\n<div id=\"chunk-ekmhv\" style=\"text-align: justify;\">\n<div class=\"mc-column content-text active-extra-styles \" data-block-type=\"unstyled\" data-block-weight=\"38\" data-block-id=\"18\">\n<p class=\"content-text__container \" data-track-category=\"Link no Texto\" data-track-links=\"\"><em>A Agrishow mant\u00e9m a sua tradi\u00e7\u00e3o de ser a principal vitrine do setor apresentando o que h\u00e1 de mais moderno em tecnologia para o agroneg\u00f3cio, solu\u00e7\u00f5es para pequenas, m\u00e9dias e grandes propriedades, estimulando a realiza\u00e7\u00e3o de neg\u00f3cios.<\/em><\/p>\n<\/div>\n<\/div>\n<div id=\"chunk-1ri4g\">\n<div class=\"mc-column content-text active-extra-styles \" data-block-type=\"unstyled\" data-block-weight=\"26\" data-block-id=\"19\">\n<p class=\"content-text__container \" style=\"text-align: justify;\" data-track-category=\"Link no Texto\" data-track-links=\"\"><em>Reiteramos o convite para que mantenha a sua agenda de visita ao evento para conhecer as inova\u00e7\u00f5es que est\u00e3o ampliando a competitividade e desenvolvimento do setor.&#8221;<\/em><\/p>\n<\/div>\n<\/div>\n<div id=\"chunk-bv7it\">\n<div class=\"block-podcast\"><\/div>\n<\/div>\n","protected":false},"excerpt":{"rendered":"<p>Por Vitor Serrano\u00a0 Abril, 2023 &#8211; N\u00e3o \u00e9 poss\u00edvel uma feira como a AGRISHOW\u00a0 (Organizadores),\u00a0 reconhecida mundialmente que sempre atraiu milhares de pessoas, empresas de alto n\u00edvel, debates inteligentes e, por fim, sempre valorizando o Brasil, agiram infantilmente ao desconvidar o atual Ministro da Agricultura Carlos F\u00e1varo para a abertura de Cerim\u00f4nia da AGRISHOW O [&hellip;]<\/p>\n","protected":false},"author":1,"featured_media":21636,"comment_status":"open","ping_status":"open","sticky":false,"template":"","format":"standard","meta":{"_uag_custom_page_level_css":"","footnotes":""},"categories":[33],"tags":[25309,25311,529,25310,21615,1253,13145],"class_list":["post-21635","post","type-post","status-publish","format-standard","has-post-thumbnail","hentry","category-mercado","tag-agrishow2023","tag-embrapa50anos","tag-agricultura","tag-agrobussines","tag-alimentos-sem-veneno","tag-banco-do-brasil","tag-ministerio-da-agricultura"],"blocksy_meta":[],"spectra_blocks_featured_image_url":{"thumbnail":{"url":"https:\/\/construcaocivil.siriusmarketingedesign.com.br\/wp-content\/uploads\/2023\/04\/52849873990_86d8f30e47_c-150x150.jpg","width":150,"height":150},"medium":{"url":"https:\/\/construcaocivil.siriusmarketingedesign.com.br\/wp-content\/uploads\/2023\/04\/52849873990_86d8f30e47_c-300x160.jpg","width":300,"height":160},"medium_large":{"url":"https:\/\/construcaocivil.siriusmarketingedesign.com.br\/wp-content\/uploads\/2023\/04\/52849873990_86d8f30e47_c-768x409.jpg","width":768,"height":409},"large":{"url":"https:\/\/construcaocivil.siriusmarketingedesign.com.br\/wp-content\/uploads\/2023\/04\/52849873990_86d8f30e47_c.jpg","width":800,"height":426},"full":{"url":"https:\/\/construcaocivil.siriusmarketingedesign.com.br\/wp-content\/uploads\/2023\/04\/52849873990_86d8f30e47_c.jpg","width":800,"height":426}},"spectra_blocks_author_info":{"display_name":"Jornal da Constru\u00e7\u00e3o Civil","avatar_url":"https:\/\/secure.gravatar.com\/avatar\/973c9774fd44ddaceb026973c4962faa70fc512bc4c9da68e8ebb40fecee6540?s=96&d=mm&r=g","author_link":"https:\/\/construcaocivil.siriusmarketingedesign.com.br\/?author=1","description":"Desde de 2013, levando muitas informa\u00e7\u00f5es, lan\u00e7amentos e produtos de qualidade para toda cadeia produtiva da constru\u00e7\u00e3o. O Futuro da constru\u00e7\u00e3o passa por aqui,"},"uagb_featured_image_src":{"full":["https:\/\/construcaocivil.siriusmarketingedesign.com.br\/wp-content\/uploads\/2023\/04\/52849873990_86d8f30e47_c.jpg",800,426,false],"thumbnail":["https:\/\/construcaocivil.siriusmarketingedesign.com.br\/wp-content\/uploads\/2023\/04\/52849873990_86d8f30e47_c-150x150.jpg",150,150,true],"medium":["https:\/\/construcaocivil.siriusmarketingedesign.com.br\/wp-content\/uploads\/2023\/04\/52849873990_86d8f30e47_c-300x160.jpg",300,160,true],"medium_large":["https:\/\/construcaocivil.siriusmarketingedesign.com.br\/wp-content\/uploads\/2023\/04\/52849873990_86d8f30e47_c-768x409.jpg",768,409,true],"large":["https:\/\/construcaocivil.siriusmarketingedesign.com.br\/wp-content\/uploads\/2023\/04\/52849873990_86d8f30e47_c.jpg",800,426,false],"1536x1536":["https:\/\/construcaocivil.siriusmarketingedesign.com.br\/wp-content\/uploads\/2023\/04\/52849873990_86d8f30e47_c.jpg",800,426,false],"2048x2048":["https:\/\/construcaocivil.siriusmarketingedesign.com.br\/wp-content\/uploads\/2023\/04\/52849873990_86d8f30e47_c.jpg",800,426,false]},"uagb_author_info":{"display_name":"Jornal da Constru\u00e7\u00e3o Civil","author_link":"https:\/\/construcaocivil.siriusmarketingedesign.com.br\/?author=1"},"uagb_comment_info":0,"uagb_excerpt":"Por Vitor Serrano\u00a0 Abril, 2023 &#8211; N\u00e3o \u00e9 poss\u00edvel uma feira como a AGRISHOW\u00a0 (Organizadores),\u00a0 reconhecida mundialmente que sempre atraiu milhares de pessoas, empresas de alto n\u00edvel, debates inteligentes e, por fim, sempre valorizando o Brasil, agiram infantilmente ao desconvidar o atual Ministro da Agricultura Carlos F\u00e1varo para a abertura de Cerim\u00f4nia da AGRISHOW O&hellip;","_links":{"self":[{"href":"https:\/\/construcaocivil.siriusmarketingedesign.com.br\/index.php?rest_route=\/wp\/v2\/posts\/21635","targetHints":{"allow":["GET"]}}],"collection":[{"href":"https:\/\/construcaocivil.siriusmarketingedesign.com.br\/index.php?rest_route=\/wp\/v2\/posts"}],"about":[{"href":"https:\/\/construcaocivil.siriusmarketingedesign.com.br\/index.php?rest_route=\/wp\/v2\/types\/post"}],"author":[{"embeddable":true,"href":"https:\/\/construcaocivil.siriusmarketingedesign.com.br\/index.php?rest_route=\/wp\/v2\/users\/1"}],"replies":[{"embeddable":true,"href":"https:\/\/construcaocivil.siriusmarketingedesign.com.br\/index.php?rest_route=%2Fwp%2Fv2%2Fcomments&post=21635"}],"version-history":[{"count":0,"href":"https:\/\/construcaocivil.siriusmarketingedesign.com.br\/index.php?rest_route=\/wp\/v2\/posts\/21635\/revisions"}],"wp:featuredmedia":[{"embeddable":true,"href":"https:\/\/construcaocivil.siriusmarketingedesign.com.br\/index.php?rest_route=\/wp\/v2\/media\/21636"}],"wp:attachment":[{"href":"https:\/\/construcaocivil.siriusmarketingedesign.com.br\/index.php?rest_route=%2Fwp%2Fv2%2Fmedia&parent=21635"}],"wp:term":[{"taxonomy":"category","embeddable":true,"href":"https:\/\/construcaocivil.siriusmarketingedesign.com.br\/index.php?rest_route=%2Fwp%2Fv2%2Fcategories&post=21635"},{"taxonomy":"post_tag","embeddable":true,"href":"https:\/\/construcaocivil.siriusmarketingedesign.com.br\/index.php?rest_route=%2Fwp%2Fv2%2Ftags&post=21635"}],"curies":[{"name":"wp","href":"https:\/\/api.w.org\/{rel}","templated":true}]}}