{"id":21649,"date":"2023-05-06T21:59:41","date_gmt":"2023-05-07T00:59:41","guid":{"rendered":"https:\/\/www.jornaldaconstrucaocivil.com.br\/?p=21649"},"modified":"2023-05-06T21:59:41","modified_gmt":"2023-05-07T00:59:41","slug":"crea-rj-inaugura-nova-sede-da-inspetoria-regional-em-nova-iguacu","status":"publish","type":"post","link":"https:\/\/construcaocivil.siriusmarketingedesign.com.br\/?p=21649","title":{"rendered":"Crea-RJ inaugura nova sede da Inspetoria Regional em Nova Igua\u00e7u"},"content":{"rendered":"<p style=\"text-align: justify;\">O presidente do Conselho Regional de Engenharia e Agronomia do Rio de Janeiro, Luiz Antonio Cosenza, esteve presente na inaugura\u00e7\u00e3o da nova sede da Inspetoria Regional do Crea de Nova Igua\u00e7u. A cerim\u00f4nia foi realizada na \u00faltima quinta-feira (04) e contou com a presen\u00e7a de diretores, funcion\u00e1rios, professores e profissionais da Engenharia e Geoci\u00eancias da regi\u00e3o.<\/p>\n<p style=\"text-align: justify;\">\n<p style=\"text-align: justify;\">&#8220;Com esta inaugura\u00e7\u00e3o, o Crea-RJ prossegue com seu trabalho de moderniza\u00e7\u00e3o das inspetorias e postos em todo o estado. A Inspetoria de Nova Igua\u00e7u \u00e9 a segunda a passar por reforma e, a partir de agora, oferece mais conforto e melhor atendimento&#8221;, explicou o presidente do Crea-RJ, Luiz Antonio Cosenza.<\/p>\n<p style=\"text-align: justify;\">\n<p style=\"text-align: justify;\">Estiveram tamb\u00e9m presentes ao evento a vice-Presidente do Crea-RJ, Teneuza Maria Cavalcanti Ferreira; a Coordenadora da Regional Metropolitana, Viviane Lustosa; a Gerente das Regionais, Solange Teixeira; a Diretora e Conselheira do Crea-RJ, Ana Paula Masiero; a Coordenadora da Universidade Igua\u00e7u (UNIG), Gisele Pires; a Conselheira do Crea-RJ,Gisele Saleiro, o Coordenador da Comiss\u00e3o de \u00c9tica e Presidente da SEANI, Davidson Ferreira dos Santos; o Conselheiro e Coordenador da Comiss\u00e3o Eleitoral, Alberto Balassiano; al\u00e9m da equipe de fiscaliza\u00e7\u00e3o da regi\u00e3o e funcion\u00e1rios que realizam o atendimento na Inspetoria.<\/p>\n<p style=\"text-align: justify;\">\n<p style=\"text-align: justify;\">Para a Vice-Presidente do Crea-RJ, Teneuza Maria Cavalcanti Ferreira, a iniciativa mostra a preocupa\u00e7\u00e3o do Presidente Cosenza em fortalecer a presen\u00e7a do Crea-RJ nos munic\u00edpios e, ao mesmo tempo, garantir aos profissionais melhor atendimento, fornecendo principalmente as ferramentas necess\u00e1rias de interface com o Sistema. &#8220;Com isso, mostrarmos que o ambiente \u00e9 para o uso de todos, n\u00e3o s\u00f3 daquela regi\u00e3o, mas no atendimento a todo o coletivo de profissionais. N\u00e3o \u00e9 s\u00f3 melhorar a apar\u00eancia do ambiente, mas proporcionar um ferramental f\u00edsico e institucional para atender as demandas vindas tanto dos profissionais como de empresas que passam por processos de reestrutura\u00e7\u00e3o.<\/p>\n<p style=\"text-align: justify;\">\n<p style=\"text-align: justify;\">A engenheira civil Gisele Pires, Coordenadora da UNIG, tamb\u00e9m destacou a melhoria dos servi\u00e7os: &#8220;As novas instala\u00e7\u00f5es da Inspetoria representam uma grande iniciativa permitindo melhor acolhimento, atendimento e amplia\u00e7\u00e3o da excel\u00eancia dos servi\u00e7os realizados pela equipe do Crea-RJ na regi\u00e3o&#8221;.<\/p>\n<p style=\"text-align: justify;\">\n<p style=\"text-align: justify;\">J\u00e1 o Conselheiro e Coordenador da Comiss\u00e3o Eleitoral do Crea-RJ, Alberto Balassiano, enfatizou que a inaugura\u00e7\u00e3o de novas instala\u00e7\u00f5es no interior \u00e9 uma meta da atual diretoria para valorizar os profissionais de todas as regi\u00f5es. &#8220;Essas restrutura\u00e7\u00f5es fortalecem as atividades e o atendimento aos profissionais em todo o estado. Mostra a for\u00e7a do Crea como \u00f3rg\u00e3o fiscalizador para toda a sociedade&#8221;.<\/p>\n<p style=\"text-align: justify;\">\n<p style=\"text-align: justify;\">&#8220;Eu acredito que esta iniciativa \u00e9 fundamental para trazer um ambiente mais acolhedor aos profissionais. \u00c9 de suma import\u00e2ncia para os profissionais terem uma inspetoria onde possam esclarecer suas d\u00favidas. Esta iniciativa demonstra um forte compromisso do conselho com os profissionais da regi\u00e3o&#8221;, completou a Conselheira do Crea-RJ, Gisele Saleiro.<\/p>\n<p style=\"text-align: justify;\">\n<p style=\"text-align: justify;\">A Diretora e Conselheira do Crea-RJ, Ana Paula Masiero, lembrou que a inspetoria regional de Nova Igua\u00e7u \u00e9 a segunda este ano a sofrer moderniza\u00e7\u00f5es, a fim de atender os profissionais e empresas da \u00e1rea tecnol\u00f3gica, e que at\u00e9 o final do ano as demais inspetorias e postos de relacionamento ser\u00e3o reformados.\n<\/p>\n<p style=\"text-align: justify;\">&#8220;Estamos instalando novos equipamentos, o mobili\u00e1rio ser\u00e1 padronizado e a nova identidade visual ser\u00e1 aplicada nos espa\u00e7os. Tamb\u00e9m ser\u00e1 reservado um terminal de auto atendimento. Tudo objetivando a melhoria na qualidade dos servi\u00e7os prestados e assim aproximando o Crea-RJ cada vez mais dos profissionais e da sociedade. Seja na sede, na Baixada Fluminense, na Regi\u00e3o Oeste, Serrana ou no Interior do nosso estado, a casa dos Engenheiros, Ge\u00f3logos, Ge\u00f3grafos e Agr\u00f4nomos estar\u00e1 sempre aberta para orientar os profissionais&#8221;.\n<\/p>\n<p style=\"text-align: justify;\">A nova sede do Crea em Nova Igua\u00e7u fica no mesmo pr\u00e9dio onde j\u00e1 funcionava a Inspetoria, na\u00a0<span style=\"color: #0000ff;\"><a style=\"color: #0000ff;\" href=\"https:\/\/s2305.imxsnd27.com\/link.php?code=bDpodHRwcyUzQSUyRiUyRnd3dy5nb29nbGUuY29tJTJGbWFwcyUyRnNlYXJjaCUyRlJ1YSUyQkRvbSUyQldhbG1vciUyQyUyQm4lMjVDMiUyNUJBJTJCMzgzJTJDJTJCc2FsYSUyQjQwNiUzRmVudHJ5JTNEZ21haWwlMjZzb3VyY2UlM0RnOjI5MzMwNDgzODk6cmVkYWNhb0Bqb3JuYWxkYWNvbnN0cnVjYW9jaXZpbC5jb20uYnI6ZWQ4MzBmOjQ1\" target=\"_blank\" rel=\"noopener noreferrer\">Rua Dom Walmor, n\u00ba 383, sala 406<\/a><\/span>, no Centro. O atendimento \u00e9 realizado de segunda a sexta-feira, das 9h \u00e0s 17h30. Contatos tamb\u00e9m pelo e-mail: novaiguacu@crea-rj.org.br.<\/p>\n<p style=\"text-align: justify;\">\n<p style=\"text-align: justify;\">\n","protected":false},"excerpt":{"rendered":"<p>O presidente do Conselho Regional de Engenharia e Agronomia do Rio de Janeiro, Luiz Antonio Cosenza, esteve presente na inaugura\u00e7\u00e3o da nova sede da Inspetoria Regional do Crea de Nova Igua\u00e7u. A cerim\u00f4nia foi realizada na \u00faltima quinta-feira (04) e contou com a presen\u00e7a de diretores, funcion\u00e1rios, professores e profissionais da Engenharia e Geoci\u00eancias da [&hellip;]<\/p>\n","protected":false},"author":1,"featured_media":21650,"comment_status":"open","ping_status":"open","sticky":false,"template":"","format":"standard","meta":{"_uag_custom_page_level_css":"","footnotes":""},"categories":[27],"tags":[24624,25315,3143,23180],"class_list":["post-21649","post","type-post","status-publish","format-standard","has-post-thumbnail","hentry","category-acontece","tag-servicosdeobras","tag-art-engenharia","tag-crea-rj","tag-nova-iguacu"],"blocksy_meta":[],"spectra_blocks_featured_image_url":{"thumbnail":{"url":"https:\/\/construcaocivil.siriusmarketingedesign.com.br\/wp-content\/uploads\/2023\/05\/handler-14-150x150.jpg","width":150,"height":150},"medium":{"url":"https:\/\/construcaocivil.siriusmarketingedesign.com.br\/wp-content\/uploads\/2023\/05\/handler-14-300x225.jpg","width":300,"height":225},"medium_large":{"url":"https:\/\/construcaocivil.siriusmarketingedesign.com.br\/wp-content\/uploads\/2023\/05\/handler-14-768x576.jpg","width":768,"height":576},"large":{"url":"https:\/\/construcaocivil.siriusmarketingedesign.com.br\/wp-content\/uploads\/2023\/05\/handler-14.jpg","width":800,"height":600},"full":{"url":"https:\/\/construcaocivil.siriusmarketingedesign.com.br\/wp-content\/uploads\/2023\/05\/handler-14.jpg","width":800,"height":600}},"spectra_blocks_author_info":{"display_name":"Jornal da Constru\u00e7\u00e3o Civil","avatar_url":"https:\/\/secure.gravatar.com\/avatar\/973c9774fd44ddaceb026973c4962faa70fc512bc4c9da68e8ebb40fecee6540?s=96&d=mm&r=g","author_link":"https:\/\/construcaocivil.siriusmarketingedesign.com.br\/?author=1","description":"Desde de 2013, levando muitas informa\u00e7\u00f5es, lan\u00e7amentos e produtos de qualidade para toda cadeia produtiva da constru\u00e7\u00e3o. O Futuro da constru\u00e7\u00e3o passa por aqui,"},"uagb_featured_image_src":{"full":["https:\/\/construcaocivil.siriusmarketingedesign.com.br\/wp-content\/uploads\/2023\/05\/handler-14.jpg",800,600,false],"thumbnail":["https:\/\/construcaocivil.siriusmarketingedesign.com.br\/wp-content\/uploads\/2023\/05\/handler-14-150x150.jpg",150,150,true],"medium":["https:\/\/construcaocivil.siriusmarketingedesign.com.br\/wp-content\/uploads\/2023\/05\/handler-14-300x225.jpg",300,225,true],"medium_large":["https:\/\/construcaocivil.siriusmarketingedesign.com.br\/wp-content\/uploads\/2023\/05\/handler-14-768x576.jpg",768,576,true],"large":["https:\/\/construcaocivil.siriusmarketingedesign.com.br\/wp-content\/uploads\/2023\/05\/handler-14.jpg",800,600,false],"1536x1536":["https:\/\/construcaocivil.siriusmarketingedesign.com.br\/wp-content\/uploads\/2023\/05\/handler-14.jpg",800,600,false],"2048x2048":["https:\/\/construcaocivil.siriusmarketingedesign.com.br\/wp-content\/uploads\/2023\/05\/handler-14.jpg",800,600,false]},"uagb_author_info":{"display_name":"Jornal da Constru\u00e7\u00e3o Civil","author_link":"https:\/\/construcaocivil.siriusmarketingedesign.com.br\/?author=1"},"uagb_comment_info":0,"uagb_excerpt":"O presidente do Conselho Regional de Engenharia e Agronomia do Rio de Janeiro, Luiz Antonio Cosenza, esteve presente na inaugura\u00e7\u00e3o da nova sede da Inspetoria Regional do Crea de Nova Igua\u00e7u. A cerim\u00f4nia foi realizada na \u00faltima quinta-feira (04) e contou com a presen\u00e7a de diretores, funcion\u00e1rios, professores e profissionais da Engenharia e Geoci\u00eancias da&hellip;","_links":{"self":[{"href":"https:\/\/construcaocivil.siriusmarketingedesign.com.br\/index.php?rest_route=\/wp\/v2\/posts\/21649","targetHints":{"allow":["GET"]}}],"collection":[{"href":"https:\/\/construcaocivil.siriusmarketingedesign.com.br\/index.php?rest_route=\/wp\/v2\/posts"}],"about":[{"href":"https:\/\/construcaocivil.siriusmarketingedesign.com.br\/index.php?rest_route=\/wp\/v2\/types\/post"}],"author":[{"embeddable":true,"href":"https:\/\/construcaocivil.siriusmarketingedesign.com.br\/index.php?rest_route=\/wp\/v2\/users\/1"}],"replies":[{"embeddable":true,"href":"https:\/\/construcaocivil.siriusmarketingedesign.com.br\/index.php?rest_route=%2Fwp%2Fv2%2Fcomments&post=21649"}],"version-history":[{"count":0,"href":"https:\/\/construcaocivil.siriusmarketingedesign.com.br\/index.php?rest_route=\/wp\/v2\/posts\/21649\/revisions"}],"wp:featuredmedia":[{"embeddable":true,"href":"https:\/\/construcaocivil.siriusmarketingedesign.com.br\/index.php?rest_route=\/wp\/v2\/media\/21650"}],"wp:attachment":[{"href":"https:\/\/construcaocivil.siriusmarketingedesign.com.br\/index.php?rest_route=%2Fwp%2Fv2%2Fmedia&parent=21649"}],"wp:term":[{"taxonomy":"category","embeddable":true,"href":"https:\/\/construcaocivil.siriusmarketingedesign.com.br\/index.php?rest_route=%2Fwp%2Fv2%2Fcategories&post=21649"},{"taxonomy":"post_tag","embeddable":true,"href":"https:\/\/construcaocivil.siriusmarketingedesign.com.br\/index.php?rest_route=%2Fwp%2Fv2%2Ftags&post=21649"}],"curies":[{"name":"wp","href":"https:\/\/api.w.org\/{rel}","templated":true}]}}