{"id":21673,"date":"2023-05-09T13:23:33","date_gmt":"2023-05-09T16:23:33","guid":{"rendered":"https:\/\/www.jornaldaconstrucaocivil.com.br\/?p=21673"},"modified":"2023-05-09T13:23:33","modified_gmt":"2023-05-09T16:23:33","slug":"efeito-juros-altos-vendas-de-cimento-aceleram-queda","status":"publish","type":"post","link":"https:\/\/construcaocivil.siriusmarketingedesign.com.br\/?p=21673","title":{"rendered":"Efeito Juros altos: Vendas de cimento aceleram queda"},"content":{"rendered":"<p>As vendas da ind\u00fastria do cimento no m\u00eas de abril seguiram a\u00a0tend\u00eancia de\u00a0<strong>retra\u00e7\u00e3o\u00a0<\/strong>do primeiro trimestre de 2023 e registraram\u00a0<strong>queda<\/strong>\u00a0de\u00a0<strong>11,6%<\/strong>\u00a0em compara\u00e7\u00e3o ao mesmo m\u00eas do ano passado. Em termos nominais foram comercializadas\u00a0<strong>4,6<\/strong>\u00a0milh\u00f5es de toneladas, de acordo com o Sindicato Nacional da Ind\u00fastria de Cimento (SNIC).<br \/>\nO volume de vendas de cimento por dia \u00fatil apresentou\u00a0<strong>crescimento<\/strong>\u00a0de\u00a0<strong>3,4%<\/strong>, em rela\u00e7\u00e3o ao m\u00eas de mar\u00e7o, influenciado pelos feriados de abril. No acumulado do ano (jan-abril), seguindo a tend\u00eancia dos n\u00fameros absolutos, o desempenho \u00e9 de<strong>\u00a0queda<\/strong>\u00a0de\u00a0<strong>3,1%<\/strong>.<br \/>\nO ambiente de instabilidade na economia, marcado por\u00a0indicadores internos desfavor\u00e1veis como aumento no desemprego, aliado com a lenta recupera\u00e7\u00e3o dos sal\u00e1rios e juros em patamar alto, continuam a impactar o setor.<\/p>\n<p>Diante desse cen\u00e1rio, a venda de materiais de constru\u00e7\u00e3o segue em queda, assim como os lan\u00e7amentos e financiamentos imobili\u00e1rios, reflexo da alta taxa de juros (13,75%) e do baixo poder de compra da popula\u00e7\u00e3o.<br \/>\nApesar da conjuntura econ\u00f4mica desfavor\u00e1vel, os \u00edndices de confian\u00e7a caminham em dire\u00e7\u00f5es opostas. O da constru\u00e7\u00e3o<sup>1<\/sup>\u00a0atingiu o maior n\u00edvel desde novembro de 2022, influenciada pelas expectativas dos empres\u00e1rios nos segmentos de Edifica\u00e7\u00f5es Residenciais e de Obras Vi\u00e1rias.<br \/>\nNa Ind\u00fastria<sup>2<\/sup>, a confian\u00e7a ficou est\u00e1vel em abril. O setor v\u00ea alguma melhora no escoamento dos estoques e nas transa\u00e7\u00f5es comerciais entre os setores, apesar do n\u00edvel de demanda estar abaixo do normal, deixando o mercado mais cauteloso no horizonte de seis meses.<\/p>\n<p>J\u00e1 o \u00edndice de confian\u00e7a do consumidor<sup>3<\/sup>\u00a0acomodou em abril em patamar considerado baixo em termos hist\u00f3ricos, diante do cen\u00e1rio relacionado a um alto endividamento, principalmente das fam\u00edlias com menor renda, a um aumento da perspectiva de infla\u00e7\u00e3o e dificuldade no acesso ao cr\u00e9dito.<br \/>\nEm um ano com tantas incertezas e embates no cen\u00e1rio pol\u00edtico e econ\u00f4mico, a ind\u00fastria do cimento segue atenta \u00e0s discuss\u00f5es sobre o novo arcabou\u00e7o fiscal, debate sobre os decretos de regulamenta\u00e7\u00e3o da Lei B\u00e1sica de Saneamento e a coloca\u00e7\u00e3o em marcha do programa Minha Casa Minha Vida com expectativas de in\u00edcio consistente a partir do segundo semestre deste ano.<br \/>\nAp\u00f3s um efetivo impulso nas discuss\u00f5es sobre a Reforma Tribut\u00e1ria verifica-se nesse momento uma certa acomoda\u00e7\u00e3o na sua din\u00e2mica de tramita\u00e7\u00e3o no Congresso Nacional.<\/p>\n<p><strong>INFORMA\u00c7\u00d5ES DETALHADAS<\/strong><\/p>\n<table class=\"v1image v1image_resized\" width=\"799\" align=\"center\">\n<tbody>\n<tr class=\"v1tr61\">\n<td><img decoding=\"async\" class=\"aligncenter\" src=\"https:\/\/s2305.imxsnd08.com\/62QjOkNmN3UDM6InYu02bj5CbpZXaj9WYjVnc0NnbvNWYkxWYuJ3bqBkbhlmclZXZzpjN5YzM1QzM5EzM6cmbw5iYxQjNhdTO1UjYlRjM5kTM3E2MhhDOlRDN4EWYwIGZjZkMlIGZjZkMlAzN0AjMGJTJ2IDMx8VL0ETLfpTO\" width=\"800\" \/><\/td>\n<\/tr>\n<\/tbody>\n<\/table>\n<p>&nbsp;<\/p>\n<p><img decoding=\"async\" src=\"https:\/\/s2305.imxsnd08.com\/42QjOwMGZwUDZ6InYu02bj5CbpZXaj9WYjVnc0NnbvNWYkxWYuJ3bqBkbhlmclZXZzpjN5YzM1QzM5EzM6cmbw5yY0QWOkZmYkZWO4IGZhJzYyQ2N0YmYlJjZ0QGOkVjZxYkMlUjZxYkMlAzN0AjMGJTJ2IDMx8VL0ETLfpzN\" \/><\/p>\n<p style=\"text-align: center;\"><span style=\"color: #993300;\"><strong>8\u00ba Congresso Brasileiro do Cimento (CBCi)<\/strong><\/span>\n<\/p>\n<p>Com ampla participa\u00e7\u00e3o de autoridades, lideran\u00e7as empresariais, economistas, corpo t\u00e9cnico e especialistas, nacionais e internacionais, a Associa\u00e7\u00e3o Brasileira do Cimento Portland (ABCP) e o Sindicato Nacional da Ind\u00fastria do Cimento (SNIC) lan\u00e7aram o 8\u00ba Congresso Brasileiro de Cimento (CBCi).<br \/>\nO evento &#8211; que acontecer\u00e1 de 6 a 8 de novembro no Renaissance Hotel, em S\u00e3o Paulo &#8212; vai reunir as principais refer\u00eancias do setor para apresentarem e debaterem temas que v\u00e3o desde as reformas e pol\u00edticas p\u00fablicas que impactam todo o segmento da constru\u00e7\u00e3o, at\u00e9 a inova\u00e7\u00e3o tecnol\u00f3gica na produ\u00e7\u00e3o e aplica\u00e7\u00e3o do cimento e seus sistemas, passando pelas legisla\u00e7\u00f5es e aspectos ambientais.<\/p>\n<p>O cimento Portland \u00e9 o principal material de constru\u00e7\u00e3o presente no desenvolvimento socioecon\u00f4mico de uma na\u00e7\u00e3o. E no caso do Brasil, onde h\u00e1 hegemonia do emprego de concreto nas edifica\u00e7\u00f5es e infraestrutura, seu uso se torna ainda mais marcante. Atualmente o Pa\u00eds est\u00e1 entre os 10 maiores produtores mundiais de cimento, al\u00e9m de posicionar-se como uma das mais ecoeficientes globalmente, reconhecida pelo GCCA, a associa\u00e7\u00e3o mundial de cimento e de concreto.<\/p>\n<p>Fonte: SNIC<\/p>\n","protected":false},"excerpt":{"rendered":"<p>As vendas da ind\u00fastria do cimento no m\u00eas de abril seguiram a\u00a0tend\u00eancia de\u00a0retra\u00e7\u00e3o\u00a0do primeiro trimestre de 2023 e registraram\u00a0queda\u00a0de\u00a011,6%\u00a0em compara\u00e7\u00e3o ao mesmo m\u00eas do ano passado. Em termos nominais foram comercializadas\u00a04,6\u00a0milh\u00f5es de toneladas, de acordo com o Sindicato Nacional da Ind\u00fastria de Cimento (SNIC). O volume de vendas de cimento por dia \u00fatil apresentou\u00a0crescimento\u00a0de\u00a03,4%, em [&hellip;]<\/p>\n","protected":false},"author":1,"featured_media":21674,"comment_status":"open","ping_status":"open","sticky":false,"template":"","format":"standard","meta":{"_uag_custom_page_level_css":"","footnotes":""},"categories":[33],"tags":[25324,21885,25325,11260],"class_list":["post-21673","post","type-post","status-publish","format-standard","has-post-thumbnail","hentry","category-mercado","tag-baixajuros","tag-auto-construcao","tag-lojistas-e-consumidores","tag-snic"],"blocksy_meta":[],"spectra_blocks_featured_image_url":{"thumbnail":{"url":"https:\/\/construcaocivil.siriusmarketingedesign.com.br\/wp-content\/uploads\/2023\/05\/CIMENTO-II-ABRIL-150x150.jpg","width":150,"height":150},"medium":{"url":"https:\/\/construcaocivil.siriusmarketingedesign.com.br\/wp-content\/uploads\/2023\/05\/CIMENTO-II-ABRIL-300x213.jpg","width":300,"height":213},"medium_large":{"url":"https:\/\/construcaocivil.siriusmarketingedesign.com.br\/wp-content\/uploads\/2023\/05\/CIMENTO-II-ABRIL-768x545.jpg","width":768,"height":545},"large":{"url":"https:\/\/construcaocivil.siriusmarketingedesign.com.br\/wp-content\/uploads\/2023\/05\/CIMENTO-II-ABRIL.jpg","width":863,"height":612},"full":{"url":"https:\/\/construcaocivil.siriusmarketingedesign.com.br\/wp-content\/uploads\/2023\/05\/CIMENTO-II-ABRIL.jpg","width":863,"height":612}},"spectra_blocks_author_info":{"display_name":"Jornal da Constru\u00e7\u00e3o Civil","avatar_url":"https:\/\/secure.gravatar.com\/avatar\/973c9774fd44ddaceb026973c4962faa70fc512bc4c9da68e8ebb40fecee6540?s=96&d=mm&r=g","author_link":"https:\/\/construcaocivil.siriusmarketingedesign.com.br\/?author=1","description":"Desde de 2013, levando muitas informa\u00e7\u00f5es, lan\u00e7amentos e produtos de qualidade para toda cadeia produtiva da constru\u00e7\u00e3o. O Futuro da constru\u00e7\u00e3o passa por aqui,"},"uagb_featured_image_src":{"full":["https:\/\/construcaocivil.siriusmarketingedesign.com.br\/wp-content\/uploads\/2023\/05\/CIMENTO-II-ABRIL.jpg",863,612,false],"thumbnail":["https:\/\/construcaocivil.siriusmarketingedesign.com.br\/wp-content\/uploads\/2023\/05\/CIMENTO-II-ABRIL-150x150.jpg",150,150,true],"medium":["https:\/\/construcaocivil.siriusmarketingedesign.com.br\/wp-content\/uploads\/2023\/05\/CIMENTO-II-ABRIL-300x213.jpg",300,213,true],"medium_large":["https:\/\/construcaocivil.siriusmarketingedesign.com.br\/wp-content\/uploads\/2023\/05\/CIMENTO-II-ABRIL-768x545.jpg",768,545,true],"large":["https:\/\/construcaocivil.siriusmarketingedesign.com.br\/wp-content\/uploads\/2023\/05\/CIMENTO-II-ABRIL.jpg",863,612,false],"1536x1536":["https:\/\/construcaocivil.siriusmarketingedesign.com.br\/wp-content\/uploads\/2023\/05\/CIMENTO-II-ABRIL.jpg",863,612,false],"2048x2048":["https:\/\/construcaocivil.siriusmarketingedesign.com.br\/wp-content\/uploads\/2023\/05\/CIMENTO-II-ABRIL.jpg",863,612,false]},"uagb_author_info":{"display_name":"Jornal da Constru\u00e7\u00e3o Civil","author_link":"https:\/\/construcaocivil.siriusmarketingedesign.com.br\/?author=1"},"uagb_comment_info":0,"uagb_excerpt":"As vendas da ind\u00fastria do cimento no m\u00eas de abril seguiram a\u00a0tend\u00eancia de\u00a0retra\u00e7\u00e3o\u00a0do primeiro trimestre de 2023 e registraram\u00a0queda\u00a0de\u00a011,6%\u00a0em compara\u00e7\u00e3o ao mesmo m\u00eas do ano passado. Em termos nominais foram comercializadas\u00a04,6\u00a0milh\u00f5es de toneladas, de acordo com o Sindicato Nacional da Ind\u00fastria de Cimento (SNIC). O volume de vendas de cimento por dia \u00fatil apresentou\u00a0crescimento\u00a0de\u00a03,4%, em&hellip;","_links":{"self":[{"href":"https:\/\/construcaocivil.siriusmarketingedesign.com.br\/index.php?rest_route=\/wp\/v2\/posts\/21673","targetHints":{"allow":["GET"]}}],"collection":[{"href":"https:\/\/construcaocivil.siriusmarketingedesign.com.br\/index.php?rest_route=\/wp\/v2\/posts"}],"about":[{"href":"https:\/\/construcaocivil.siriusmarketingedesign.com.br\/index.php?rest_route=\/wp\/v2\/types\/post"}],"author":[{"embeddable":true,"href":"https:\/\/construcaocivil.siriusmarketingedesign.com.br\/index.php?rest_route=\/wp\/v2\/users\/1"}],"replies":[{"embeddable":true,"href":"https:\/\/construcaocivil.siriusmarketingedesign.com.br\/index.php?rest_route=%2Fwp%2Fv2%2Fcomments&post=21673"}],"version-history":[{"count":0,"href":"https:\/\/construcaocivil.siriusmarketingedesign.com.br\/index.php?rest_route=\/wp\/v2\/posts\/21673\/revisions"}],"wp:featuredmedia":[{"embeddable":true,"href":"https:\/\/construcaocivil.siriusmarketingedesign.com.br\/index.php?rest_route=\/wp\/v2\/media\/21674"}],"wp:attachment":[{"href":"https:\/\/construcaocivil.siriusmarketingedesign.com.br\/index.php?rest_route=%2Fwp%2Fv2%2Fmedia&parent=21673"}],"wp:term":[{"taxonomy":"category","embeddable":true,"href":"https:\/\/construcaocivil.siriusmarketingedesign.com.br\/index.php?rest_route=%2Fwp%2Fv2%2Fcategories&post=21673"},{"taxonomy":"post_tag","embeddable":true,"href":"https:\/\/construcaocivil.siriusmarketingedesign.com.br\/index.php?rest_route=%2Fwp%2Fv2%2Ftags&post=21673"}],"curies":[{"name":"wp","href":"https:\/\/api.w.org\/{rel}","templated":true}]}}