{"id":21714,"date":"2023-05-16T13:06:11","date_gmt":"2023-05-16T16:06:11","guid":{"rendered":"https:\/\/www.jornaldaconstrucaocivil.com.br\/?p=21714"},"modified":"2023-05-16T13:06:11","modified_gmt":"2023-05-16T16:06:11","slug":"consumo-de-aco-na-america-latina-em-recuperacao-morna-no-inicio-do-ano","status":"publish","type":"post","link":"https:\/\/construcaocivil.siriusmarketingedesign.com.br\/?p=21714","title":{"rendered":"Consumo de a\u00e7o na Am\u00e9rica Latina em recupera\u00e7\u00e3o morna no in\u00edcio do ano"},"content":{"rendered":"<p style=\"text-align: justify;\">S\u00e3o Paulo, maio de 2023 &#8211; Dados da Alacero, Associa\u00e7\u00e3o Latino-Americana do A\u00e7o, indicam que a produ\u00e7\u00e3o de a\u00e7o bruto em fevereiro de 2023 foi de 4,5 Mt, 10,8% menor que no m\u00eas anterior, enquanto a de laminados foi de 4,8 Mt, 1,6% menor, abaixo do m\u00eas de janeiro. No comparativo anual, a produ\u00e7\u00e3o de a\u00e7o bruto em fevereiro de 2023 foi 6,6% inferior \u00e0 de fevereiro de 2022, enquanto a de laminados foi 12,1% maior.<\/p>\n<p style=\"text-align: justify;\">Por outro lado, o consumo de laminados foi 19% maior em janeiro de 2023 (6,2 Mt) em rela\u00e7\u00e3o a dezembro de 2022. Em rela\u00e7\u00e3o a janeiro de 2022, foi 8,4% maior.<\/p>\n<p style=\"text-align: justify;\">No in\u00edcio do ano, os principais setores demandantes de a\u00e7o apresentaram comportamento misto no n\u00edvel de atividade: alguns acentuaram a tend\u00eancia negativa, como a constru\u00e7\u00e3o, e outros deram sinais mornos de recupera\u00e7\u00e3o, como a produ\u00e7\u00e3o industrial e a manufatura.<\/p>\n<p><span style=\"color: #993300;\"><strong>Term\u00f4metro setorial:<\/strong><\/span><\/p>\n<ul>\n<li>O pior desempenho veio do setor de constru\u00e7\u00e3o. Depois de moderar o ritmo de contra\u00e7\u00e3o nos \u00faltimos meses de 2022, a atividade caiu mais fortemente no in\u00edcio de 2023. Assim, depois de cair 0,8% em m\u00e9dia ano-a-ano em novembro\/dezembro de 2022, caiu 2,2% ano-a-ano. no ano um ano em janeiro de 2023;<\/li>\n<li>Em contrapartida, a produ\u00e7\u00e3o industrial foi o setor que apresentou melhor desempenho. Mesmo ap\u00f3s registrar leve queda em dezembro de 2022, a atividade cresceu 5,3% ao ano em janeiro de 2023, ap\u00f3s cair 0,3% ao ano no \u00faltimo m\u00eas de 2022;<\/li>\n<li>O desempenho da manufatura foi bom na Argentina e no Peru (+6,3% e +1,1% A\/A, em cada caso), pa\u00edses que registraram quedas ano a ano no final de 2022 (-2,7% e -4,6%, respectivamente). ). Por sua vez, o M\u00e9xico registrou acelera\u00e7\u00e3o no primeiro m\u00eas do ano (de 2,7% a\/a em dezembro-22 para 4,8% a\/a em janeiro de 2023);<\/li>\n<li>Dentro da ind\u00fastria, heterogeneidades tamb\u00e9m s\u00e3o observadas. Apesar da tra\u00e7\u00e3o da Argentina e do M\u00e9xico (que registraram altas anuais de 22,9% e 10,3%, respectivamente), a produ\u00e7\u00e3o automotiva avan\u00e7ou em fevereiro de 2023 a um ritmo ligeiramente inferior ao do m\u00eas anterior (5,5% a\/a vs. 6,0% a\/a );<\/li>\n<li>A produ\u00e7\u00e3o de m\u00e1quinas continuou melhorando em janeiro de 2023, quando cresceu 8,7% ao ano, liderada por M\u00e9xico e Chile (com expans\u00f5es de 15,0% e 12,5% A\/A, respectivamente), enquanto a fabrica\u00e7\u00e3o de eletrodom\u00e9sticos se recuperou ap\u00f3s 17 meses em territ\u00f3rio negativo , registrando um aumento ano-a-ano de 1,7%. Neste \u00faltimo caso, o impulso na Argentina (19,2% YoY) foi fundamental, assim como uma contra\u00e7\u00e3o mais moderada no Chile, Peru e M\u00e9xico (-4,4%, -9,0% e -12,4%, de -35,2%, -23,6 % e -17,3%, respectivamente).<\/li>\n<\/ul>\n<p><span style=\"color: #993300;\"><strong>Produ\u00e7\u00e3o, comercializa\u00e7\u00e3o e consumo de a\u00e7o:<\/strong><\/span><\/p>\n<p>\u201cA situa\u00e7\u00e3o internacional exige extrema aten\u00e7\u00e3o da nossa ind\u00fastria regional local. Com a produ\u00e7\u00e3o de a\u00e7o da China caindo diante da forte press\u00e3o interna e externa para reduzir as pegadas de carbono, agora h\u00e1 espa\u00e7o para os pa\u00edses emergentes redirecionarem seu fornecimento de produtos acabados. Assim, gera-se uma boa oportunidade para novos neg\u00f3cios e para a intensifica\u00e7\u00e3o do com\u00e9rcio intrarregional entre os pa\u00edses latino-americanos\u201d, afirma Alejandro Wagner, diretor executivo da Alacero.<\/p>\n<p>\u201cOutro foco de aten\u00e7\u00e3o \u00e9 a iminente aprova\u00e7\u00e3o pelos pa\u00edses da Uni\u00e3o Europeia da vers\u00e3o final do Coal Border Adjustment Mechanism (CBAM), que visa controlar a entrada na UE de determinadas mercadorias importadas de pa\u00edses n\u00e3o pertencentes \u00e0 UE que tenham com regulamenta\u00e7\u00f5es sobre emiss\u00f5es de carbono consideradas menos r\u00edgidas pela Comiss\u00e3o Europeia, abrindo tamb\u00e9m um alerta para os pa\u00edses latino-americanos que t\u00eam negocia\u00e7\u00f5es comerciais com esses pa\u00edses\u201d, acrescenta.<\/p>\n<p><span style=\"color: #993300;\"><strong>Dados em detalhe:<\/strong><\/span><\/p>\n<p>Produ\u00e7\u00e3o de A\u00e7o Bruto:<\/p>\n<ul>\n<li>A produ\u00e7\u00e3o de fevereiro de 2023 foi 6,6% (4,5 Mt) inferior \u00e0 de fevereiro anterior (4,8 Mt em 2022) e 10,8% inferior \u00e0 do m\u00eas anterior (5,0 Mt). Nos primeiros 2 meses de 2023 ficou 4,6% abaixo do mesmo per\u00edodo do ano anterior. Com 9,6 Mt totais.<\/li>\n<\/ul>\n<p>Produ\u00e7\u00e3o de Laminados:<\/p>\n<ul>\n<li>A produ\u00e7\u00e3o de fevereiro de 2023 foi 12,1% (4,7 Mt) superior \u00e0 de fevereiro anterior (4,2 Mt em 2022) e 1,6% inferior \u00e0 do m\u00eas anterior (4,8 Mt). Nos primeiros 2 meses de 2023 ficou 10,8% acima do mesmo per\u00edodo do ano anterior. Com 9,6 Mt totais.<\/li>\n<\/ul>\n<p>Com\u00e9rcio de laminados:<\/p>\n<ul>\n<li>As importa\u00e7\u00f5es de janeiro totalizaram 1,9 Mt (+92 Mt em um m\u00eas), 13,3% a menos que em janeiro anterior (2,2 Mt) e 4,9% a mais que no m\u00eas anterior (1,8 Mt importadas em dezembro de 2022).<\/li>\n<li>As exporta\u00e7\u00f5es, por sua vez, registraram 607 Mt (-138 Mt em um m\u00eas), 34,7% a menos que em janeiro anterior (930 Mt em 2022) e 18,5% a menos que no m\u00eas anterior (744 Mt exportadas em dezembro de 2022).<\/li>\n<\/ul>\n<p>Consumo de Laminados:<\/p>\n<ul>\n<li>Em janeiro de 2023 foram consumidas 6.1 Mt (+983 Mt em um m\u00eas), valor que representa um aumento de 8,4% em rela\u00e7\u00e3o ao janeiro anterior (5.6 Mt em 2022) e 19,0% superior ao m\u00eas anterior (5,1 Mt em dezembro).<\/li>\n<\/ul>\n<p>&nbsp;<\/p>\n<p><strong>Os n\u00fameros finais de 2022 para a LATAM:<\/strong><\/p>\n<p>Em 2022, o consumo aparente da regi\u00e3o, que em 2021 foi de 75,1 Mt (+25,7%), registrou queda esperada de 8,7%, fechando em 68,5 Mt. Isso representa 107 kg\/per capita, igual \u00e0 m\u00e9dia da safra 2015-2019 per\u00edodo. Por sua vez, 2022 fechou com uma produ\u00e7\u00e3o de a\u00e7o bruto na LATAM de 62 Mt (-4,1% vs. 2021) e 54 Mt de a\u00e7o laminado (-3,4% vs. 2021).<\/p>\n<p>Fonte: ALACERO<\/p>\n","protected":false},"excerpt":{"rendered":"<p>S\u00e3o Paulo, maio de 2023 &#8211; Dados da Alacero, Associa\u00e7\u00e3o Latino-Americana do A\u00e7o, indicam que a produ\u00e7\u00e3o de a\u00e7o bruto em fevereiro de 2023 foi de 4,5 Mt, 10,8% menor que no m\u00eas anterior, enquanto a de laminados foi de 4,8 Mt, 1,6% menor, abaixo do m\u00eas de janeiro. No comparativo anual, a produ\u00e7\u00e3o de [&hellip;]<\/p>\n","protected":false},"author":1,"featured_media":21715,"comment_status":"open","ping_status":"open","sticky":false,"template":"","format":"standard","meta":{"_uag_custom_page_level_css":"","footnotes":""},"categories":[33],"tags":[25352,24933,24624,19250,14752],"class_list":["post-21714","post","type-post","status-publish","format-standard","has-post-thumbnail","hentry","category-mercado","tag-vergalhoesdeaco","tag-construcaoeobras","tag-servicosdeobras","tag-alacero","tag-vendas-de-aco"],"blocksy_meta":[],"spectra_blocks_featured_image_url":{"thumbnail":{"url":"https:\/\/construcaocivil.siriusmarketingedesign.com.br\/wp-content\/uploads\/2023\/05\/IMG_20230512_1653183-150x150.jpg","width":150,"height":150},"medium":{"url":"https:\/\/construcaocivil.siriusmarketingedesign.com.br\/wp-content\/uploads\/2023\/05\/IMG_20230512_1653183-300x244.jpg","width":300,"height":244},"medium_large":{"url":"https:\/\/construcaocivil.siriusmarketingedesign.com.br\/wp-content\/uploads\/2023\/05\/IMG_20230512_1653183-768x624.jpg","width":768,"height":624},"large":{"url":"https:\/\/construcaocivil.siriusmarketingedesign.com.br\/wp-content\/uploads\/2023\/05\/IMG_20230512_1653183-1024x831.jpg","width":1024,"height":831},"full":{"url":"https:\/\/construcaocivil.siriusmarketingedesign.com.br\/wp-content\/uploads\/2023\/05\/IMG_20230512_1653183-scaled.jpg","width":2560,"height":2078}},"spectra_blocks_author_info":{"display_name":"Jornal da Constru\u00e7\u00e3o Civil","avatar_url":"https:\/\/secure.gravatar.com\/avatar\/973c9774fd44ddaceb026973c4962faa70fc512bc4c9da68e8ebb40fecee6540?s=96&d=mm&r=g","author_link":"https:\/\/construcaocivil.siriusmarketingedesign.com.br\/?author=1","description":"Desde de 2013, levando muitas informa\u00e7\u00f5es, lan\u00e7amentos e produtos de qualidade para toda cadeia produtiva da constru\u00e7\u00e3o. O Futuro da constru\u00e7\u00e3o passa por aqui,"},"uagb_featured_image_src":{"full":["https:\/\/construcaocivil.siriusmarketingedesign.com.br\/wp-content\/uploads\/2023\/05\/IMG_20230512_1653183-scaled.jpg",2560,2078,false],"thumbnail":["https:\/\/construcaocivil.siriusmarketingedesign.com.br\/wp-content\/uploads\/2023\/05\/IMG_20230512_1653183-150x150.jpg",150,150,true],"medium":["https:\/\/construcaocivil.siriusmarketingedesign.com.br\/wp-content\/uploads\/2023\/05\/IMG_20230512_1653183-300x244.jpg",300,244,true],"medium_large":["https:\/\/construcaocivil.siriusmarketingedesign.com.br\/wp-content\/uploads\/2023\/05\/IMG_20230512_1653183-768x624.jpg",768,624,true],"large":["https:\/\/construcaocivil.siriusmarketingedesign.com.br\/wp-content\/uploads\/2023\/05\/IMG_20230512_1653183-1024x831.jpg",1024,831,true],"1536x1536":["https:\/\/construcaocivil.siriusmarketingedesign.com.br\/wp-content\/uploads\/2023\/05\/IMG_20230512_1653183-1536x1247.jpg",1536,1247,true],"2048x2048":["https:\/\/construcaocivil.siriusmarketingedesign.com.br\/wp-content\/uploads\/2023\/05\/IMG_20230512_1653183-2048x1663.jpg",2048,1663,true]},"uagb_author_info":{"display_name":"Jornal da Constru\u00e7\u00e3o Civil","author_link":"https:\/\/construcaocivil.siriusmarketingedesign.com.br\/?author=1"},"uagb_comment_info":0,"uagb_excerpt":"S\u00e3o Paulo, maio de 2023 &#8211; Dados da Alacero, Associa\u00e7\u00e3o Latino-Americana do A\u00e7o, indicam que a produ\u00e7\u00e3o de a\u00e7o bruto em fevereiro de 2023 foi de 4,5 Mt, 10,8% menor que no m\u00eas anterior, enquanto a de laminados foi de 4,8 Mt, 1,6% menor, abaixo do m\u00eas de janeiro. No comparativo anual, a produ\u00e7\u00e3o de&hellip;","_links":{"self":[{"href":"https:\/\/construcaocivil.siriusmarketingedesign.com.br\/index.php?rest_route=\/wp\/v2\/posts\/21714","targetHints":{"allow":["GET"]}}],"collection":[{"href":"https:\/\/construcaocivil.siriusmarketingedesign.com.br\/index.php?rest_route=\/wp\/v2\/posts"}],"about":[{"href":"https:\/\/construcaocivil.siriusmarketingedesign.com.br\/index.php?rest_route=\/wp\/v2\/types\/post"}],"author":[{"embeddable":true,"href":"https:\/\/construcaocivil.siriusmarketingedesign.com.br\/index.php?rest_route=\/wp\/v2\/users\/1"}],"replies":[{"embeddable":true,"href":"https:\/\/construcaocivil.siriusmarketingedesign.com.br\/index.php?rest_route=%2Fwp%2Fv2%2Fcomments&post=21714"}],"version-history":[{"count":0,"href":"https:\/\/construcaocivil.siriusmarketingedesign.com.br\/index.php?rest_route=\/wp\/v2\/posts\/21714\/revisions"}],"wp:featuredmedia":[{"embeddable":true,"href":"https:\/\/construcaocivil.siriusmarketingedesign.com.br\/index.php?rest_route=\/wp\/v2\/media\/21715"}],"wp:attachment":[{"href":"https:\/\/construcaocivil.siriusmarketingedesign.com.br\/index.php?rest_route=%2Fwp%2Fv2%2Fmedia&parent=21714"}],"wp:term":[{"taxonomy":"category","embeddable":true,"href":"https:\/\/construcaocivil.siriusmarketingedesign.com.br\/index.php?rest_route=%2Fwp%2Fv2%2Fcategories&post=21714"},{"taxonomy":"post_tag","embeddable":true,"href":"https:\/\/construcaocivil.siriusmarketingedesign.com.br\/index.php?rest_route=%2Fwp%2Fv2%2Ftags&post=21714"}],"curies":[{"name":"wp","href":"https:\/\/api.w.org\/{rel}","templated":true}]}}