{"id":21737,"date":"2023-05-20T18:24:36","date_gmt":"2023-05-20T21:24:36","guid":{"rendered":"https:\/\/www.jornaldaconstrucaocivil.com.br\/?p=21737"},"modified":"2023-05-20T18:24:36","modified_gmt":"2023-05-20T21:24:36","slug":"vidros-e-esquadrias-saie-vetro-2023-tem-todos-os-estandes-comercializados","status":"publish","type":"post","link":"https:\/\/construcaocivil.siriusmarketingedesign.com.br\/?p=21737","title":{"rendered":"Vidros e Esquadrias: SAIE VETRO 2023 tem todos os estandes comercializados"},"content":{"rendered":"<p>A 12\u00aa edi\u00e7\u00e3o do\u00a0<strong>Sal\u00e3o da Ind\u00fastria de Esquadrias e Vidro (SAIE VETRO)<\/strong>, confirmado para os dias 31 de agosto e 1\u00ba de setembro de 2023 em Florian\u00f3polis (SC), j\u00e1 est\u00e1 com seus 6.000 m\u00b2 de \u00e1rea f\u00edsica totalmente ocupados e contratados pelos mais de 120 expositores de grandes marcas especializadas no setor.<\/p>\n<p>&nbsp;<\/p>\n<p>O evento, que \u00e9 de abrang\u00eancia nacional e \u00e9 realizado no Sul do pa\u00eds, \u00e9 considerado um ponto de encontro primordial para os profissionais do mercado de Esquadrias e Vidro, com previs\u00e3o de atrair cerca de 8 mil visitantes vindos de todo Brasil e inclusive de muitos pa\u00edses vizinhos &#8212; conforme experi\u00eancia das edi\u00e7\u00f5es anteriores.<\/p>\n<p>&nbsp;<\/p>\n<p>Nos dois dias de realiza\u00e7\u00e3o, o SAIE VETRO 2023 reunir\u00e1 uma grande variedade de lan\u00e7amentos, produtos e solu\u00e7\u00f5es, oferecendo tamb\u00e9m uma programa\u00e7\u00e3o de eventos simult\u00e2neos de atualiza\u00e7\u00e3o t\u00e9cnica, com palestras e encontros, entre outros atrativos, para um p\u00fablico de profissionais qualificados em busca de novos conhecimentos na \u00e1rea de esquadrias e vidro, bons neg\u00f3cios e renova\u00e7\u00e3o de seu networking.<\/p>\n<p>&nbsp;<\/p>\n<p>O evento \u00e9 realizado em Santa Catarina por dois principais motivos: \u00e9 uma regi\u00e3o que se destaca no cen\u00e1rio da Constru\u00e7\u00e3o Civil brasileira e \u00e9 um estado que re\u00fane um consider\u00e1vel n\u00famero de empresas deste amplo mercado.<\/p>\n<p><strong>PROGRAMA\u00c7\u00c3O SIMULT\u00c2NEA<\/strong><\/p>\n<p style=\"text-align: justify;\">Nos dois dias do SAIE VETRO, os visitantes tamb\u00e9m ter\u00e3o a oportunidade de assistir e participar de diversos eventos simult\u00e2neos e importantes, como o &#8220;<strong>V Encontro Regional dos Fabricantes de Esquadrias de Alum\u00ednio<\/strong>&#8220;, promovido pela AFEAL, com semin\u00e1rio que reunir\u00e1 os maiores fabricantes de Esquadrias do Brasil; o\u00a0<strong>&#8220;XVI VIDROSOM &#8212; Semin\u00e1rio de Solu\u00e7\u00f5es Ac\u00fasticas em Vidro&#8221;<\/strong>, promovido pela Universidade do Som, com grandes especialistas dessa \u00e1rea; o\u00a0<strong>&#8220;SEBRASER &#8212; Semin\u00e1rio Brasileiro de Serralheria&#8221;<\/strong>, coordenado pelo Canal do Serralheiro, com in\u00fameras palestras t\u00e9cnicas e informativas sobre o segmento; e o\u00a0<strong>&#8220;IV PVC em Foco &#8212; Encontro dos Fabricantes de PVC&#8221;<\/strong>, promovido pela ASPEC PVC.\n<\/p>\n<p><span style=\"color: #0000ff;\"><strong>CREDENCIAMENTO ANTECIPADO DE VISITANTES<\/strong><\/span><\/p>\n<p>O p\u00fablico interessado em visitar o SAIE VETRO 2023 deve realizar o credenciamento antecipado \u2014 dispon\u00edvel at\u00e9 dia 30 de maio de 2023 \u2014 para receber a sua credencial em seu endere\u00e7o.<\/p>\n<p>O credenciamento antecipado de visitantes de empresas ou de visitantes aut\u00f4nomos deve ser feito neste link:<\/p>\n<p><span style=\"color: #0000ff;\"><a style=\"color: #0000ff;\" href=\"https:\/\/s2305.digitalenvios.com\/link.php?code=bDpodHRwcyUzQSUyRiUyRnd3dy5zYWlldmV0cm8uY29tJTJGYyUyNUMzJTI1QjNwaWEtY3JlZGVuY2lhbWVudG8tMTozOTcxMzQ3ODUxOnNldmVyaWFuQGpvcm5hbGRhY29uc3RydWNhb2NpdmlsLmNvbS5icjo1ODMyMmY6NDY=\" target=\"_blank\" rel=\"noopener noreferrer\">Link<\/a><\/span><\/p>\n<p>\u00c9 bem simples e r\u00e1pido. Basta escolher o tipo de credencial desejada: <span style=\"color: #0000ff;\">&#8220;Visitante Empresa&#8221;<\/span> ou <span style=\"color: #0000ff;\">&#8220;Profissional Aut\u00f4nomo&#8221;<\/span> e seguir o passo a passo para preencher os dados solicitados. A entrada \u00e9 gratuita.<\/p>\n<p><strong>SERVI\u00c7O<\/strong><\/p>\n<p>Local: CentroSul &#8211; Centro de Conven\u00e7\u00f5es de Florian\u00f3polis<\/p>\n<p>Data: 31 de agosto e 1\u00ba de setembro de 2023<\/p>\n<p><a href=\"https:\/\/s2305.digitalenvios.com\/link.php?code=bDpodHRwcyUzQSUyRiUyRnd3dy5zYWlldmV0cm8uY29tLmJyOjM5NzEzNDc4NTE6c2V2ZXJpYW5Aam9ybmFsZGFjb25zdHJ1Y2FvY2l2aWwuY29tLmJyOmM3ZDY4YTo0Ng==\" target=\"_blank\" rel=\"noopener noreferrer\">Site<\/a><\/p>\n<p>Mais informa\u00e7\u00f5es: saievetro@saievetro.com.br ou pelo telefone + 55 (11) 5539-3200<\/p>\n","protected":false},"excerpt":{"rendered":"<p>A 12\u00aa edi\u00e7\u00e3o do\u00a0Sal\u00e3o da Ind\u00fastria de Esquadrias e Vidro (SAIE VETRO), confirmado para os dias 31 de agosto e 1\u00ba de setembro de 2023 em Florian\u00f3polis (SC), j\u00e1 est\u00e1 com seus 6.000 m\u00b2 de \u00e1rea f\u00edsica totalmente ocupados e contratados pelos mais de 120 expositores de grandes marcas especializadas no setor. &nbsp; O evento, [&hellip;]<\/p>\n","protected":false},"author":1,"featured_media":21738,"comment_status":"open","ping_status":"open","sticky":false,"template":"","format":"standard","meta":{"_uag_custom_page_level_css":"","footnotes":""},"categories":[33],"tags":[24723,25360,25361,24624,5133,25362],"class_list":["post-21737","post","type-post","status-publish","format-standard","has-post-thumbnail","hentry","category-mercado","tag-construcaocivil","tag-esquadriasevidros","tag-pvcnaobra","tag-servicosdeobras","tag-florianopolis-sc","tag-saie-vetro-2023"],"blocksy_meta":[],"spectra_blocks_featured_image_url":{"thumbnail":{"url":"https:\/\/construcaocivil.siriusmarketingedesign.com.br\/wp-content\/uploads\/2023\/05\/handler-16-150x150.jpg","width":150,"height":150},"medium":{"url":"https:\/\/construcaocivil.siriusmarketingedesign.com.br\/wp-content\/uploads\/2023\/05\/handler-16-300x178.jpg","width":300,"height":178},"medium_large":{"url":"https:\/\/construcaocivil.siriusmarketingedesign.com.br\/wp-content\/uploads\/2023\/05\/handler-16-768x455.jpg","width":768,"height":455},"large":{"url":"https:\/\/construcaocivil.siriusmarketingedesign.com.br\/wp-content\/uploads\/2023\/05\/handler-16.jpg","width":800,"height":474},"full":{"url":"https:\/\/construcaocivil.siriusmarketingedesign.com.br\/wp-content\/uploads\/2023\/05\/handler-16.jpg","width":800,"height":474}},"spectra_blocks_author_info":{"display_name":"Jornal da Constru\u00e7\u00e3o Civil","avatar_url":"https:\/\/secure.gravatar.com\/avatar\/973c9774fd44ddaceb026973c4962faa70fc512bc4c9da68e8ebb40fecee6540?s=96&d=mm&r=g","author_link":"https:\/\/construcaocivil.siriusmarketingedesign.com.br\/?author=1","description":"Desde de 2013, levando muitas informa\u00e7\u00f5es, lan\u00e7amentos e produtos de qualidade para toda cadeia produtiva da constru\u00e7\u00e3o. O Futuro da constru\u00e7\u00e3o passa por aqui,"},"uagb_featured_image_src":{"full":["https:\/\/construcaocivil.siriusmarketingedesign.com.br\/wp-content\/uploads\/2023\/05\/handler-16.jpg",800,474,false],"thumbnail":["https:\/\/construcaocivil.siriusmarketingedesign.com.br\/wp-content\/uploads\/2023\/05\/handler-16-150x150.jpg",150,150,true],"medium":["https:\/\/construcaocivil.siriusmarketingedesign.com.br\/wp-content\/uploads\/2023\/05\/handler-16-300x178.jpg",300,178,true],"medium_large":["https:\/\/construcaocivil.siriusmarketingedesign.com.br\/wp-content\/uploads\/2023\/05\/handler-16-768x455.jpg",768,455,true],"large":["https:\/\/construcaocivil.siriusmarketingedesign.com.br\/wp-content\/uploads\/2023\/05\/handler-16.jpg",800,474,false],"1536x1536":["https:\/\/construcaocivil.siriusmarketingedesign.com.br\/wp-content\/uploads\/2023\/05\/handler-16.jpg",800,474,false],"2048x2048":["https:\/\/construcaocivil.siriusmarketingedesign.com.br\/wp-content\/uploads\/2023\/05\/handler-16.jpg",800,474,false]},"uagb_author_info":{"display_name":"Jornal da Constru\u00e7\u00e3o Civil","author_link":"https:\/\/construcaocivil.siriusmarketingedesign.com.br\/?author=1"},"uagb_comment_info":0,"uagb_excerpt":"A 12\u00aa edi\u00e7\u00e3o do\u00a0Sal\u00e3o da Ind\u00fastria de Esquadrias e Vidro (SAIE VETRO), confirmado para os dias 31 de agosto e 1\u00ba de setembro de 2023 em Florian\u00f3polis (SC), j\u00e1 est\u00e1 com seus 6.000 m\u00b2 de \u00e1rea f\u00edsica totalmente ocupados e contratados pelos mais de 120 expositores de grandes marcas especializadas no setor. &nbsp; O evento,&hellip;","_links":{"self":[{"href":"https:\/\/construcaocivil.siriusmarketingedesign.com.br\/index.php?rest_route=\/wp\/v2\/posts\/21737","targetHints":{"allow":["GET"]}}],"collection":[{"href":"https:\/\/construcaocivil.siriusmarketingedesign.com.br\/index.php?rest_route=\/wp\/v2\/posts"}],"about":[{"href":"https:\/\/construcaocivil.siriusmarketingedesign.com.br\/index.php?rest_route=\/wp\/v2\/types\/post"}],"author":[{"embeddable":true,"href":"https:\/\/construcaocivil.siriusmarketingedesign.com.br\/index.php?rest_route=\/wp\/v2\/users\/1"}],"replies":[{"embeddable":true,"href":"https:\/\/construcaocivil.siriusmarketingedesign.com.br\/index.php?rest_route=%2Fwp%2Fv2%2Fcomments&post=21737"}],"version-history":[{"count":0,"href":"https:\/\/construcaocivil.siriusmarketingedesign.com.br\/index.php?rest_route=\/wp\/v2\/posts\/21737\/revisions"}],"wp:featuredmedia":[{"embeddable":true,"href":"https:\/\/construcaocivil.siriusmarketingedesign.com.br\/index.php?rest_route=\/wp\/v2\/media\/21738"}],"wp:attachment":[{"href":"https:\/\/construcaocivil.siriusmarketingedesign.com.br\/index.php?rest_route=%2Fwp%2Fv2%2Fmedia&parent=21737"}],"wp:term":[{"taxonomy":"category","embeddable":true,"href":"https:\/\/construcaocivil.siriusmarketingedesign.com.br\/index.php?rest_route=%2Fwp%2Fv2%2Fcategories&post=21737"},{"taxonomy":"post_tag","embeddable":true,"href":"https:\/\/construcaocivil.siriusmarketingedesign.com.br\/index.php?rest_route=%2Fwp%2Fv2%2Ftags&post=21737"}],"curies":[{"name":"wp","href":"https:\/\/api.w.org\/{rel}","templated":true}]}}