{"id":21755,"date":"2023-05-22T00:04:07","date_gmt":"2023-05-22T03:04:07","guid":{"rendered":"https:\/\/www.jornaldaconstrucaocivil.com.br\/?p=21755"},"modified":"2023-05-22T00:04:07","modified_gmt":"2023-05-22T03:04:07","slug":"3o-congresso-brasileiro-do-hidrogenio-sera-aberto-dia-29-de-maio-em-marica","status":"publish","type":"post","link":"https:\/\/construcaocivil.siriusmarketingedesign.com.br\/?p=21755","title":{"rendered":"3\u00ba Congresso Brasileiro do Hidrog\u00eanio ser\u00e1 aberto dia 29 de maio em Maric\u00e1"},"content":{"rendered":"<p style=\"text-align: justify;\">A terceira edi\u00e7\u00e3o do Congresso Brasileiro do Hidrog\u00eanio ser\u00e1 realizada em Maric\u00e1 nos dias 29, 30 e 31 de maio. O evento vai reunir mais de 40 representantes de entidades brasileiras e internacionais, entre \u00f3rg\u00e3os p\u00fablicos, empresas e associa\u00e7\u00f5es de diversos pa\u00edses como Fran\u00e7a, Espanha e Reino Unido.<\/p>\n<p>O Congresso \u00e9 uma realiza\u00e7\u00e3o da Associa\u00e7\u00e3o Brasileira do Hidrog\u00eanio em parceria com a Prefeitura de Maric\u00e1 e a Companhia de Desenvolvimento de Maric\u00e1 (Codemar). Com o tema \u201cTransi\u00e7\u00e3o energ\u00e9tica, Descarboniza\u00e7\u00e3o e Reindustrializa\u00e7\u00e3o com Uso do Hidrog\u00eanio\u201d, o evento conta com uma vasta programa\u00e7\u00e3o com palestras de especialistas nacionais e estrangeiros, al\u00e9m de uma grande exposi\u00e7\u00e3o, aberta ao p\u00fablico, com produtos de tecnologia e equipamentos de ponta que mostram a import\u00e2ncia do uso do hidrog\u00eanio.<\/p>\n<p>Durante o lan\u00e7amento oficial do evento, realizado na \u00faltima segunda-feira (15), o secret\u00e1rio municipal de Desenvolvimento Econ\u00f4mico, Com\u00e9rcio, Ind\u00fastria, Petr\u00f3leo e Portos, Igor Sardinha, ressaltou que a escolha de Maric\u00e1 para sediar o congresso n\u00e3o foi por acaso. \u201cMaric\u00e1 hoje tem uma economia que pulsa, que \u00e9 forte e se destaca no Brasil, ancorada nos setores de servi\u00e7o, constru\u00e7\u00e3o civil, alicer\u00e7ada em programas da Prefeitura, que aquecem a economia local\u201d, afirmou o secret\u00e1rio.<\/p>\n<p>Tamb\u00e9m presente no lan\u00e7amento, o presidente e professor titular da Associa\u00e7\u00e3o Brasileira do Hidrog\u00eanio e UFRJ\/Coppe, Paulo Em\u00edlio Valad\u00e3o de Miranda, falou sobre o potencial do Brasil para produzir hidrog\u00eanio.<\/p>\n<p>\u201cO Brasil tem uma riqueza j\u00e1 muito bem estabelecida em combust\u00edveis f\u00f3sseis que hoje \u00e9 a principal fonte de produ\u00e7\u00e3o de hidrog\u00eanio, mas tem tamb\u00e9m ao longo do nosso territ\u00f3rio a possibilidade de ter energias renov\u00e1veis como e\u00f3lica, solar e hidr\u00e1ulica, de uma forma a complementar que quer dizer numa certa esta\u00e7\u00e3o do ano tem menos de uma, na outra tem mais e elas se complementam. Al\u00e9m disso, o Brasil tem uma disponibilidade muito grande de biomassas de rejeitos e de manejo que s\u00e3o fontes para a produ\u00e7\u00e3o de hidrog\u00eanio atrav\u00e9s da gaseifica\u00e7\u00e3o ou da biodigest\u00e3o de biomassas. Isso faz com que o nosso pa\u00eds tenha a possibilidade de produzir hidrog\u00eanio de v\u00e1rias formas diferentes e que pode ser usado no setor de transportes, na ind\u00fastria como fonte de calor, como fonte de energia, como elemento redutor. Existem v\u00e1rias utiliza\u00e7\u00f5es para o hidrog\u00eanio\u201d, afirmou o professor.<\/p>\n<p>O 3\u00ba Congresso Brasileiro do Hidrog\u00eanio ser\u00e1 realizado em uma \u00e1rea de tr\u00eas mil metros quadrados, na Barra de Maric\u00e1. O local ser\u00e1 coberto e climatizado. Ser\u00e1 montado um audit\u00f3rio para 400 pessoas, com tradu\u00e7\u00e3o simult\u00e2nea de portugu\u00eas-espanhol e portugu\u00eas-ingl\u00eas. Al\u00e9m disso, haver\u00e1 \u00e1rea de alimenta\u00e7\u00e3o com participa\u00e7\u00e3o de cinco restaurantes e do polo cervejeiro da cidade. O evento vai contar com transfer do Rio de Janeiro para Maric\u00e1, dos aeroportos para Maric\u00e1, al\u00e9m de transfer para a rede gastron\u00f4mica.<\/p>\n<p>Servi\u00e7o<br \/>\n3\u00b0 Congresso Brasileiro do Hidrog\u00eanio<br \/>\nDias: 29, 30 e 31 de maio<br \/>\nLocal: Avenida Jo\u00e3o Saldanha, s\/n\u00ba, Barra de Maric\u00e1<\/p>\n<div id=\":tz\" class=\"ii gt\" style=\"text-align: justify;\">\n<div id=\":v6\" class=\"a3s aiL \">\n<div dir=\"ltr\">\n<div dir=\"ltr\" data-smartmail=\"gmail_signature\">\n<div dir=\"ltr\">\n<div>\n<div dir=\"ltr\">\n<div>Inscri\u00e7\u00f5es pelo site do congresso:\u00a0<a href=\"https:\/\/abh2.org\/3-cbh2\" target=\"_blank\" rel=\"noopener\" data-saferedirecturl=\"https:\/\/www.google.com\/url?q=https:\/\/abh2.org\/3-cbh2&amp;source=gmail&amp;ust=1684810709668000&amp;usg=AOvVaw3gsbJCIClg8gT5SoYf8rw7\"><span style=\"color: #0000ff;\">https:\/\/abh2.org\/3-cbh2<\/span><\/a><\/div>\n<\/div>\n<\/div>\n<\/div>\n<\/div>\n<\/div>\n<div class=\"yj6qo\"><\/div>\n<div class=\"adL\"><\/div>\n<\/div>\n<\/div>\n<div id=\":zf\" class=\"hq gt\" style=\"text-align: justify;\"><\/div>\n","protected":false},"excerpt":{"rendered":"<p>A terceira edi\u00e7\u00e3o do Congresso Brasileiro do Hidrog\u00eanio ser\u00e1 realizada em Maric\u00e1 nos dias 29, 30 e 31 de maio. O evento vai reunir mais de 40 representantes de entidades brasileiras e internacionais, entre \u00f3rg\u00e3os p\u00fablicos, empresas e associa\u00e7\u00f5es de diversos pa\u00edses como Fran\u00e7a, Espanha e Reino Unido. O Congresso \u00e9 uma realiza\u00e7\u00e3o da Associa\u00e7\u00e3o [&hellip;]<\/p>\n","protected":false},"author":1,"featured_media":21756,"comment_status":"open","ping_status":"open","sticky":false,"template":"","format":"standard","meta":{"_uag_custom_page_level_css":"","footnotes":""},"categories":[29],"tags":[25371,7295,7384,10107],"class_list":["post-21755","post","type-post","status-publish","format-standard","has-post-thumbnail","hentry","category-energia","tag-hidrogenio-verde","tag-marica-rj","tag-matriz-energetica","tag-regiao-metropolitana-rj"],"blocksy_meta":[],"spectra_blocks_featured_image_url":{"thumbnail":{"url":"https:\/\/construcaocivil.siriusmarketingedesign.com.br\/wp-content\/uploads\/2023\/05\/Lancamento-Congresso-1-150x150.jpg","width":150,"height":150},"medium":{"url":"https:\/\/construcaocivil.siriusmarketingedesign.com.br\/wp-content\/uploads\/2023\/05\/Lancamento-Congresso-1-300x225.jpg","width":300,"height":225},"medium_large":{"url":"https:\/\/construcaocivil.siriusmarketingedesign.com.br\/wp-content\/uploads\/2023\/05\/Lancamento-Congresso-1-768x576.jpg","width":768,"height":576},"large":{"url":"https:\/\/construcaocivil.siriusmarketingedesign.com.br\/wp-content\/uploads\/2023\/05\/Lancamento-Congresso-1-1024x768.jpg","width":1024,"height":768},"full":{"url":"https:\/\/construcaocivil.siriusmarketingedesign.com.br\/wp-content\/uploads\/2023\/05\/Lancamento-Congresso-1.jpg","width":1280,"height":960}},"spectra_blocks_author_info":{"display_name":"Jornal da Constru\u00e7\u00e3o Civil","avatar_url":"https:\/\/secure.gravatar.com\/avatar\/973c9774fd44ddaceb026973c4962faa70fc512bc4c9da68e8ebb40fecee6540?s=96&d=mm&r=g","author_link":"https:\/\/construcaocivil.siriusmarketingedesign.com.br\/?author=1","description":"Desde de 2013, levando muitas informa\u00e7\u00f5es, lan\u00e7amentos e produtos de qualidade para toda cadeia produtiva da constru\u00e7\u00e3o. O Futuro da constru\u00e7\u00e3o passa por aqui,"},"uagb_featured_image_src":{"full":["https:\/\/construcaocivil.siriusmarketingedesign.com.br\/wp-content\/uploads\/2023\/05\/Lancamento-Congresso-1.jpg",1280,960,false],"thumbnail":["https:\/\/construcaocivil.siriusmarketingedesign.com.br\/wp-content\/uploads\/2023\/05\/Lancamento-Congresso-1-150x150.jpg",150,150,true],"medium":["https:\/\/construcaocivil.siriusmarketingedesign.com.br\/wp-content\/uploads\/2023\/05\/Lancamento-Congresso-1-300x225.jpg",300,225,true],"medium_large":["https:\/\/construcaocivil.siriusmarketingedesign.com.br\/wp-content\/uploads\/2023\/05\/Lancamento-Congresso-1-768x576.jpg",768,576,true],"large":["https:\/\/construcaocivil.siriusmarketingedesign.com.br\/wp-content\/uploads\/2023\/05\/Lancamento-Congresso-1-1024x768.jpg",1024,768,true],"1536x1536":["https:\/\/construcaocivil.siriusmarketingedesign.com.br\/wp-content\/uploads\/2023\/05\/Lancamento-Congresso-1.jpg",1280,960,false],"2048x2048":["https:\/\/construcaocivil.siriusmarketingedesign.com.br\/wp-content\/uploads\/2023\/05\/Lancamento-Congresso-1.jpg",1280,960,false]},"uagb_author_info":{"display_name":"Jornal da Constru\u00e7\u00e3o Civil","author_link":"https:\/\/construcaocivil.siriusmarketingedesign.com.br\/?author=1"},"uagb_comment_info":0,"uagb_excerpt":"A terceira edi\u00e7\u00e3o do Congresso Brasileiro do Hidrog\u00eanio ser\u00e1 realizada em Maric\u00e1 nos dias 29, 30 e 31 de maio. O evento vai reunir mais de 40 representantes de entidades brasileiras e internacionais, entre \u00f3rg\u00e3os p\u00fablicos, empresas e associa\u00e7\u00f5es de diversos pa\u00edses como Fran\u00e7a, Espanha e Reino Unido. O Congresso \u00e9 uma realiza\u00e7\u00e3o da Associa\u00e7\u00e3o&hellip;","_links":{"self":[{"href":"https:\/\/construcaocivil.siriusmarketingedesign.com.br\/index.php?rest_route=\/wp\/v2\/posts\/21755","targetHints":{"allow":["GET"]}}],"collection":[{"href":"https:\/\/construcaocivil.siriusmarketingedesign.com.br\/index.php?rest_route=\/wp\/v2\/posts"}],"about":[{"href":"https:\/\/construcaocivil.siriusmarketingedesign.com.br\/index.php?rest_route=\/wp\/v2\/types\/post"}],"author":[{"embeddable":true,"href":"https:\/\/construcaocivil.siriusmarketingedesign.com.br\/index.php?rest_route=\/wp\/v2\/users\/1"}],"replies":[{"embeddable":true,"href":"https:\/\/construcaocivil.siriusmarketingedesign.com.br\/index.php?rest_route=%2Fwp%2Fv2%2Fcomments&post=21755"}],"version-history":[{"count":0,"href":"https:\/\/construcaocivil.siriusmarketingedesign.com.br\/index.php?rest_route=\/wp\/v2\/posts\/21755\/revisions"}],"wp:featuredmedia":[{"embeddable":true,"href":"https:\/\/construcaocivil.siriusmarketingedesign.com.br\/index.php?rest_route=\/wp\/v2\/media\/21756"}],"wp:attachment":[{"href":"https:\/\/construcaocivil.siriusmarketingedesign.com.br\/index.php?rest_route=%2Fwp%2Fv2%2Fmedia&parent=21755"}],"wp:term":[{"taxonomy":"category","embeddable":true,"href":"https:\/\/construcaocivil.siriusmarketingedesign.com.br\/index.php?rest_route=%2Fwp%2Fv2%2Fcategories&post=21755"},{"taxonomy":"post_tag","embeddable":true,"href":"https:\/\/construcaocivil.siriusmarketingedesign.com.br\/index.php?rest_route=%2Fwp%2Fv2%2Ftags&post=21755"}],"curies":[{"name":"wp","href":"https:\/\/api.w.org\/{rel}","templated":true}]}}