{"id":21773,"date":"2023-05-25T11:46:12","date_gmt":"2023-05-25T14:46:12","guid":{"rendered":"https:\/\/www.jornaldaconstrucaocivil.com.br\/?p=21773"},"modified":"2023-05-25T11:46:12","modified_gmt":"2023-05-25T14:46:12","slug":"firjan-senai-esta-com-inscricoes-abertas-para-curso-de-instalacao-de-sistemas-fotovoltaicos","status":"publish","type":"post","link":"https:\/\/construcaocivil.siriusmarketingedesign.com.br\/?p=21773","title":{"rendered":"Firjan SENAI est\u00e1 com inscri\u00e7\u00f5es abertas para curso de Instala\u00e7\u00e3o de Sistemas Fotovoltaicos"},"content":{"rendered":"<p style=\"text-align: justify;\">Um instalador de sistemas fotovoltaicos \u00e9 o profissional respons\u00e1vel por executar projetos de energia solar idealizados por t\u00e9cnicos ou engenheiros em pr\u00e9dios, resid\u00eancias e empresas. A fun\u00e7\u00e3o est\u00e1 relacionada a uma \u00e1rea com enorme potencial ao alinhar economia financeira, consci\u00eancia socioambiental e autossustentabilidade e que, em 2023, alcan\u00e7ou a marca de 1,6 milh\u00e3o de sistemas instalados em todo o pa\u00eds.<\/p>\n<p style=\"text-align: justify;\">\n<p style=\"text-align: justify;\">Por conta da demanda de m\u00e3o de obra especializada, a Firjan SENAI est\u00e1 com inscri\u00e7\u00f5es abertas para sete turmas, oferecidas nas unidades S\u00e3o Gon\u00e7alo, Caxias e Tijuca. S\u00e3o 175 vagas dispon\u00edveis e a previs\u00e3o de in\u00edcio das pr\u00f3ximas turmas \u00e9 para 05 de junho. Como pr\u00e9-requisito para a inscri\u00e7\u00e3o, o candidato deve ter mais de 18 anos e o ensino fundamental completo.<\/p>\n<p style=\"text-align: justify;\">\nInscri\u00e7\u00f5es:<span style=\"color: #0000ff;\">\u00a0<a style=\"color: #0000ff;\" href=\"https:\/\/s2305.imxsnd24.com\/link.php?code=bDpodHRwcyUzQSUyRiUyRmZpcmphbnNlbmFpLmNvbS5iciUyRmN1cnNvcmlvJTJGcG9ydGFsJTJGZGV0YWxoZS1kby1jdXJzbyUyRmN1cnNvc18wMiUyRmluc3RhbGFkb3ItZGUtc2lzdGVtYXMtZm90b3ZvbHRhaWNvczozNDU2MjA0MDk2OnNldmVyaWFuQGpvcm5hbGRhY29uc3RydWNhb2NpdmlsLmNvbS5icjpkMTZiYTM6NDg=\" target=\"_blank\" rel=\"noopener noreferrer\">Instalador de Sistemas Fotovoltaicos | Cursos Firjan SENAI<\/a><\/span><\/p>\n<p style=\"text-align: justify;\">\n<p style=\"text-align: justify;\">S\u00e9rgio Andolfo, especialista t\u00e9cnico em educa\u00e7\u00e3o da Firjan SENAI informa que os conte\u00fados apresentados em sala de aula t\u00eam por objetivo criar compet\u00eancias para a implementa\u00e7\u00e3o de sistemas fotovoltaicos conectados \u00e0 rede (on grid) e isolados (off grid). Desta forma, os alunos poder\u00e3o montar estruturas para sustenta\u00e7\u00e3o dos m\u00f3dulos fotovoltaicos, executando o cabeamento el\u00e9trico, instalando dispositivos de prote\u00e7\u00e3o e seccionamento, instalando inversores solares e configurando o sistema para monitoramento da energia gerada atrav\u00e9s de smartphone, o que garante seu pleno funcionamento.<\/p>\n<p style=\"text-align: justify;\">\n<p style=\"text-align: justify;\">&#8220;Tendo em vista que o mercado de energia est\u00e1 em constante crescimento, as perspectivas para os profissionais que pretendem atuar nessa \u00e1rea s\u00e3o as melhores poss\u00edveis. Por\u00e9m, \u00e9 necess\u00e1ria uma qualifica\u00e7\u00e3o adequada para a atua\u00e7\u00e3o, com conhecimento te\u00f3rico e pr\u00e1tico bem fundamentado&#8221;, ressalta Andolfo.<\/p>\n","protected":false},"excerpt":{"rendered":"<p>Um instalador de sistemas fotovoltaicos \u00e9 o profissional respons\u00e1vel por executar projetos de energia solar idealizados por t\u00e9cnicos ou engenheiros em pr\u00e9dios, resid\u00eancias e empresas. A fun\u00e7\u00e3o est\u00e1 relacionada a uma \u00e1rea com enorme potencial ao alinhar economia financeira, consci\u00eancia socioambiental e autossustentabilidade e que, em 2023, alcan\u00e7ou a marca de 1,6 milh\u00e3o de sistemas [&hellip;]<\/p>\n","protected":false},"author":1,"featured_media":21774,"comment_status":"open","ping_status":"open","sticky":false,"template":"","format":"standard","meta":{"_uag_custom_page_level_css":"","footnotes":""},"categories":[29],"tags":[25383,25382,24778,3834,25380,25381,11757],"class_list":["post-21773","post","type-post","status-publish","format-standard","has-post-thumbnail","hentry","category-energia","tag-energiasolar","tag-saogoncalo","tag-senairj","tag-duque-de-caxias-rj","tag-firjan-senai-rj","tag-sistemas-fotovoltaicos","tag-tijuca-rj"],"blocksy_meta":[],"spectra_blocks_featured_image_url":{"thumbnail":{"url":"https:\/\/construcaocivil.siriusmarketingedesign.com.br\/wp-content\/uploads\/2023\/05\/PLACA-SOLAR-150x150.jpg","width":150,"height":150},"medium":{"url":"https:\/\/construcaocivil.siriusmarketingedesign.com.br\/wp-content\/uploads\/2023\/05\/PLACA-SOLAR-293x300.jpg","width":293,"height":300},"medium_large":{"url":"https:\/\/construcaocivil.siriusmarketingedesign.com.br\/wp-content\/uploads\/2023\/05\/PLACA-SOLAR-768x788.jpg","width":768,"height":788},"large":{"url":"https:\/\/construcaocivil.siriusmarketingedesign.com.br\/wp-content\/uploads\/2023\/05\/PLACA-SOLAR-999x1024.jpg","width":999,"height":1024},"full":{"url":"https:\/\/construcaocivil.siriusmarketingedesign.com.br\/wp-content\/uploads\/2023\/05\/PLACA-SOLAR.jpg","width":1888,"height":1936}},"spectra_blocks_author_info":{"display_name":"Jornal da Constru\u00e7\u00e3o Civil","avatar_url":"https:\/\/secure.gravatar.com\/avatar\/973c9774fd44ddaceb026973c4962faa70fc512bc4c9da68e8ebb40fecee6540?s=96&d=mm&r=g","author_link":"https:\/\/construcaocivil.siriusmarketingedesign.com.br\/?author=1","description":"Desde de 2013, levando muitas informa\u00e7\u00f5es, lan\u00e7amentos e produtos de qualidade para toda cadeia produtiva da constru\u00e7\u00e3o. O Futuro da constru\u00e7\u00e3o passa por aqui,"},"uagb_featured_image_src":{"full":["https:\/\/construcaocivil.siriusmarketingedesign.com.br\/wp-content\/uploads\/2023\/05\/PLACA-SOLAR.jpg",1888,1936,false],"thumbnail":["https:\/\/construcaocivil.siriusmarketingedesign.com.br\/wp-content\/uploads\/2023\/05\/PLACA-SOLAR-150x150.jpg",150,150,true],"medium":["https:\/\/construcaocivil.siriusmarketingedesign.com.br\/wp-content\/uploads\/2023\/05\/PLACA-SOLAR-293x300.jpg",293,300,true],"medium_large":["https:\/\/construcaocivil.siriusmarketingedesign.com.br\/wp-content\/uploads\/2023\/05\/PLACA-SOLAR-768x788.jpg",768,788,true],"large":["https:\/\/construcaocivil.siriusmarketingedesign.com.br\/wp-content\/uploads\/2023\/05\/PLACA-SOLAR-999x1024.jpg",999,1024,true],"1536x1536":["https:\/\/construcaocivil.siriusmarketingedesign.com.br\/wp-content\/uploads\/2023\/05\/PLACA-SOLAR-1498x1536.jpg",1498,1536,true],"2048x2048":["https:\/\/construcaocivil.siriusmarketingedesign.com.br\/wp-content\/uploads\/2023\/05\/PLACA-SOLAR.jpg",1888,1936,false]},"uagb_author_info":{"display_name":"Jornal da Constru\u00e7\u00e3o Civil","author_link":"https:\/\/construcaocivil.siriusmarketingedesign.com.br\/?author=1"},"uagb_comment_info":0,"uagb_excerpt":"Um instalador de sistemas fotovoltaicos \u00e9 o profissional respons\u00e1vel por executar projetos de energia solar idealizados por t\u00e9cnicos ou engenheiros em pr\u00e9dios, resid\u00eancias e empresas. A fun\u00e7\u00e3o est\u00e1 relacionada a uma \u00e1rea com enorme potencial ao alinhar economia financeira, consci\u00eancia socioambiental e autossustentabilidade e que, em 2023, alcan\u00e7ou a marca de 1,6 milh\u00e3o de sistemas&hellip;","_links":{"self":[{"href":"https:\/\/construcaocivil.siriusmarketingedesign.com.br\/index.php?rest_route=\/wp\/v2\/posts\/21773","targetHints":{"allow":["GET"]}}],"collection":[{"href":"https:\/\/construcaocivil.siriusmarketingedesign.com.br\/index.php?rest_route=\/wp\/v2\/posts"}],"about":[{"href":"https:\/\/construcaocivil.siriusmarketingedesign.com.br\/index.php?rest_route=\/wp\/v2\/types\/post"}],"author":[{"embeddable":true,"href":"https:\/\/construcaocivil.siriusmarketingedesign.com.br\/index.php?rest_route=\/wp\/v2\/users\/1"}],"replies":[{"embeddable":true,"href":"https:\/\/construcaocivil.siriusmarketingedesign.com.br\/index.php?rest_route=%2Fwp%2Fv2%2Fcomments&post=21773"}],"version-history":[{"count":0,"href":"https:\/\/construcaocivil.siriusmarketingedesign.com.br\/index.php?rest_route=\/wp\/v2\/posts\/21773\/revisions"}],"wp:featuredmedia":[{"embeddable":true,"href":"https:\/\/construcaocivil.siriusmarketingedesign.com.br\/index.php?rest_route=\/wp\/v2\/media\/21774"}],"wp:attachment":[{"href":"https:\/\/construcaocivil.siriusmarketingedesign.com.br\/index.php?rest_route=%2Fwp%2Fv2%2Fmedia&parent=21773"}],"wp:term":[{"taxonomy":"category","embeddable":true,"href":"https:\/\/construcaocivil.siriusmarketingedesign.com.br\/index.php?rest_route=%2Fwp%2Fv2%2Fcategories&post=21773"},{"taxonomy":"post_tag","embeddable":true,"href":"https:\/\/construcaocivil.siriusmarketingedesign.com.br\/index.php?rest_route=%2Fwp%2Fv2%2Ftags&post=21773"}],"curies":[{"name":"wp","href":"https:\/\/api.w.org\/{rel}","templated":true}]}}