{"id":21779,"date":"2023-05-26T09:16:27","date_gmt":"2023-05-26T12:16:27","guid":{"rendered":"https:\/\/www.jornaldaconstrucaocivil.com.br\/?p=21779"},"modified":"2023-05-26T09:16:27","modified_gmt":"2023-05-26T12:16:27","slug":"lula-para-ter-um-pais-forte-uma-industria-forte-e-preciso-ter-trabalhadores-fortes","status":"publish","type":"post","link":"https:\/\/construcaocivil.siriusmarketingedesign.com.br\/?p=21779","title":{"rendered":"Lula: \u201cPara ter um pa\u00eds forte, uma ind\u00fastria forte, \u00e9 preciso ter trabalhadores fortes\u201d"},"content":{"rendered":"<p style=\"text-align: justify;\">Uma pol\u00edtica industrial ativa, moderna, competitiva, conectada \u00e0 necessidade de transi\u00e7\u00e3o energ\u00e9tica e capaz de gerar boas condi\u00e7\u00f5es de trabalho e remunera\u00e7\u00e3o aos seus funcion\u00e1rios. Foi com esse horizonte que o presidente Luiz In\u00e1cio Lula da Silva se dirigiu a uma plateia de empres\u00e1rios na sede da Federa\u00e7\u00e3o das Ind\u00fastrias do Estado de S\u00e3o Paulo (FIESP), em evento que marcou o Dia da Ind\u00fastria nesta quinta-feira, 25\/5.<\/p>\n<p style=\"text-align: justify;\">\u201cN\u00f3s precisamos fazer uma pol\u00edtica industrial ativa e altiva, competitiva, moderna, que leve em conta os avan\u00e7os tecnol\u00f3gicos. Para ter um pa\u00eds forte, uma ind\u00fastria forte, \u00e9 preciso trabalhadores fortes, ganhando sal\u00e1rios justos e podendo ser consumidores das coisas que produzem\u201d, disse o presidente. Ele ressaltou que o fortalecimento do setor n\u00e3o implica uma queda de bra\u00e7o com outras \u00e1reas.<\/p>\n<p style=\"text-align: justify;\"><em><span style=\"color: #0000ff;\">\u201cA gente quer que a ind\u00fastria cres\u00e7a, mas a gente quer que a nossa exporta\u00e7\u00e3o de commodities continue crescendo. A gente quer que o nosso agroneg\u00f3cio continue crescendo. \u00c9 importante a gente ter em conta que o Brasil precisa tamb\u00e9m de ser exportador cada vez mais de gr\u00e3os, de carne, das coisas que sabemos produzir. Isso n\u00e3o atrapalha a ind\u00fastria\u201d, <span style=\"color: #000000;\">declarou Lula<\/span>.<\/span><\/em><\/p>\n<p style=\"text-align: justify;\">Mais cedo, no Pal\u00e1cio do Planalto,\u00a0<strong><a class=\"internal-link\" title=\"\" href=\"https:\/\/www.gov.br\/planalto\/pt-br\/acompanhe-o-planalto\/noticias\/2023\/05\/governo-pretende-reduzir-em-ate-10-96-o-preco-de-carros-de-ate-120-mil\" target=\"_self\" data-tippreview-image=\"\" data-tippreview-title=\"\" data-tippreview-enabled=\"false\" rel=\"noopener\">o presidente se encontrou com representantes do setor automotivo e anunciou que o governo pretende reduzir impostos que v\u00e3o permitir reduzir em at\u00e9 10,96% o pre\u00e7o de carros de at\u00e9 R$ 120 mil<\/a><\/strong>.\u00a0\u00a0A iniciativa faz parte de um conjunto de medidas para aquecer a ind\u00fastria brasileira. Os detalhes ser\u00e3o\u00a0apresentados em junho e levam em conta crit\u00e9rios sociais e ambientais.<\/p>\n<div style=\"text-align: justify;\" align=\"center\"><\/div>\n<p style=\"text-align: justify;\">\n<p style=\"text-align: justify;\"><b>RETOMADA &#8211;\u00a0<\/b>Anfitri\u00e3o do evento, Josu\u00e9 Gomes, presidente da FIESP, lembrou que entre os anos de 1940 e 1980 a ind\u00fastria puxou o crescimento do pa\u00eds de forma vertiginosa e garantiu a entrada do Brasil no grupo das dez maiores economias do mundo. A ind\u00fastria alcan\u00e7ou quase 30% de participa\u00e7\u00e3o no PIB do pa\u00eds. Nas \u00faltimas quatro d\u00e9cadas, contudo, a ind\u00fastria estagnou e hoje responde por cerca de 23% do PIB, segundo informa\u00e7\u00f5es do Portal da Ind\u00fastria.<\/p>\n<p style=\"text-align: justify;\">\u201c\u00c9 urgente interromper o processo de desindustrializa\u00e7\u00e3o. Estamos criando as condi\u00e7\u00f5es para que o nosso mercado interno de consumo recupere o vigor. Para que, assim como ocorreu at\u00e9 meados da d\u00e9cada passada, ele volte a ser um dos principais motores a impulsionar a roda de nossa economia\u201d, disse Lula.<\/p>\n<p style=\"text-align: justify;\">O encontro da FIESP reuniu diversas autoridades, entre elas o ministro do Desenvolvimento, Ind\u00fastria, Com\u00e9rcio e Servi\u00e7os e vice-presidente da Rep\u00fablica, Geraldo Alckmin; o ministro da Fazenda, Fernando Haddad; e a ministra da Gest\u00e3o e da Inova\u00e7\u00e3o em Servi\u00e7os P\u00fablicos, Esther Dweck.<\/p>\n<p style=\"text-align: justify;\">Tamb\u00e9m estiveram presentes o presidente do Senado Federal, Rodrigo Pacheco; o presidente do BNDES, Aloizio Mercadante; o presidente da Confedera\u00e7\u00e3o Nacional da Ind\u00fastria, Robson Braga, al\u00e9m de parlamentares e outras autoridades.<\/p>\n<p style=\"text-align: justify;\"><b>REFORMA TRIBUT\u00c1RIA \u2013\u00a0<\/b>Tanto o ministro Fernando Haddad quanto o vice-presidente Geraldo Alckmin destacaram em seus discursos que a reforma tribut\u00e1ria \u00e9 fundamental para que a ind\u00fastria brasileira volte a crescer.<\/p>\n<p style=\"text-align: justify;\">\u201cN\u00f3s queremos apoiar a ind\u00fastria, sabemos do papel da ind\u00fastria para o desenvolvimento nacional. N\u00e3o h\u00e1 como crescer a produtividade no Brasil com esse sistema tribut\u00e1rio. O que queremos \u00e9 ter uma regra est\u00e1vel, em que o Estado saiba quanto investir, quanto gastar, e os empres\u00e1rios saibam se planejar no m\u00e9dio e longo prazo. Os investimentos hoje exigem um prazo de planejamento e de previsibilidade que o sistema tribut\u00e1rio atual n\u00e3o consegue oferecer\u201d, afirmou Haddad.<\/p>\n<p style=\"text-align: justify;\">Geraldo Alckmin elencou uma s\u00e9rie de benef\u00edcios que vir\u00e3o a reboque da reforma tribut\u00e1ria. \u201cVai dar um salto de efici\u00eancia, redu\u00e7\u00e3o de custo Brasil, simplifica\u00e7\u00e3o, ajudar a exporta\u00e7\u00e3o e, enfim, dar um passo importante\u201d, refor\u00e7ou o vice-presidente.<\/p>\n<article>\n<div id=\"content-core\">\n<div id=\"parent-fieldname-text\" class=\"\">\n<div>\n<p><b>BNDES \u2013\u00a0<\/b>Neste Dia da Ind\u00fastria, o Banco Nacional de Desenvolvimento Econ\u00f4mico e Social \u2013 BNDES anunciou uma s\u00e9rie de medidas para fortalecer as atividades industriais do pa\u00eds. Uma delas assegura redu\u00e7\u00e3o de at\u00e9 60% nas taxas praticadas na linha de financiamento voltada para produ\u00e7\u00e3o de bens nacionais para exporta\u00e7\u00e3o para micro, pequenas e m\u00e9dias empresas. As taxas passam de um patamar entre 0,80% e 1,30% ao ano para uma faixa de 0,50% a 0,80% ao ano, o que garante melhores condi\u00e7\u00f5es para as empresas produzirem e exportarem.<\/p>\n<p>J\u00e1 as empresas com receita em d\u00f3lar ou atrelada \u00e0 varia\u00e7\u00e3o cambial ter\u00e3o at\u00e9 R$ 2 bilh\u00f5es para financiar a aquisi\u00e7\u00e3o de m\u00e1quinas com taxa fixa em d\u00f3lar. Al\u00e9m disso, o BNDES anunciou R$ 20 bilh\u00f5es para financiamento de projetos inovadores de pesquisa e desenvolvimento (P&amp;D) com juros de 1,7% ao ano e prazo de dois anos de car\u00eancia. \u201cVai ter dinheiro para inova\u00e7\u00e3o do BNDES a custo barato. Subs\u00eddio n\u00e3o \u00e9 jabuticaba. Transparente, ele \u00e9 indispens\u00e1vel neste p\u00f3s-pandemia\u201d, afirmou Aloizio Mercadante.<\/p>\n<\/div>\n<\/div>\n<\/div>\n<div class=\"visualClear\"><\/div>\n<div class=\"documentActions\"><\/div>\n<\/article>\n<div class=\"column\" style=\"text-align: justify;\"><\/div>\n","protected":false},"excerpt":{"rendered":"<p>Uma pol\u00edtica industrial ativa, moderna, competitiva, conectada \u00e0 necessidade de transi\u00e7\u00e3o energ\u00e9tica e capaz de gerar boas condi\u00e7\u00f5es de trabalho e remunera\u00e7\u00e3o aos seus funcion\u00e1rios. Foi com esse horizonte que o presidente Luiz In\u00e1cio Lula da Silva se dirigiu a uma plateia de empres\u00e1rios na sede da Federa\u00e7\u00e3o das Ind\u00fastrias do Estado de S\u00e3o Paulo [&hellip;]<\/p>\n","protected":false},"author":1,"featured_media":21780,"comment_status":"open","ping_status":"open","sticky":false,"template":"","format":"standard","meta":{"_uag_custom_page_level_css":"","footnotes":""},"categories":[33],"tags":[25388,24728,25387,5052,7077],"class_list":["post-21779","post","type-post","status-publish","format-standard","has-post-thumbnail","hentry","category-mercado","tag-carrospopulares","tag-empregosja","tag-investimentosinfraestrutura","tag-fiesp","tag-lula"],"blocksy_meta":[],"spectra_blocks_featured_image_url":{"thumbnail":{"url":"https:\/\/construcaocivil.siriusmarketingedesign.com.br\/wp-content\/uploads\/2023\/05\/d4ca6191-e348-4848-93fd-4ec63199cdfb-150x150.jpeg","width":150,"height":150},"medium":{"url":"https:\/\/construcaocivil.siriusmarketingedesign.com.br\/wp-content\/uploads\/2023\/05\/d4ca6191-e348-4848-93fd-4ec63199cdfb-300x200.jpeg","width":300,"height":200},"medium_large":{"url":"https:\/\/construcaocivil.siriusmarketingedesign.com.br\/wp-content\/uploads\/2023\/05\/d4ca6191-e348-4848-93fd-4ec63199cdfb.jpeg","width":768,"height":512},"large":{"url":"https:\/\/construcaocivil.siriusmarketingedesign.com.br\/wp-content\/uploads\/2023\/05\/d4ca6191-e348-4848-93fd-4ec63199cdfb.jpeg","width":768,"height":512},"full":{"url":"https:\/\/construcaocivil.siriusmarketingedesign.com.br\/wp-content\/uploads\/2023\/05\/d4ca6191-e348-4848-93fd-4ec63199cdfb.jpeg","width":768,"height":512}},"spectra_blocks_author_info":{"display_name":"Jornal da Constru\u00e7\u00e3o Civil","avatar_url":"https:\/\/secure.gravatar.com\/avatar\/973c9774fd44ddaceb026973c4962faa70fc512bc4c9da68e8ebb40fecee6540?s=96&d=mm&r=g","author_link":"https:\/\/construcaocivil.siriusmarketingedesign.com.br\/?author=1","description":"Desde de 2013, levando muitas informa\u00e7\u00f5es, lan\u00e7amentos e produtos de qualidade para toda cadeia produtiva da constru\u00e7\u00e3o. O Futuro da constru\u00e7\u00e3o passa por aqui,"},"uagb_featured_image_src":{"full":["https:\/\/construcaocivil.siriusmarketingedesign.com.br\/wp-content\/uploads\/2023\/05\/d4ca6191-e348-4848-93fd-4ec63199cdfb.jpeg",768,512,false],"thumbnail":["https:\/\/construcaocivil.siriusmarketingedesign.com.br\/wp-content\/uploads\/2023\/05\/d4ca6191-e348-4848-93fd-4ec63199cdfb-150x150.jpeg",150,150,true],"medium":["https:\/\/construcaocivil.siriusmarketingedesign.com.br\/wp-content\/uploads\/2023\/05\/d4ca6191-e348-4848-93fd-4ec63199cdfb-300x200.jpeg",300,200,true],"medium_large":["https:\/\/construcaocivil.siriusmarketingedesign.com.br\/wp-content\/uploads\/2023\/05\/d4ca6191-e348-4848-93fd-4ec63199cdfb.jpeg",768,512,false],"large":["https:\/\/construcaocivil.siriusmarketingedesign.com.br\/wp-content\/uploads\/2023\/05\/d4ca6191-e348-4848-93fd-4ec63199cdfb.jpeg",768,512,false],"1536x1536":["https:\/\/construcaocivil.siriusmarketingedesign.com.br\/wp-content\/uploads\/2023\/05\/d4ca6191-e348-4848-93fd-4ec63199cdfb.jpeg",768,512,false],"2048x2048":["https:\/\/construcaocivil.siriusmarketingedesign.com.br\/wp-content\/uploads\/2023\/05\/d4ca6191-e348-4848-93fd-4ec63199cdfb.jpeg",768,512,false]},"uagb_author_info":{"display_name":"Jornal da Constru\u00e7\u00e3o Civil","author_link":"https:\/\/construcaocivil.siriusmarketingedesign.com.br\/?author=1"},"uagb_comment_info":0,"uagb_excerpt":"Uma pol\u00edtica industrial ativa, moderna, competitiva, conectada \u00e0 necessidade de transi\u00e7\u00e3o energ\u00e9tica e capaz de gerar boas condi\u00e7\u00f5es de trabalho e remunera\u00e7\u00e3o aos seus funcion\u00e1rios. Foi com esse horizonte que o presidente Luiz In\u00e1cio Lula da Silva se dirigiu a uma plateia de empres\u00e1rios na sede da Federa\u00e7\u00e3o das Ind\u00fastrias do Estado de S\u00e3o Paulo&hellip;","_links":{"self":[{"href":"https:\/\/construcaocivil.siriusmarketingedesign.com.br\/index.php?rest_route=\/wp\/v2\/posts\/21779","targetHints":{"allow":["GET"]}}],"collection":[{"href":"https:\/\/construcaocivil.siriusmarketingedesign.com.br\/index.php?rest_route=\/wp\/v2\/posts"}],"about":[{"href":"https:\/\/construcaocivil.siriusmarketingedesign.com.br\/index.php?rest_route=\/wp\/v2\/types\/post"}],"author":[{"embeddable":true,"href":"https:\/\/construcaocivil.siriusmarketingedesign.com.br\/index.php?rest_route=\/wp\/v2\/users\/1"}],"replies":[{"embeddable":true,"href":"https:\/\/construcaocivil.siriusmarketingedesign.com.br\/index.php?rest_route=%2Fwp%2Fv2%2Fcomments&post=21779"}],"version-history":[{"count":0,"href":"https:\/\/construcaocivil.siriusmarketingedesign.com.br\/index.php?rest_route=\/wp\/v2\/posts\/21779\/revisions"}],"wp:featuredmedia":[{"embeddable":true,"href":"https:\/\/construcaocivil.siriusmarketingedesign.com.br\/index.php?rest_route=\/wp\/v2\/media\/21780"}],"wp:attachment":[{"href":"https:\/\/construcaocivil.siriusmarketingedesign.com.br\/index.php?rest_route=%2Fwp%2Fv2%2Fmedia&parent=21779"}],"wp:term":[{"taxonomy":"category","embeddable":true,"href":"https:\/\/construcaocivil.siriusmarketingedesign.com.br\/index.php?rest_route=%2Fwp%2Fv2%2Fcategories&post=21779"},{"taxonomy":"post_tag","embeddable":true,"href":"https:\/\/construcaocivil.siriusmarketingedesign.com.br\/index.php?rest_route=%2Fwp%2Fv2%2Ftags&post=21779"}],"curies":[{"name":"wp","href":"https:\/\/api.w.org\/{rel}","templated":true}]}}