{"id":21797,"date":"2023-05-28T19:35:07","date_gmt":"2023-05-28T22:35:07","guid":{"rendered":"https:\/\/www.jornaldaconstrucaocivil.com.br\/?p=21797"},"modified":"2023-05-28T22:48:38","modified_gmt":"2023-05-29T01:48:38","slug":"cais-do-valongo-bndes-mobiliza-r-20-milhoes-para-acoes-na-pequena-africa-no-rio","status":"publish","type":"post","link":"https:\/\/construcaocivil.siriusmarketingedesign.com.br\/?p=21797","title":{"rendered":"Cais do Valongo: BNDES mobiliza R$ 20 milh\u00f5es para a\u00e7\u00f5es na Pequena \u00c1frica, no Rio"},"content":{"rendered":"<p style=\"text-align: justify;\">O Banco Nacional de Desenvolvimento Econ\u00f4mico e Social (BNDES), coordenador-executivo da Iniciativa Valongo, mobilizou R$ 20 milh\u00f5es para dar in\u00edcio \u00e0s a\u00e7\u00f5es que pretendem requalificar o territ\u00f3rio da Pequena \u00c1frica, na zona portu\u00e1ria do Rio de Janeiro. O an\u00fancio foi feito pelo presidente do Banco, Aloizio Mercadante, durante o semin\u00e1rio\u00a0<i>Empoderamento Negro para Transforma\u00e7\u00e3o da Economia<\/i>, que aconteceu na \u00faltima ter\u00e7a-feira, 23, na sede da institui\u00e7\u00e3o, com apoio da Open Society Foundations e participa\u00e7\u00e3o das ministras da Igualdade Racial, Anielle Franco, e da Cultura, Margareth Menezes.<\/p>\n<p style=\"text-align: justify;\">Metade dos recursos vir\u00e1 do Fundo Cultural do BNDES. Os outros R$ 10 milh\u00f5es ser\u00e3o aportados por parceiros com os quais o Banco est\u00e1 em tratativas. O montante viabilizar\u00e1 as duas primeiras etapas da iniciativa, que consistem em a\u00e7\u00f5es de fortalecimento e organiza\u00e7\u00e3o das institui\u00e7\u00f5es que j\u00e1 atuam no territ\u00f3rio e elabora\u00e7\u00e3o do conceito museal do futuro Museu Nacional da heran\u00e7a africana, al\u00e9m da estrutura\u00e7\u00e3o de projetos para fortalecer o Distrito Cultural da Pequena \u00c1frica.<\/p>\n<p style=\"text-align: justify;\">Para tanto, ser\u00e1 lan\u00e7ado um edital de chamada p\u00fablica que selecionar\u00e1 como parceiro gestor uma institui\u00e7\u00e3o sem fins lucrativos cujas atribui\u00e7\u00f5es ser\u00e3o capacitar as institui\u00e7\u00f5es locais em gest\u00e3o financeira, fomentar a atua\u00e7\u00e3o em rede, realizar tutoria em elabora\u00e7\u00e3o de projetos culturais e fazer chegar recursos para efetivar as iniciativas elaboradas. Caber\u00e1 ainda a esse gestor \u2013 que deve cumprir requisitos de legitimidade, equidade racial e capacidade de execu\u00e7\u00e3o \u2013 a escuta ativa do territ\u00f3rio na elabora\u00e7\u00e3o do conceito museal.<br \/>\n\u00adTamb\u00e9m ser\u00e3o contratados consultores para estruturar os equipamentos do Distrito Cultural da Pequena \u00c1frica, incluindo o pr\u00f3prio Museu Nacional, que deve ser composto do Museu da Mem\u00f3ria e Heran\u00e7a Africana, do Centro de Interpreta\u00e7\u00e3o do Cais do Valongo \u2013 obriga\u00e7\u00e3o do Brasil perante a Unesco, em decorr\u00eancia do t\u00edtulo de Patrim\u00f4nio Mundial &#8211; e do Laborat\u00f3rio de Arqueologia Urbana (LAAU), revelado em 2011 durante as obras do Porto Maravilha.<\/p>\n<p style=\"text-align: justify;\">Essa etapa tamb\u00e9m se dedicar\u00e1 ao mapeamento de pr\u00e9dios p\u00fablicos hist\u00f3ricos ociosos na Regi\u00e3o que possam ser utilizados para atra\u00e7\u00e3o de iniciativas dinamizadoras do territ\u00f3rio, como universidades, bibliotecas, aceleradoras de startups e empresas de tecnologia, em seguimento a a\u00e7\u00f5es que j\u00e1 v\u00eam sendo desenvolvidas pelo BNDES nesse sentido junto \u00e0 Prefeitura do Rio de Janeiro. Por fim, devem ser estruturados os instrumentos financeiros que deem sustenta\u00e7\u00e3o e perenidade ao museu e aos demais equipamentos do museu vivo da Pequena \u00c1frica.<\/p>\n<p style=\"text-align: justify;\">Essas duas primeiras fases t\u00eam conclus\u00e3o prevista para o segundo semestre de 2024, quando, ent\u00e3o, podem ter in\u00edcio as obras de restauro propriamente ditas do pr\u00e9dio das Docas Dom Pedro II &#8211; erguido, no segundo imp\u00e9rio, pelo engenheiro negro Andr\u00e9 Rebou\u00e7as \u2013 e dos demais equipamentos do territ\u00f3rio, bem como a implanta\u00e7\u00e3o museol\u00f3gica e as atividades para o desenvolvimento econ\u00f4mico e social do territ\u00f3rio. &#8220;N\u00e3o vamos fazer um museu pronto, de cima para baixo. O processo de resgate da mem\u00f3ria e constru\u00e7\u00e3o tem que ser aberto e ouvir a comunidade local. Estamos diante do pr\u00e9-sal da mem\u00f3ria africana&#8221;, discursou Mercadante, na ocasi\u00e3o.<br \/>\n<b><\/b><\/p>\n<p style=\"text-align: justify;\"><b>Governan\u00e7a<\/b>\u00a0\u2013 A governan\u00e7a da Iniciativa Valongo constitui-se de duas inst\u00e2ncias independentes e complementares. Uma delas, da qual o BNDES \u00e9 coordenador-executivo, \u00e9 o Grupo de Trabalho Interministerial Cais do Valongo. Institu\u00eddo por Decreto Presidencial em mar\u00e7o \u00faltimo, ele \u00e9 composto de integrantes dos Minist\u00e9rios da Cultura, da Igualdade Racial e dos Direitos Humanos, al\u00e9m de IPHAN, Funda\u00e7\u00e3o Palmares e Instituto Brasileiro de Museus (Ibram), sendo a Prefeitura do Rio convidada permanente.<br \/>\nEm outra ponta, o Comit\u00ea Gestor participativo do Cais do Valongo, formado pelas institui\u00e7\u00f5es que j\u00e1 atuam na preserva\u00e7\u00e3o do territ\u00f3rio e da mem\u00f3ria do museu vivo da Pequena \u00c1frica. O objetivo do colegiado \u00e9 garantir a efetiva participa\u00e7\u00e3o da sociedade civil na gest\u00e3o do patrim\u00f4nio hist\u00f3rico, zelando pela legitimidade e pela representatividade em seus processos e produtos e minimizando riscos de gentrifica\u00e7\u00e3o. (Fonte &#8211; BNDES)<\/p>\n<p><strong>OBSERVA\u00c7\u00c3O:\u00a0<\/strong><\/p>\n<p style=\"text-align: justify;\"><em><strong><span style=\"color: #993300;\">O semin\u00e1rio para empoderar os negros no Brasil realizado pelo BNDES foi bem pertinente ao atual momento da crise econ\u00f4mica terr\u00edvel que passa o povo afrodescendente, com desemprego alto, viol\u00eancia epid\u00eamica, racismo estrutural, falta de sa\u00fade entre outros problemas, entretanto, o evento ficou a desejar pela falta de presen\u00e7a do <span style=\"color: #0000ff;\">Banco do Brasil<\/span> e da <span style=\"color: #0000ff;\">Caixa Econ\u00f4mica Federal. <\/span><\/span><\/strong><\/em><\/p>\n<p style=\"text-align: justify;\"><em><strong><span style=\"color: #993300;\">Somente a <span style=\"color: #000000;\">CAIXA<\/span> faturou de saldo no 1\u00baTRI\/23, em cima dos pobres via EMPREST\u00cdMO CONSIGNADO DA FOME, R$103 Bilh\u00f5es. Colocar esse dinheiro na economia ou nos neg\u00f3cios dos negros brasileiros seria bom ?\u00a0<\/span><\/strong><\/em><\/p>\n","protected":false},"excerpt":{"rendered":"<p>O Banco Nacional de Desenvolvimento Econ\u00f4mico e Social (BNDES), coordenador-executivo da Iniciativa Valongo, mobilizou R$ 20 milh\u00f5es para dar in\u00edcio \u00e0s a\u00e7\u00f5es que pretendem requalificar o territ\u00f3rio da Pequena \u00c1frica, na zona portu\u00e1ria do Rio de Janeiro. O an\u00fancio foi feito pelo presidente do Banco, Aloizio Mercadante, durante o semin\u00e1rio\u00a0Empoderamento Negro para Transforma\u00e7\u00e3o da Economia, [&hellip;]<\/p>\n","protected":false},"author":1,"featured_media":21798,"comment_status":"open","ping_status":"open","sticky":false,"template":"","format":"standard","meta":{"_uag_custom_page_level_css":"","footnotes":""},"categories":[27],"tags":[25402,25401,25398,25399,25400,1464],"class_list":["post-21797","post","type-post","status-publish","format-standard","has-post-thumbnail","hentry","category-acontece","tag-dinheiroparapequenosnegocios","tag-gresmangueira","tag-museuafro","tag-negociosafrobrasileiro","tag-portomaravilha","tag-bndes"],"blocksy_meta":[],"spectra_blocks_featured_image_url":{"thumbnail":{"url":"https:\/\/construcaocivil.siriusmarketingedesign.com.br\/wp-content\/uploads\/2023\/05\/BNDES-MANGUEIRA-150x150.jpg","width":150,"height":150},"medium":{"url":"https:\/\/construcaocivil.siriusmarketingedesign.com.br\/wp-content\/uploads\/2023\/05\/BNDES-MANGUEIRA-300x188.jpg","width":300,"height":188},"medium_large":{"url":"https:\/\/construcaocivil.siriusmarketingedesign.com.br\/wp-content\/uploads\/2023\/05\/BNDES-MANGUEIRA-768x480.jpg","width":768,"height":480},"large":{"url":"https:\/\/construcaocivil.siriusmarketingedesign.com.br\/wp-content\/uploads\/2023\/05\/BNDES-MANGUEIRA-1024x641.jpg","width":1024,"height":641},"full":{"url":"https:\/\/construcaocivil.siriusmarketingedesign.com.br\/wp-content\/uploads\/2023\/05\/BNDES-MANGUEIRA-scaled.jpg","width":2560,"height":1602}},"spectra_blocks_author_info":{"display_name":"Jornal da Constru\u00e7\u00e3o Civil","avatar_url":"https:\/\/secure.gravatar.com\/avatar\/973c9774fd44ddaceb026973c4962faa70fc512bc4c9da68e8ebb40fecee6540?s=96&d=mm&r=g","author_link":"https:\/\/construcaocivil.siriusmarketingedesign.com.br\/?author=1","description":"Desde de 2013, levando muitas informa\u00e7\u00f5es, lan\u00e7amentos e produtos de qualidade para toda cadeia produtiva da constru\u00e7\u00e3o. O Futuro da constru\u00e7\u00e3o passa por aqui,"},"uagb_featured_image_src":{"full":["https:\/\/construcaocivil.siriusmarketingedesign.com.br\/wp-content\/uploads\/2023\/05\/BNDES-MANGUEIRA-scaled.jpg",2560,1602,false],"thumbnail":["https:\/\/construcaocivil.siriusmarketingedesign.com.br\/wp-content\/uploads\/2023\/05\/BNDES-MANGUEIRA-150x150.jpg",150,150,true],"medium":["https:\/\/construcaocivil.siriusmarketingedesign.com.br\/wp-content\/uploads\/2023\/05\/BNDES-MANGUEIRA-300x188.jpg",300,188,true],"medium_large":["https:\/\/construcaocivil.siriusmarketingedesign.com.br\/wp-content\/uploads\/2023\/05\/BNDES-MANGUEIRA-768x480.jpg",768,480,true],"large":["https:\/\/construcaocivil.siriusmarketingedesign.com.br\/wp-content\/uploads\/2023\/05\/BNDES-MANGUEIRA-1024x641.jpg",1024,641,true],"1536x1536":["https:\/\/construcaocivil.siriusmarketingedesign.com.br\/wp-content\/uploads\/2023\/05\/BNDES-MANGUEIRA-1536x961.jpg",1536,961,true],"2048x2048":["https:\/\/construcaocivil.siriusmarketingedesign.com.br\/wp-content\/uploads\/2023\/05\/BNDES-MANGUEIRA-2048x1281.jpg",2048,1281,true]},"uagb_author_info":{"display_name":"Jornal da Constru\u00e7\u00e3o Civil","author_link":"https:\/\/construcaocivil.siriusmarketingedesign.com.br\/?author=1"},"uagb_comment_info":0,"uagb_excerpt":"O Banco Nacional de Desenvolvimento Econ\u00f4mico e Social (BNDES), coordenador-executivo da Iniciativa Valongo, mobilizou R$ 20 milh\u00f5es para dar in\u00edcio \u00e0s a\u00e7\u00f5es que pretendem requalificar o territ\u00f3rio da Pequena \u00c1frica, na zona portu\u00e1ria do Rio de Janeiro. O an\u00fancio foi feito pelo presidente do Banco, Aloizio Mercadante, durante o semin\u00e1rio\u00a0Empoderamento Negro para Transforma\u00e7\u00e3o da Economia,&hellip;","_links":{"self":[{"href":"https:\/\/construcaocivil.siriusmarketingedesign.com.br\/index.php?rest_route=\/wp\/v2\/posts\/21797","targetHints":{"allow":["GET"]}}],"collection":[{"href":"https:\/\/construcaocivil.siriusmarketingedesign.com.br\/index.php?rest_route=\/wp\/v2\/posts"}],"about":[{"href":"https:\/\/construcaocivil.siriusmarketingedesign.com.br\/index.php?rest_route=\/wp\/v2\/types\/post"}],"author":[{"embeddable":true,"href":"https:\/\/construcaocivil.siriusmarketingedesign.com.br\/index.php?rest_route=\/wp\/v2\/users\/1"}],"replies":[{"embeddable":true,"href":"https:\/\/construcaocivil.siriusmarketingedesign.com.br\/index.php?rest_route=%2Fwp%2Fv2%2Fcomments&post=21797"}],"version-history":[{"count":0,"href":"https:\/\/construcaocivil.siriusmarketingedesign.com.br\/index.php?rest_route=\/wp\/v2\/posts\/21797\/revisions"}],"wp:featuredmedia":[{"embeddable":true,"href":"https:\/\/construcaocivil.siriusmarketingedesign.com.br\/index.php?rest_route=\/wp\/v2\/media\/21798"}],"wp:attachment":[{"href":"https:\/\/construcaocivil.siriusmarketingedesign.com.br\/index.php?rest_route=%2Fwp%2Fv2%2Fmedia&parent=21797"}],"wp:term":[{"taxonomy":"category","embeddable":true,"href":"https:\/\/construcaocivil.siriusmarketingedesign.com.br\/index.php?rest_route=%2Fwp%2Fv2%2Fcategories&post=21797"},{"taxonomy":"post_tag","embeddable":true,"href":"https:\/\/construcaocivil.siriusmarketingedesign.com.br\/index.php?rest_route=%2Fwp%2Fv2%2Ftags&post=21797"}],"curies":[{"name":"wp","href":"https:\/\/api.w.org\/{rel}","templated":true}]}}