{"id":21809,"date":"2023-05-30T00:26:05","date_gmt":"2023-05-30T03:26:05","guid":{"rendered":"https:\/\/www.jornaldaconstrucaocivil.com.br\/?p=21809"},"modified":"2023-05-30T00:26:05","modified_gmt":"2023-05-30T03:26:05","slug":"mp-construtora-inaugura-novo-hub-de-tendencias-e-lancamentos-no-shopping-partage","status":"publish","type":"post","link":"https:\/\/construcaocivil.siriusmarketingedesign.com.br\/?p=21809","title":{"rendered":"MP Construtora inaugura novo hub de tend\u00eancias e lan\u00e7amentos no Shopping Partage"},"content":{"rendered":"<p style=\"text-align: justify;\">Assim como o Centro de Niter\u00f3i, S\u00e3o Gon\u00e7alo est\u00e1 oferecendo mais oportunidades de moradia para atender \u00e0 demanda crescente por im\u00f3veis residenciais. A MP Construtora, refer\u00eancia na regi\u00e3o, inaugura no pr\u00f3ximo s\u00e1bado, 3 de junho, o Espa\u00e7o MP no Shopping Partage, em S\u00e3o Gon\u00e7alo. Esse ambiente inovador e moderno proporcionar\u00e1 aos clientes a chance de conhecer de perto as diversas op\u00e7\u00f5es de produtos dispon\u00edveis na regi\u00e3o.<\/p>\n<p style=\"text-align: justify;\">O Gerente de Marketing da MP Construtora Gesiel Dias, destaca o lan\u00e7amento do Espa\u00e7o MP como uma resposta \u00e0 procura intensa por novos empreendimentos em S\u00e3o Gon\u00e7alo. \u201cO objetivo \u00e9 oferecer aos clientes um local \u00fanico onde possam explorar as tend\u00eancias do mercado, participar de eventos como workshops e conferir os im\u00f3veis dispon\u00edveis da MP Construtora na regi\u00e3o\u201d, explicou.<\/p>\n<p style=\"text-align: justify;\">Com 11 anos de hist\u00f3ria, a MP Construtora se destaca por suas constru\u00e7\u00f5es inovadoras que priorizam o bem-estar, seguran\u00e7a, lazer e mobilidade. O Espa\u00e7o MP, localizado no quarto piso do Shopping Partage, oferecer\u00e1 um atendimento personalizado, incluindo uma brinquedoteca para as crian\u00e7as, um espa\u00e7o caf\u00e9, uma cozinha gourmet para eventos especiais, al\u00e9m de apresentar o decorado em tamanho real do pr\u00f3ximo lan\u00e7amento, Jardim Central 3, em S\u00e3o Gon\u00e7alo, e a maquete do Miriad, um empreendimento de multipropriedades em Arraial do Cabo, na Regi\u00e3o dos Lagos.<\/p>\n<figure id=\"attachment_21811\" aria-describedby=\"caption-attachment-21811\" style=\"width: 300px\" class=\"wp-caption alignleft\"><img loading=\"lazy\" decoding=\"async\" class=\"size-medium wp-image-21811\" src=\"https:\/\/www.jornaldaconstrucaocivil.com.br\/wp-content\/uploads\/2023\/05\/MP-DECORADO-JC3-09-3D-SUITE-R01-300x169.jpg\" alt=\"\" width=\"300\" height=\"169\" srcset=\"https:\/\/construcaocivil.siriusmarketingedesign.com.br\/wp-content\/uploads\/2023\/05\/MP-DECORADO-JC3-09-3D-SUITE-R01-300x169.jpg 300w, https:\/\/construcaocivil.siriusmarketingedesign.com.br\/wp-content\/uploads\/2023\/05\/MP-DECORADO-JC3-09-3D-SUITE-R01-1024x576.jpg 1024w, https:\/\/construcaocivil.siriusmarketingedesign.com.br\/wp-content\/uploads\/2023\/05\/MP-DECORADO-JC3-09-3D-SUITE-R01-768x432.jpg 768w, https:\/\/construcaocivil.siriusmarketingedesign.com.br\/wp-content\/uploads\/2023\/05\/MP-DECORADO-JC3-09-3D-SUITE-R01-1536x864.jpg 1536w, https:\/\/construcaocivil.siriusmarketingedesign.com.br\/wp-content\/uploads\/2023\/05\/MP-DECORADO-JC3-09-3D-SUITE-R01-2048x1152.jpg 2048w\" sizes=\"auto, (max-width: 300px) 100vw, 300px\" \/><figcaption id=\"caption-attachment-21811\" class=\"wp-caption-text\">MP Construtora<br \/>MP &#8211; Apartamento decorado su\u00edte<\/figcaption><\/figure>\n<p style=\"text-align: justify;\"><strong>JC3<\/strong><\/p>\n<p style=\"text-align: justify;\">Entre os empreendimentos destacados, o JC3 \u00e9 um projeto enquadrado no Programa Minha Casa, Minha Vida, inspirado na Semana de Arte Moderna. Com duas torres e 528 unidades de um, dois e tr\u00eas quartos, o empreendimento oferece diversas op\u00e7\u00f5es de lazer, como piscinas, sauna, \u00e1rea para churrasco, sal\u00e3o de festas, academia e espa\u00e7o coworking.<\/p>\n<p style=\"text-align: justify;\"><strong>Coquetel &#8211; Pr\u00e9-lan\u00e7amento<\/strong><\/p>\n<p style=\"text-align: justify;\">No s\u00e1bado, 3 de junho, ser\u00e1 realizado um coquetel de inaugura\u00e7\u00e3o do Espa\u00e7o MP, a partir das 10h, no Shopping Partage. A entrada \u00e9 gratuita, e o endere\u00e7o \u00e9 Av. Pres. Kennedy, 425 &#8211; Centro, S\u00e3o Gon\u00e7alo, no 4\u00ba piso.<\/p>\n","protected":false},"excerpt":{"rendered":"<p>Assim como o Centro de Niter\u00f3i, S\u00e3o Gon\u00e7alo est\u00e1 oferecendo mais oportunidades de moradia para atender \u00e0 demanda crescente por im\u00f3veis residenciais. A MP Construtora, refer\u00eancia na regi\u00e3o, inaugura no pr\u00f3ximo s\u00e1bado, 3 de junho, o Espa\u00e7o MP no Shopping Partage, em S\u00e3o Gon\u00e7alo. Esse ambiente inovador e moderno proporcionar\u00e1 aos clientes a chance de [&hellip;]<\/p>\n","protected":false},"author":1,"featured_media":21810,"comment_status":"open","ping_status":"open","sticky":false,"template":"","format":"standard","meta":{"_uag_custom_page_level_css":"","footnotes":""},"categories":[30],"tags":[24675,25382,18164,25411,8127],"class_list":["post-21809","post","type-post","status-publish","format-standard","has-post-thumbnail","hentry","category-imoveis","tag-minhacasaminhavida","tag-saogoncalo","tag-apartamento-decorado","tag-mp-construtora","tag-niteroi"],"blocksy_meta":[],"spectra_blocks_featured_image_url":{"thumbnail":{"url":"https:\/\/construcaocivil.siriusmarketingedesign.com.br\/wp-content\/uploads\/2023\/05\/MP-DECORADO-JC3-02-3D-SALA-R01-150x150.jpg","width":150,"height":150},"medium":{"url":"https:\/\/construcaocivil.siriusmarketingedesign.com.br\/wp-content\/uploads\/2023\/05\/MP-DECORADO-JC3-02-3D-SALA-R01-300x169.jpg","width":300,"height":169},"medium_large":{"url":"https:\/\/construcaocivil.siriusmarketingedesign.com.br\/wp-content\/uploads\/2023\/05\/MP-DECORADO-JC3-02-3D-SALA-R01-768x432.jpg","width":768,"height":432},"large":{"url":"https:\/\/construcaocivil.siriusmarketingedesign.com.br\/wp-content\/uploads\/2023\/05\/MP-DECORADO-JC3-02-3D-SALA-R01-1024x576.jpg","width":1024,"height":576},"full":{"url":"https:\/\/construcaocivil.siriusmarketingedesign.com.br\/wp-content\/uploads\/2023\/05\/MP-DECORADO-JC3-02-3D-SALA-R01-scaled.jpg","width":2560,"height":1440}},"spectra_blocks_author_info":{"display_name":"Jornal da Constru\u00e7\u00e3o Civil","avatar_url":"https:\/\/secure.gravatar.com\/avatar\/973c9774fd44ddaceb026973c4962faa70fc512bc4c9da68e8ebb40fecee6540?s=96&d=mm&r=g","author_link":"https:\/\/construcaocivil.siriusmarketingedesign.com.br\/?author=1","description":"Desde de 2013, levando muitas informa\u00e7\u00f5es, lan\u00e7amentos e produtos de qualidade para toda cadeia produtiva da constru\u00e7\u00e3o. O Futuro da constru\u00e7\u00e3o passa por aqui,"},"uagb_featured_image_src":{"full":["https:\/\/construcaocivil.siriusmarketingedesign.com.br\/wp-content\/uploads\/2023\/05\/MP-DECORADO-JC3-02-3D-SALA-R01-scaled.jpg",2560,1440,false],"thumbnail":["https:\/\/construcaocivil.siriusmarketingedesign.com.br\/wp-content\/uploads\/2023\/05\/MP-DECORADO-JC3-02-3D-SALA-R01-150x150.jpg",150,150,true],"medium":["https:\/\/construcaocivil.siriusmarketingedesign.com.br\/wp-content\/uploads\/2023\/05\/MP-DECORADO-JC3-02-3D-SALA-R01-300x169.jpg",300,169,true],"medium_large":["https:\/\/construcaocivil.siriusmarketingedesign.com.br\/wp-content\/uploads\/2023\/05\/MP-DECORADO-JC3-02-3D-SALA-R01-768x432.jpg",768,432,true],"large":["https:\/\/construcaocivil.siriusmarketingedesign.com.br\/wp-content\/uploads\/2023\/05\/MP-DECORADO-JC3-02-3D-SALA-R01-1024x576.jpg",1024,576,true],"1536x1536":["https:\/\/construcaocivil.siriusmarketingedesign.com.br\/wp-content\/uploads\/2023\/05\/MP-DECORADO-JC3-02-3D-SALA-R01-1536x864.jpg",1536,864,true],"2048x2048":["https:\/\/construcaocivil.siriusmarketingedesign.com.br\/wp-content\/uploads\/2023\/05\/MP-DECORADO-JC3-02-3D-SALA-R01-2048x1152.jpg",2048,1152,true]},"uagb_author_info":{"display_name":"Jornal da Constru\u00e7\u00e3o Civil","author_link":"https:\/\/construcaocivil.siriusmarketingedesign.com.br\/?author=1"},"uagb_comment_info":0,"uagb_excerpt":"Assim como o Centro de Niter\u00f3i, S\u00e3o Gon\u00e7alo est\u00e1 oferecendo mais oportunidades de moradia para atender \u00e0 demanda crescente por im\u00f3veis residenciais. A MP Construtora, refer\u00eancia na regi\u00e3o, inaugura no pr\u00f3ximo s\u00e1bado, 3 de junho, o Espa\u00e7o MP no Shopping Partage, em S\u00e3o Gon\u00e7alo. Esse ambiente inovador e moderno proporcionar\u00e1 aos clientes a chance de&hellip;","_links":{"self":[{"href":"https:\/\/construcaocivil.siriusmarketingedesign.com.br\/index.php?rest_route=\/wp\/v2\/posts\/21809","targetHints":{"allow":["GET"]}}],"collection":[{"href":"https:\/\/construcaocivil.siriusmarketingedesign.com.br\/index.php?rest_route=\/wp\/v2\/posts"}],"about":[{"href":"https:\/\/construcaocivil.siriusmarketingedesign.com.br\/index.php?rest_route=\/wp\/v2\/types\/post"}],"author":[{"embeddable":true,"href":"https:\/\/construcaocivil.siriusmarketingedesign.com.br\/index.php?rest_route=\/wp\/v2\/users\/1"}],"replies":[{"embeddable":true,"href":"https:\/\/construcaocivil.siriusmarketingedesign.com.br\/index.php?rest_route=%2Fwp%2Fv2%2Fcomments&post=21809"}],"version-history":[{"count":0,"href":"https:\/\/construcaocivil.siriusmarketingedesign.com.br\/index.php?rest_route=\/wp\/v2\/posts\/21809\/revisions"}],"wp:featuredmedia":[{"embeddable":true,"href":"https:\/\/construcaocivil.siriusmarketingedesign.com.br\/index.php?rest_route=\/wp\/v2\/media\/21810"}],"wp:attachment":[{"href":"https:\/\/construcaocivil.siriusmarketingedesign.com.br\/index.php?rest_route=%2Fwp%2Fv2%2Fmedia&parent=21809"}],"wp:term":[{"taxonomy":"category","embeddable":true,"href":"https:\/\/construcaocivil.siriusmarketingedesign.com.br\/index.php?rest_route=%2Fwp%2Fv2%2Fcategories&post=21809"},{"taxonomy":"post_tag","embeddable":true,"href":"https:\/\/construcaocivil.siriusmarketingedesign.com.br\/index.php?rest_route=%2Fwp%2Fv2%2Ftags&post=21809"}],"curies":[{"name":"wp","href":"https:\/\/api.w.org\/{rel}","templated":true}]}}