{"id":21830,"date":"2023-06-02T11:13:45","date_gmt":"2023-06-02T14:13:45","guid":{"rendered":"https:\/\/www.jornaldaconstrucaocivil.com.br\/?p=21830"},"modified":"2023-06-02T11:13:45","modified_gmt":"2023-06-02T14:13:45","slug":"sinduscon-mg-e-seconci-mg-abrem-inscricoes-para-o-25o-premio-de-seguranca-do-trabalho","status":"publish","type":"post","link":"https:\/\/construcaocivil.siriusmarketingedesign.com.br\/?p=21830","title":{"rendered":"Sinduscon-MG e Seconci-MG abrem inscri\u00e7\u00f5es para o &#8220;25\u00ba Pr\u00eamio de Seguran\u00e7a do Trabalho&#8221;"},"content":{"rendered":"<p style=\"text-align: justify;\">Evento consolidado no calend\u00e1rio de a\u00e7\u00f5es promovidas pelo Sindicato da Ind\u00fastria da Constru\u00e7\u00e3o Civil no Estado de Minas Gerais (Sinduscon-MG) e pelo Servi\u00e7o Social da Ind\u00fastria da Constru\u00e7\u00e3o Civil no Estado de Minas Gerais (Seconci-MG), o &#8220;Pr\u00eamio Seguran\u00e7a do Trabalho&#8221; chega \u00e0 sua 25\u00aa edi\u00e7\u00e3o. A iniciativa tem como objetivo motivar a seguran\u00e7a do trabalho na Constru\u00e7\u00e3o Civil. O prazo de inscri\u00e7\u00e3o termina no dia 30 de junho.<\/p>\n<p>Podem participar da premia\u00e7\u00e3o empresas associadas \u00e0s duas entidades e que executam obras nas cidades de Belo Horizonte, Betim, Contagem, Lagoa Santa e Nova Lima, e estejam inscritas no Programa Brasileiro de Qualidade e Produtividade do Habitat (PBQP-H).<\/p>\n<p>O pr\u00eamio reconhece as empresas que se destacam nas seguintes categorias: Empresa Prevencionista, Certificado de Empresa Prevencionista e Empresa Destaque na \u00c1rea de Viv\u00eancia. A construtora interessada em participar deve acessar o regulamento nos sites do Sinduscon-MG ou do Seconci-MG e preencher a ficha de inscri\u00e7\u00e3o. As inspe\u00e7\u00f5es nos canteiros de obras ser\u00e3o realizadas entre 1\u00ba de novembro e 21 de dezembro.<\/p>\n<p>Segundo o vice-presidente de Pol\u00edtica, Rela\u00e7\u00f5es Trabalhistas e Recursos Humanos do Sinduscon-MG, Gustavo Carvalho Diniz, o pr\u00eamio contribui para a difus\u00e3o de inova\u00e7\u00f5es, tecnologias e upgrades nos canteiros de obra. &#8220;Para al\u00e9m de agraciar as empresas que investem, ressignificam, quebram paradigmas dentro do setor da Constru\u00e7\u00e3o Civil e delineiam novos par\u00e2metros de seguran\u00e7a e sa\u00fade, a premia\u00e7\u00e3o j\u00e1 consolidou entre as nossas associadas a premente import\u00e2ncia de avan\u00e7armos em cont\u00ednuas melhorias nesta \u00e1rea&#8221;, afirma.<\/p>\n<p>A iniciativa busca estimular estrat\u00e9gias e recursos que contribuam para evitar acidentes, aprimorando processos e pol\u00edticas nesse sentido. &#8220;A edi\u00e7\u00e3o anterior nos apresentou um elevado n\u00edvel de amadurecimento, investimento e consci\u00eancia das empresas do setor voltadas para a seguran\u00e7a e sa\u00fade dos trabalhadores&#8221;, aponta o vice-presidente do Sinduscon-MG.<\/p>\n<p>Na avalia\u00e7\u00e3o da supervisora do Departamento de Seguran\u00e7a do Trabalho do Seconci-MG, Andreia Kaucher Darmstadter, o objetivo principal da premia\u00e7\u00e3o \u00e9 fazer reverberar a cultura prevencionista, ecoando e compartilhando viv\u00eancias na gest\u00e3o da seguran\u00e7a. &#8220;Estamos completando as bodas de prata de uma iniciativa que visa, antes de tudo, a estimular o exerc\u00edcio di\u00e1rio e respons\u00e1vel da seguran\u00e7a no trabalho&#8221;, declara.<\/p>\n<div style=\"text-align: justify;\"><\/div>\n","protected":false},"excerpt":{"rendered":"<p>Evento consolidado no calend\u00e1rio de a\u00e7\u00f5es promovidas pelo Sindicato da Ind\u00fastria da Constru\u00e7\u00e3o Civil no Estado de Minas Gerais (Sinduscon-MG) e pelo Servi\u00e7o Social da Ind\u00fastria da Constru\u00e7\u00e3o Civil no Estado de Minas Gerais (Seconci-MG), o &#8220;Pr\u00eamio Seguran\u00e7a do Trabalho&#8221; chega \u00e0 sua 25\u00aa edi\u00e7\u00e3o. A iniciativa tem como objetivo motivar a seguran\u00e7a do trabalho [&hellip;]<\/p>\n","protected":false},"author":1,"featured_media":21831,"comment_status":"open","ping_status":"open","sticky":false,"template":"","format":"standard","meta":{"_uag_custom_page_level_css":"","footnotes":""},"categories":[27],"tags":[25418,25419,24847,9588,10731,11157],"class_list":["post-21830","post","type-post","status-publish","format-standard","has-post-thumbnail","hentry","category-acontece","tag-25o-premio-de-seguranca-do-trabalho","tag-belohorizonte","tag-saudedotrabalhador","tag-programa-brasileiro-de-qualidade-e-produtividade-do-habitat-pbqp-h","tag-seconci-mg","tag-sinduscon-mg"],"blocksy_meta":[],"spectra_blocks_featured_image_url":{"thumbnail":{"url":"https:\/\/construcaocivil.siriusmarketingedesign.com.br\/wp-content\/uploads\/2023\/06\/pixabay-divulgacao-150x150.jpg","width":150,"height":150},"medium":{"url":"https:\/\/construcaocivil.siriusmarketingedesign.com.br\/wp-content\/uploads\/2023\/06\/pixabay-divulgacao-300x214.jpg","width":300,"height":214},"medium_large":{"url":"https:\/\/construcaocivil.siriusmarketingedesign.com.br\/wp-content\/uploads\/2023\/06\/pixabay-divulgacao-768x549.jpg","width":768,"height":549},"large":{"url":"https:\/\/construcaocivil.siriusmarketingedesign.com.br\/wp-content\/uploads\/2023\/06\/pixabay-divulgacao-1024x732.jpg","width":1024,"height":732},"full":{"url":"https:\/\/construcaocivil.siriusmarketingedesign.com.br\/wp-content\/uploads\/2023\/06\/pixabay-divulgacao.jpg","width":1080,"height":772}},"spectra_blocks_author_info":{"display_name":"Jornal da Constru\u00e7\u00e3o Civil","avatar_url":"https:\/\/secure.gravatar.com\/avatar\/973c9774fd44ddaceb026973c4962faa70fc512bc4c9da68e8ebb40fecee6540?s=96&d=mm&r=g","author_link":"https:\/\/construcaocivil.siriusmarketingedesign.com.br\/?author=1","description":"Desde de 2013, levando muitas informa\u00e7\u00f5es, lan\u00e7amentos e produtos de qualidade para toda cadeia produtiva da constru\u00e7\u00e3o. O Futuro da constru\u00e7\u00e3o passa por aqui,"},"uagb_featured_image_src":{"full":["https:\/\/construcaocivil.siriusmarketingedesign.com.br\/wp-content\/uploads\/2023\/06\/pixabay-divulgacao.jpg",1080,772,false],"thumbnail":["https:\/\/construcaocivil.siriusmarketingedesign.com.br\/wp-content\/uploads\/2023\/06\/pixabay-divulgacao-150x150.jpg",150,150,true],"medium":["https:\/\/construcaocivil.siriusmarketingedesign.com.br\/wp-content\/uploads\/2023\/06\/pixabay-divulgacao-300x214.jpg",300,214,true],"medium_large":["https:\/\/construcaocivil.siriusmarketingedesign.com.br\/wp-content\/uploads\/2023\/06\/pixabay-divulgacao-768x549.jpg",768,549,true],"large":["https:\/\/construcaocivil.siriusmarketingedesign.com.br\/wp-content\/uploads\/2023\/06\/pixabay-divulgacao-1024x732.jpg",1024,732,true],"1536x1536":["https:\/\/construcaocivil.siriusmarketingedesign.com.br\/wp-content\/uploads\/2023\/06\/pixabay-divulgacao.jpg",1080,772,false],"2048x2048":["https:\/\/construcaocivil.siriusmarketingedesign.com.br\/wp-content\/uploads\/2023\/06\/pixabay-divulgacao.jpg",1080,772,false]},"uagb_author_info":{"display_name":"Jornal da Constru\u00e7\u00e3o Civil","author_link":"https:\/\/construcaocivil.siriusmarketingedesign.com.br\/?author=1"},"uagb_comment_info":0,"uagb_excerpt":"Evento consolidado no calend\u00e1rio de a\u00e7\u00f5es promovidas pelo Sindicato da Ind\u00fastria da Constru\u00e7\u00e3o Civil no Estado de Minas Gerais (Sinduscon-MG) e pelo Servi\u00e7o Social da Ind\u00fastria da Constru\u00e7\u00e3o Civil no Estado de Minas Gerais (Seconci-MG), o &#8220;Pr\u00eamio Seguran\u00e7a do Trabalho&#8221; chega \u00e0 sua 25\u00aa edi\u00e7\u00e3o. A iniciativa tem como objetivo motivar a seguran\u00e7a do trabalho&hellip;","_links":{"self":[{"href":"https:\/\/construcaocivil.siriusmarketingedesign.com.br\/index.php?rest_route=\/wp\/v2\/posts\/21830","targetHints":{"allow":["GET"]}}],"collection":[{"href":"https:\/\/construcaocivil.siriusmarketingedesign.com.br\/index.php?rest_route=\/wp\/v2\/posts"}],"about":[{"href":"https:\/\/construcaocivil.siriusmarketingedesign.com.br\/index.php?rest_route=\/wp\/v2\/types\/post"}],"author":[{"embeddable":true,"href":"https:\/\/construcaocivil.siriusmarketingedesign.com.br\/index.php?rest_route=\/wp\/v2\/users\/1"}],"replies":[{"embeddable":true,"href":"https:\/\/construcaocivil.siriusmarketingedesign.com.br\/index.php?rest_route=%2Fwp%2Fv2%2Fcomments&post=21830"}],"version-history":[{"count":0,"href":"https:\/\/construcaocivil.siriusmarketingedesign.com.br\/index.php?rest_route=\/wp\/v2\/posts\/21830\/revisions"}],"wp:featuredmedia":[{"embeddable":true,"href":"https:\/\/construcaocivil.siriusmarketingedesign.com.br\/index.php?rest_route=\/wp\/v2\/media\/21831"}],"wp:attachment":[{"href":"https:\/\/construcaocivil.siriusmarketingedesign.com.br\/index.php?rest_route=%2Fwp%2Fv2%2Fmedia&parent=21830"}],"wp:term":[{"taxonomy":"category","embeddable":true,"href":"https:\/\/construcaocivil.siriusmarketingedesign.com.br\/index.php?rest_route=%2Fwp%2Fv2%2Fcategories&post=21830"},{"taxonomy":"post_tag","embeddable":true,"href":"https:\/\/construcaocivil.siriusmarketingedesign.com.br\/index.php?rest_route=%2Fwp%2Fv2%2Ftags&post=21830"}],"curies":[{"name":"wp","href":"https:\/\/api.w.org\/{rel}","templated":true}]}}