{"id":2184,"date":"2016-06-18T16:38:02","date_gmt":"2016-06-18T16:38:02","guid":{"rendered":"http:\/\/www.jornaldaconstrucaocivil.com.br\/?p=2184"},"modified":"2016-06-18T16:38:02","modified_gmt":"2016-06-18T16:38:02","slug":"casae-e-sugestao-de-passeio-nas-ferias-universitarias","status":"publish","type":"post","link":"https:\/\/construcaocivil.siriusmarketingedesign.com.br\/?p=2184","title":{"rendered":"CasaE \u00e9 sugest\u00e3o de passeio nas f\u00e9rias universit\u00e1rias"},"content":{"rendered":"<p>&nbsp;<\/p>\n<p><span style=\"color: #000000;\">Uma alternativa de passeio diferente durante as f\u00e9rias, para estudantes de cursos t\u00e9cnicos ou universit\u00e1rios de engenharia, arquitetura e outras \u00e1reas relacionadas \u00e0 ind\u00fastria da constru\u00e7\u00e3o, \u00e9 a visita \u00e0 CasaE, Casa Ecoeficiente da BASF. O projeto vai permanecer aberto para visita\u00e7\u00e3o gratuita durante todo o m\u00eas de julho. Em 400m2, est\u00e3o reunidas solu\u00e7\u00f5es inovadoras e sustent\u00e1veis para o mercado da constru\u00e7\u00e3o.<\/span><\/p>\n<ul>\n<li><span style=\"color: #ff0000;\">Espa\u00e7o re\u00fane solu\u00e7\u00f5es inovadoras e sustent\u00e1veis para a constru\u00e7\u00e3o civil.<\/span><\/li>\n<li><span style=\"color: #ff0000;\">Projeto \u00e9 aberto para visita\u00e7\u00e3o monitorada e gratuita<\/span><\/li>\n<\/ul>\n<figure id=\"attachment_2185\" aria-describedby=\"caption-attachment-2185\" style=\"width: 300px\" class=\"wp-caption alignleft\"><a href=\"http:\/\/www.jornaldaconstrucaocivil.com.br\/wp-content\/uploads\/2016\/06\/Lateral-Foto-Juliana-Tahira-reduzida.jpg\"><img loading=\"lazy\" decoding=\"async\" class=\"wp-image-2185 size-medium\" src=\"http:\/\/www.jornaldaconstrucaocivil.com.br\/wp-content\/uploads\/2016\/06\/Lateral-Foto-Juliana-Tahira-reduzida-300x214.jpg\" alt=\"Lateral - Foto Juliana Tahira reduzida\" width=\"300\" height=\"214\" \/><\/a><figcaption id=\"caption-attachment-2185\" class=\"wp-caption-text\"><span style=\"color: #ff0000;\">Lateral &#8211; Foto Juliana Tahira<\/span><\/figcaption><\/figure>\n<p><span style=\"color: #000000;\">O diferencial come\u00e7a pelas paredes, que foram erguidas em poliestireno expandido com grafite, que garante isolamento t\u00e9rmico e proporciona economia no uso do ar condicionado. H\u00e1 pigmentos especiais que refletem o calor do sol, espumas e revestimentos que trazem conforto ac\u00fastico e t\u00e9rmico. Os pisos ao redor da casa s\u00e3o perme\u00e1veis, permitindo o reaproveitamento da \u00e1gua da chuva para limpeza da \u00e1rea externa e rega do jardim. O paisagismo tamb\u00e9m \u00e9 especial: resgata 35 esp\u00e9cies da Mata Atl\u00e2ntica que eram nativas do local, \u00e0 margem do riacho Cupec\u00ea, hoje canalizado.<\/span><\/p>\n<p><span style=\"color: #000000;\">No mesmo espa\u00e7o, foi erguida a Casa Econ\u00f4mica, uma proposta inovadora para a ind\u00fastria da constru\u00e7\u00e3o, que aplica solu\u00e7\u00f5es acess\u00edveis da BASF e seus parceiros, com o objetivo de reduzir o custo total das obras, garantindo economia de tempo e recursos.<\/span><\/p>\n<p><span style=\"color: #000000;\">Para valorizar a arte urbana o local conta com um mural de 75 m2 produzido pelo artista pl\u00e1stico Rui Amaral, pioneiro do grafite no Brasil.<\/span><\/p>\n<p><span style=\"color: #000000;\">A visita \u00e9 monitorada e deve ser agendada com anteced\u00eancia pelo e-mail casae@basf.com. A CasaE fica na Avenida Prof. Vicente Rao, 1.195, Campo Belo \u2013 S\u00e3o Paulo.<\/span><\/p>\n<p><span style=\"color: #008000;\"><strong>Sobre a CasaE<\/strong><\/span><\/p>\n<p><span style=\"color: #000000;\">A CasaE \u00e9 a primeira Casa Ecoeficiente da BASF no Brasil e a 10\u00aa unidade da empresa no mundo. O projeto recebeu solu\u00e7\u00f5es inovadoras desenvolvidas pela BASF e pelos parceiros, com o objetivo de reduzir o consumo de energia, a emiss\u00e3o de CO2 e o consumo de \u00e1gua, assim como aumentar a efici\u00eancia no processo construtivo.<\/span><\/p>\n<p><span style=\"color: #000000;\">Mais detalhes:<\/span>\u00a0<strong><a href=\"http:\/\/www.casae.basf.com.br\/\">www.casae.basf.com.br<\/a>\u00a0<\/strong><\/p>\n<p><span style=\"color: #008000;\"><strong>Sobre a BASF<\/strong><\/span><\/p>\n<p><span style=\"color: #000000;\">Na BASF, n\u00f3s transformamos a qu\u00edmica para um futuro sustent\u00e1vel. N\u00f3s combinamos o sucesso econ\u00f4mico com a prote\u00e7\u00e3o ambiental e responsabilidade social. Os 112 mil colaboradores do Grupo BASF trabalham para contribuir para o sucesso de nossos clientes em quase todos os setores e quase todos os pa\u00edses do mundo.<\/span><\/p>\n<p><span style=\"color: #000000;\">Mais detalhes:<\/span><strong><span style=\"color: #0000ff;\">\u00a0<a style=\"color: #0000ff;\" href=\"http:\/\/www.basf.com.br\/\" target=\"_blank\">www.basf.com.br<\/a><\/span><\/strong><\/p>\n<p>&nbsp;<\/p>\n<p>&nbsp;<\/p>\n<p>&nbsp;<\/p>\n<p>&nbsp;<\/p>\n","protected":false},"excerpt":{"rendered":"<p>&nbsp; Uma alternativa de passeio diferente durante as f\u00e9rias, para estudantes de cursos t\u00e9cnicos ou universit\u00e1rios de engenharia, arquitetura e outras \u00e1reas relacionadas \u00e0 ind\u00fastria da constru\u00e7\u00e3o, \u00e9 a visita \u00e0 CasaE, Casa Ecoeficiente da BASF. O projeto vai permanecer aberto para visita\u00e7\u00e3o gratuita durante todo o m\u00eas de julho. Em 400m2, est\u00e3o reunidas solu\u00e7\u00f5es [&hellip;]<\/p>\n","protected":false},"author":1,"featured_media":2185,"comment_status":"open","ping_status":"open","sticky":false,"template":"","format":"standard","meta":{"_uag_custom_page_level_css":"","footnotes":""},"categories":[37],"tags":[1177,1307,1939,1960,4962,5604,10668],"class_list":["post-2184","post","type-post","status-publish","format-standard","has-post-thumbnail","hentry","category-sustentabilidade","tag-bairro-campo-belo-sp","tag-basf","tag-casa-ecoeficiente","tag-casae","tag-ferias","tag-gratuitamente","tag-sao-paulo"],"blocksy_meta":[],"spectra_blocks_featured_image_url":[],"spectra_blocks_author_info":{"display_name":"Jornal da Constru\u00e7\u00e3o Civil","avatar_url":"https:\/\/secure.gravatar.com\/avatar\/973c9774fd44ddaceb026973c4962faa70fc512bc4c9da68e8ebb40fecee6540?s=96&d=mm&r=g","author_link":"https:\/\/construcaocivil.siriusmarketingedesign.com.br\/?author=1","description":"Desde de 2013, levando muitas informa\u00e7\u00f5es, lan\u00e7amentos e produtos de qualidade para toda cadeia produtiva da constru\u00e7\u00e3o. O Futuro da constru\u00e7\u00e3o passa por aqui,"},"uagb_featured_image_src":{"full":false,"thumbnail":false,"medium":false,"medium_large":false,"large":false,"1536x1536":false,"2048x2048":false},"uagb_author_info":{"display_name":"Jornal da Constru\u00e7\u00e3o Civil","author_link":"https:\/\/construcaocivil.siriusmarketingedesign.com.br\/?author=1"},"uagb_comment_info":0,"uagb_excerpt":"&nbsp; Uma alternativa de passeio diferente durante as f\u00e9rias, para estudantes de cursos t\u00e9cnicos ou universit\u00e1rios de engenharia, arquitetura e outras \u00e1reas relacionadas \u00e0 ind\u00fastria da constru\u00e7\u00e3o, \u00e9 a visita \u00e0 CasaE, Casa Ecoeficiente da BASF. O projeto vai permanecer aberto para visita\u00e7\u00e3o gratuita durante todo o m\u00eas de julho. Em 400m2, est\u00e3o reunidas solu\u00e7\u00f5es&hellip;","_links":{"self":[{"href":"https:\/\/construcaocivil.siriusmarketingedesign.com.br\/index.php?rest_route=\/wp\/v2\/posts\/2184","targetHints":{"allow":["GET"]}}],"collection":[{"href":"https:\/\/construcaocivil.siriusmarketingedesign.com.br\/index.php?rest_route=\/wp\/v2\/posts"}],"about":[{"href":"https:\/\/construcaocivil.siriusmarketingedesign.com.br\/index.php?rest_route=\/wp\/v2\/types\/post"}],"author":[{"embeddable":true,"href":"https:\/\/construcaocivil.siriusmarketingedesign.com.br\/index.php?rest_route=\/wp\/v2\/users\/1"}],"replies":[{"embeddable":true,"href":"https:\/\/construcaocivil.siriusmarketingedesign.com.br\/index.php?rest_route=%2Fwp%2Fv2%2Fcomments&post=2184"}],"version-history":[{"count":0,"href":"https:\/\/construcaocivil.siriusmarketingedesign.com.br\/index.php?rest_route=\/wp\/v2\/posts\/2184\/revisions"}],"wp:attachment":[{"href":"https:\/\/construcaocivil.siriusmarketingedesign.com.br\/index.php?rest_route=%2Fwp%2Fv2%2Fmedia&parent=2184"}],"wp:term":[{"taxonomy":"category","embeddable":true,"href":"https:\/\/construcaocivil.siriusmarketingedesign.com.br\/index.php?rest_route=%2Fwp%2Fv2%2Fcategories&post=2184"},{"taxonomy":"post_tag","embeddable":true,"href":"https:\/\/construcaocivil.siriusmarketingedesign.com.br\/index.php?rest_route=%2Fwp%2Fv2%2Ftags&post=2184"}],"curies":[{"name":"wp","href":"https:\/\/api.w.org\/{rel}","templated":true}]}}