{"id":2187,"date":"2016-06-18T16:44:48","date_gmt":"2016-06-18T16:44:48","guid":{"rendered":"http:\/\/www.jornaldaconstrucaocivil.com.br\/?p=2187"},"modified":"2016-06-18T16:44:48","modified_gmt":"2016-06-18T16:44:48","slug":"integracao-nacional-vai-identificar-novas-oportunidades-para-a-regiao-amazonica","status":"publish","type":"post","link":"https:\/\/construcaocivil.siriusmarketingedesign.com.br\/?p=2187","title":{"rendered":"Integra\u00e7\u00e3o Nacional vai identificar novas oportunidades para a regi\u00e3o amaz\u00f4nica"},"content":{"rendered":"<p><span style=\"color: #000080;\"><strong><em>Objetivo \u00e9 ampliar investimentos dos Fundos Regionais e incentivar a gera\u00e7\u00e3o de emprego e renda<\/em><\/strong><\/span><\/p>\n<p><span style=\"color: #000000;\">Bras\u00edlia-DF &#8211; Estimular o desenvolvimento da regi\u00e3o Norte do pa\u00eds por meio da amplia\u00e7\u00e3o de investimentos dos Fundos Regionais nos estados da Amaz\u00f4nia. \u00c9 com este prop\u00f3sito que um Grupo de Trabalho (GT) institu\u00eddo pelo Minist\u00e9rio da Integra\u00e7\u00e3o Nacional, na sexta-feira (17), vai se dedicar ao diagn\u00f3stico de potencialidades regionais e an\u00e1lise de oportunidades e poss\u00edveis investimentos da Pasta. A cria\u00e7\u00e3o do GT foi publicada no Di\u00e1rio Oficial da Uni\u00e3o.<\/span><\/p>\n<p><span style=\"color: #000000;\">Para o ministro da Integra\u00e7\u00e3o Nacional, Helder Barbalho, a iniciativa vai ao encontro de uma das principais miss\u00f5es do Minist\u00e9rio: desenvolver as regi\u00f5es brasileiras, especialmente no sentido de dinamizar atividades locais que tenham impacto direto na redu\u00e7\u00e3o de desigualdades. Ele afirma que \u00e9 preciso construir condi\u00e7\u00f5es econ\u00f4micas para que cada regi\u00e3o possa produzir mais a partir de incentivos que gerem emprego e renda.<\/span><\/p>\n<p><span style=\"color: #000000;\">Membro do Grupo de Trabalho e representante da Secretaria de Fundos Regionais e Incentivos Fiscais (SFRI) do Minist\u00e9rio da Integra\u00e7\u00e3o, Wanderley Uchoa destaca que o grupo j\u00e1 come\u00e7ou a identificar poss\u00edveis entraves para investimentos na regi\u00e3o.\u00a0 \u201cO esfor\u00e7o \u00e9 no sentido de simplificar os processos e facilitar o acesso de empresas pretendentes de cr\u00e9dito dos Fundos Regionais\u201d, explica.<\/span><\/p>\n<p><span style=\"color: #000000;\">Al\u00e9m de equipes do Minist\u00e9rio da Integra\u00e7\u00e3o Nacional e da Superintend\u00eancia de Desenvolvimento da Amaz\u00f4nia (Sudam), integram o GT representantes da Federa\u00e7\u00e3o das Ind\u00fastrias dos estados do Amazonas, Par\u00e1, Tocantins, Roraima, Mato Grosso e Maranh\u00e3o; da Federa\u00e7\u00e3o da Agricultura e Pecu\u00e1ria do Par\u00e1 e da diretoria do Banco da Amaz\u00f4nia.<\/span><\/p>\n<p><span style=\"color: #800080;\">Fonte: Assessoria de Comunica\u00e7\u00e3o do\u00a0Minist\u00e9rio\u00a0da\u00a0Integra\u00e7\u00e3o Nacional<\/span><\/p>\n","protected":false},"excerpt":{"rendered":"<p>Objetivo \u00e9 ampliar investimentos dos Fundos Regionais e incentivar a gera\u00e7\u00e3o de emprego e renda Bras\u00edlia-DF &#8211; Estimular o desenvolvimento da regi\u00e3o Norte do pa\u00eds por meio da amplia\u00e7\u00e3o de investimentos dos Fundos Regionais nos estados da Amaz\u00f4nia. \u00c9 com este prop\u00f3sito que um Grupo de Trabalho (GT) institu\u00eddo pelo Minist\u00e9rio da Integra\u00e7\u00e3o Nacional, na [&hellip;]<\/p>\n","protected":false},"author":1,"featured_media":0,"comment_status":"open","ping_status":"open","sticky":false,"template":"","format":"standard","meta":{"_uag_custom_page_level_css":"","footnotes":""},"categories":[27],"tags":[652,1251,5391,7237,7376,7709,8620,10501,11451,11810],"class_list":["post-2187","post","type-post","status-publish","format-standard","hentry","category-acontece","tag-amazonia","tag-banco-da-amazonia","tag-geracao-de-emprego-e-renda","tag-maranhao","tag-mato-grosso","tag-ministerio-da-integracao-nacional","tag-para","tag-roraima","tag-superintendencia-de-desenvolvimento-da-amazonia","tag-tocantins"],"blocksy_meta":[],"spectra_blocks_featured_image_url":null,"spectra_blocks_author_info":{"display_name":"Jornal da Constru\u00e7\u00e3o Civil","avatar_url":"https:\/\/secure.gravatar.com\/avatar\/973c9774fd44ddaceb026973c4962faa70fc512bc4c9da68e8ebb40fecee6540?s=96&d=mm&r=g","author_link":"https:\/\/construcaocivil.siriusmarketingedesign.com.br\/?author=1","description":"Desde de 2013, levando muitas informa\u00e7\u00f5es, lan\u00e7amentos e produtos de qualidade para toda cadeia produtiva da constru\u00e7\u00e3o. O Futuro da constru\u00e7\u00e3o passa por aqui,"},"uagb_featured_image_src":{"full":false,"thumbnail":false,"medium":false,"medium_large":false,"large":false,"1536x1536":false,"2048x2048":false},"uagb_author_info":{"display_name":"Jornal da Constru\u00e7\u00e3o Civil","author_link":"https:\/\/construcaocivil.siriusmarketingedesign.com.br\/?author=1"},"uagb_comment_info":0,"uagb_excerpt":"Objetivo \u00e9 ampliar investimentos dos Fundos Regionais e incentivar a gera\u00e7\u00e3o de emprego e renda Bras\u00edlia-DF &#8211; Estimular o desenvolvimento da regi\u00e3o Norte do pa\u00eds por meio da amplia\u00e7\u00e3o de investimentos dos Fundos Regionais nos estados da Amaz\u00f4nia. \u00c9 com este prop\u00f3sito que um Grupo de Trabalho (GT) institu\u00eddo pelo Minist\u00e9rio da Integra\u00e7\u00e3o Nacional, na&hellip;","_links":{"self":[{"href":"https:\/\/construcaocivil.siriusmarketingedesign.com.br\/index.php?rest_route=\/wp\/v2\/posts\/2187","targetHints":{"allow":["GET"]}}],"collection":[{"href":"https:\/\/construcaocivil.siriusmarketingedesign.com.br\/index.php?rest_route=\/wp\/v2\/posts"}],"about":[{"href":"https:\/\/construcaocivil.siriusmarketingedesign.com.br\/index.php?rest_route=\/wp\/v2\/types\/post"}],"author":[{"embeddable":true,"href":"https:\/\/construcaocivil.siriusmarketingedesign.com.br\/index.php?rest_route=\/wp\/v2\/users\/1"}],"replies":[{"embeddable":true,"href":"https:\/\/construcaocivil.siriusmarketingedesign.com.br\/index.php?rest_route=%2Fwp%2Fv2%2Fcomments&post=2187"}],"version-history":[{"count":0,"href":"https:\/\/construcaocivil.siriusmarketingedesign.com.br\/index.php?rest_route=\/wp\/v2\/posts\/2187\/revisions"}],"wp:attachment":[{"href":"https:\/\/construcaocivil.siriusmarketingedesign.com.br\/index.php?rest_route=%2Fwp%2Fv2%2Fmedia&parent=2187"}],"wp:term":[{"taxonomy":"category","embeddable":true,"href":"https:\/\/construcaocivil.siriusmarketingedesign.com.br\/index.php?rest_route=%2Fwp%2Fv2%2Fcategories&post=2187"},{"taxonomy":"post_tag","embeddable":true,"href":"https:\/\/construcaocivil.siriusmarketingedesign.com.br\/index.php?rest_route=%2Fwp%2Fv2%2Ftags&post=2187"}],"curies":[{"name":"wp","href":"https:\/\/api.w.org\/{rel}","templated":true}]}}