{"id":21934,"date":"2023-06-20T23:43:06","date_gmt":"2023-06-21T02:43:06","guid":{"rendered":"https:\/\/www.jornaldaconstrucaocivil.com.br\/?p=21934"},"modified":"2023-06-20T23:43:06","modified_gmt":"2023-06-21T02:43:06","slug":"habitacao-popular-novo-minha-casa-minha-vida-vai-contratar-imoveis-com-melhores-especificacoes","status":"publish","type":"post","link":"https:\/\/construcaocivil.siriusmarketingedesign.com.br\/?p=21934","title":{"rendered":"Habita\u00e7\u00e3o popular: Novo Minha Casa, Minha Vida vai contratar im\u00f3veis com melhores especifica\u00e7\u00f5es"},"content":{"rendered":"<div class=\"documentDescription\">Conjuntos habitacionais e moradias ter\u00e3o varandas, biblioteca, rede para descanso e aumento na \u00e1rea m\u00ednima do im\u00f3vel<\/div>\n<div class=\"\">\n<div id=\"content\">\n<article>\n<div id=\"content-core\">\n<div id=\"parent-fieldname-text\" class=\"\">\n<div>\n<p>Bras\u00edlia (DF) \u2013 As portarias publicadas pelo Minist\u00e9rio da Cidade na \u00faltima semana que regulamentam as novas contrata\u00e7\u00f5es do Minha Casa, Minha Vida (MCMV) trazem uma s\u00e9rie de melhorias nas especifica\u00e7\u00f5es dos im\u00f3veis para garantir moradia de qualidade aos benefici\u00e1rios.<\/p>\n<p>Entre elas, foi estabelecido um aumento na \u00e1rea m\u00ednima das unidades habitacionais, resultando em 40 m\u00b2 para casas e 41,50 m\u00b2 para apartamentos, que contar\u00e3o com varandas para oferecer um espa\u00e7o adicional aos moradores. Os conjuntos habitacionais ser\u00e3o equipados com biblioteca e equipamentos para a pr\u00e1tica esportiva. Al\u00e9m disso, nos dormit\u00f3rios, para as regi\u00f5es Norte e Nordeste, devem ser previstos ganchos de suporte para rede de descanso<\/p>\n<p>Durante a entrega de casas do programa em Abaetetuba no \u00faltimo s\u00e1bado, o presidente da Rep\u00fablica, Luiz In\u00e1cio Lula da Silva, destacou as melhorias. \u201cOs apartamentos v\u00e3o ter uma sacada\u201d, disse. \u201cOs conjuntos habitacionais v\u00e3o ter uma biblioteca para que as pessoas aprendam a ler, e as casa ter\u00e3o uma metragem maior do que o primeiro projeto, 41m\u00b2 no m\u00ednimo\u201d. O presidente afirmou que o governo vai concluir as obras j\u00e1 contratadas e construir mais 2 milh\u00f5es de moradias at\u00e9 2026.<\/p>\n<p>\u201cAs pessoas que moram de aluguel, na rua, ou em \u00e1reas de risco t\u00eam pressa\u201d, lembrou o ministro Jader Filho no evento de entrega das moradias na cidade paraense. \u201cS\u00f3 no ano de 2023 n\u00f3s vamos contratar 230 mil unidades habitacionais no Pa\u00eds.\u201d<\/p>\n<p>As especifica\u00e7\u00f5es incluem requisitos em rela\u00e7\u00e3o \u00e0 localiza\u00e7\u00e3o do terreno, disponibilidade de infraestrutura urbana b\u00e1sica, acesso a equipamentos p\u00fablicos comunit\u00e1rios de educa\u00e7\u00e3o, sa\u00fade e assist\u00eancia social, acesso a com\u00e9rcio e servi\u00e7os e transporte p\u00fablico coletivo. Os requisitos incluem dist\u00e2ncias caminh\u00e1veis m\u00e1ximas a equipamentos p\u00fablicos, tempo de acesso por transporte p\u00fablico coletivo e outras especifica\u00e7\u00f5es de acesso.<\/p>\n<p>Para incentivar o uso de meios de transporte n\u00e3o motorizados, est\u00e1 prevista a inclus\u00e3o de biciclet\u00e1rios nos empreendimentos, encorajando a mobilidade sustent\u00e1vel.<\/p>\n<p>Com o objetivo de garantir o conforto t\u00e9rmico nas resid\u00eancias, ser\u00e1 disponibilizado um ponto de instala\u00e7\u00e3o de aparelho de ar-condicionado nos dois quartos. Tubula\u00e7\u00f5es de infraestrutura completa e circuitos j\u00e1 dimensionados ser\u00e3o instalados, proporcionando seguran\u00e7a caso as fam\u00edlias desejem instalar os aparelhos no futuro.<\/p>\n<p>Para promover ambientes agrad\u00e1veis nos quartos, ser\u00e3o instaladas janelas venezianas. Elas permitir\u00e3o o escurecimento do c\u00f4modo quando desejado, ao mesmo tempo em que garantem a ventila\u00e7\u00e3o natural e a entrada de luz natural.<\/p>\n<p>A qualidade e durabilidade das edifica\u00e7\u00f5es tamb\u00e9m foram priorizadas. Ser\u00e1 obrigat\u00f3ria a elabora\u00e7\u00e3o de projeto de fachada, al\u00e9m do uso de tintas de melhor qualidade e maior durabilidade, com vida \u00fatil m\u00ednima projetada de 8 anos. A execu\u00e7\u00e3o de uma adequada impermeabiliza\u00e7\u00e3o e preparo das superf\u00edcies tamb\u00e9m far\u00e1 parte do processo de constru\u00e7\u00e3o.<\/p>\n<p>Para atender \u00e0s demandas tecnol\u00f3gicas atuais e futuras, ser\u00e3o realizadas tubula\u00e7\u00f5es para rede de dados nas unidades habitacionais, preparando-as para poss\u00edveis instala\u00e7\u00f5es no futuro.<\/p>\n<p>Os terrenos onde os empreendimentos ser\u00e3o propostos devem atender aos padr\u00f5es de qualifica\u00e7\u00e3o da inser\u00e7\u00e3o urbana. Terrenos mais bem qualificados podem receber um valor adicional em sua aquisi\u00e7\u00e3o, incentivando a qualidade e adequa\u00e7\u00e3o das localiza\u00e7\u00f5es dos empreendimentos.<\/p>\n<p><b>Portarias<\/b><\/p>\n<p>As\u00a0<a href=\"https:\/\/www.gov.br\/cidades\/pt-br\/acesso-a-informacao\/institucional\/base-juridica\/secretaria-nacional-de-habitacao\/programa-minha-casa-minha-vida\">novas portarias<\/a>\u00a0estabelecem as diretrizes para a contrata\u00e7\u00e3o de novos im\u00f3veis pelo MCMV, utilizando recursos do Fundo de Arrendamento Residencial (FAR), destinados a fam\u00edlias com renda de at\u00e9 R$ 2.640,00. Nesta etapa, est\u00e1 prevista a contrata\u00e7\u00e3o de at\u00e9 130 mil unidades habitacionais (UH) em \u00e1reas urbanas, cujos projetos devem ser apresentados pelas empresas da constru\u00e7\u00e3o civil at\u00e9 28 de dezembro de 2023.<\/p>\n<p>As portarias oficializam a distribui\u00e7\u00e3o de 115 mil unidades, seguindo o crit\u00e9rio do d\u00e9ficit habitacional para fam\u00edlias com renda de at\u00e9 um sal\u00e1rio-m\u00ednimo, calculado pela Funda\u00e7\u00e3o Jo\u00e3o Pinheiro em 2019. Nesse \u00e2mbito, \u00e9 estabelecida uma quantidade m\u00ednima de 1.000 UHs por Unidade da Federa\u00e7\u00e3o (UF), beneficiando fam\u00edlias com renda de at\u00e9 R$ 2.640,00. As outras 15 mil moradias ser\u00e3o destinadas a atender residentes em \u00e1reas de risco e \u00e0queles que tenham perdido seu \u00fanico im\u00f3vel em decorr\u00eancia de desastres naturais ou devido \u00e0 realiza\u00e7\u00e3o de obras p\u00fablicas federais. Para essas fam\u00edlias, assim como para benefici\u00e1rios do Bolsa Fam\u00edlia e do Benef\u00edcio de Presta\u00e7\u00e3o Continuada (BPC), est\u00e1 prevista a isen\u00e7\u00e3o do pagamento das presta\u00e7\u00f5es do im\u00f3vel.<\/p>\n<p>Os valores para aquisi\u00e7\u00e3o dessas resid\u00eancias ir\u00e3o variar de R$ 130 mil a R$ 170 mil, dependendo do porte populacional do munic\u00edpio e do padr\u00e3o de inser\u00e7\u00e3o urbana do terreno. As fam\u00edlias beneficiadas pagar\u00e3o presta\u00e7\u00f5es mensais proporcionais \u00e0 sua renda, sendo estabelecido um valor m\u00ednimo de R$ 80,00, ao longo de um per\u00edodo de 5 anos.<\/p>\n<\/div>\n<\/div>\n<\/div>\n<div class=\"visualClear\">Fonte: Minist\u00e9rio das Cidades<\/div>\n<div class=\"documentActions\"><\/div>\n<\/article>\n<\/div>\n<\/div>\n<div id=\"viewlet-below-content\"><\/div>\n<p>&nbsp;<\/p>\n<div id=\"viewlet-above-content-body\"><\/div>\n","protected":false},"excerpt":{"rendered":"<p>Conjuntos habitacionais e moradias ter\u00e3o varandas, biblioteca, rede para descanso e aumento na \u00e1rea m\u00ednima do im\u00f3vel Bras\u00edlia (DF) \u2013 As portarias publicadas pelo Minist\u00e9rio da Cidade na \u00faltima semana que regulamentam as novas contrata\u00e7\u00f5es do Minha Casa, Minha Vida (MCMV) trazem uma s\u00e9rie de melhorias nas especifica\u00e7\u00f5es dos im\u00f3veis para garantir moradia de qualidade [&hellip;]<\/p>\n","protected":false},"author":1,"featured_media":21935,"comment_status":"open","ping_status":"open","sticky":false,"template":"","format":"standard","meta":{"_uag_custom_page_level_css":"","footnotes":""},"categories":[30],"tags":[25429,25430,25428,25413,25431,24624,5020,25237],"class_list":["post-21934","post","type-post","status-publish","format-standard","has-post-thumbnail","hentry","category-imoveis","tag-brasileirossemcasa","tag-construcaocivilempregos","tag-edificacoesnovas","tag-habitacaopopular","tag-nordestecasapropria","tag-servicosdeobras","tag-fgts","tag-minccidades"],"blocksy_meta":[],"spectra_blocks_featured_image_url":{"thumbnail":{"url":"https:\/\/construcaocivil.siriusmarketingedesign.com.br\/wp-content\/uploads\/2023\/06\/57d1d609-025e-4ebe-82c2-08f9c428dabd-150x150.jpeg","width":150,"height":150},"medium":{"url":"https:\/\/construcaocivil.siriusmarketingedesign.com.br\/wp-content\/uploads\/2023\/06\/57d1d609-025e-4ebe-82c2-08f9c428dabd-300x174.jpeg","width":300,"height":174},"medium_large":{"url":"https:\/\/construcaocivil.siriusmarketingedesign.com.br\/wp-content\/uploads\/2023\/06\/57d1d609-025e-4ebe-82c2-08f9c428dabd.jpeg","width":768,"height":445},"large":{"url":"https:\/\/construcaocivil.siriusmarketingedesign.com.br\/wp-content\/uploads\/2023\/06\/57d1d609-025e-4ebe-82c2-08f9c428dabd.jpeg","width":768,"height":445},"full":{"url":"https:\/\/construcaocivil.siriusmarketingedesign.com.br\/wp-content\/uploads\/2023\/06\/57d1d609-025e-4ebe-82c2-08f9c428dabd.jpeg","width":768,"height":445}},"spectra_blocks_author_info":{"display_name":"Jornal da Constru\u00e7\u00e3o Civil","avatar_url":"https:\/\/secure.gravatar.com\/avatar\/973c9774fd44ddaceb026973c4962faa70fc512bc4c9da68e8ebb40fecee6540?s=96&d=mm&r=g","author_link":"https:\/\/construcaocivil.siriusmarketingedesign.com.br\/?author=1","description":"Desde de 2013, levando muitas informa\u00e7\u00f5es, lan\u00e7amentos e produtos de qualidade para toda cadeia produtiva da constru\u00e7\u00e3o. O Futuro da constru\u00e7\u00e3o passa por aqui,"},"uagb_featured_image_src":{"full":["https:\/\/construcaocivil.siriusmarketingedesign.com.br\/wp-content\/uploads\/2023\/06\/57d1d609-025e-4ebe-82c2-08f9c428dabd.jpeg",768,445,false],"thumbnail":["https:\/\/construcaocivil.siriusmarketingedesign.com.br\/wp-content\/uploads\/2023\/06\/57d1d609-025e-4ebe-82c2-08f9c428dabd-150x150.jpeg",150,150,true],"medium":["https:\/\/construcaocivil.siriusmarketingedesign.com.br\/wp-content\/uploads\/2023\/06\/57d1d609-025e-4ebe-82c2-08f9c428dabd-300x174.jpeg",300,174,true],"medium_large":["https:\/\/construcaocivil.siriusmarketingedesign.com.br\/wp-content\/uploads\/2023\/06\/57d1d609-025e-4ebe-82c2-08f9c428dabd.jpeg",768,445,false],"large":["https:\/\/construcaocivil.siriusmarketingedesign.com.br\/wp-content\/uploads\/2023\/06\/57d1d609-025e-4ebe-82c2-08f9c428dabd.jpeg",768,445,false],"1536x1536":["https:\/\/construcaocivil.siriusmarketingedesign.com.br\/wp-content\/uploads\/2023\/06\/57d1d609-025e-4ebe-82c2-08f9c428dabd.jpeg",768,445,false],"2048x2048":["https:\/\/construcaocivil.siriusmarketingedesign.com.br\/wp-content\/uploads\/2023\/06\/57d1d609-025e-4ebe-82c2-08f9c428dabd.jpeg",768,445,false]},"uagb_author_info":{"display_name":"Jornal da Constru\u00e7\u00e3o Civil","author_link":"https:\/\/construcaocivil.siriusmarketingedesign.com.br\/?author=1"},"uagb_comment_info":0,"uagb_excerpt":"Conjuntos habitacionais e moradias ter\u00e3o varandas, biblioteca, rede para descanso e aumento na \u00e1rea m\u00ednima do im\u00f3vel Bras\u00edlia (DF) \u2013 As portarias publicadas pelo Minist\u00e9rio da Cidade na \u00faltima semana que regulamentam as novas contrata\u00e7\u00f5es do Minha Casa, Minha Vida (MCMV) trazem uma s\u00e9rie de melhorias nas especifica\u00e7\u00f5es dos im\u00f3veis para garantir moradia de qualidade&hellip;","_links":{"self":[{"href":"https:\/\/construcaocivil.siriusmarketingedesign.com.br\/index.php?rest_route=\/wp\/v2\/posts\/21934","targetHints":{"allow":["GET"]}}],"collection":[{"href":"https:\/\/construcaocivil.siriusmarketingedesign.com.br\/index.php?rest_route=\/wp\/v2\/posts"}],"about":[{"href":"https:\/\/construcaocivil.siriusmarketingedesign.com.br\/index.php?rest_route=\/wp\/v2\/types\/post"}],"author":[{"embeddable":true,"href":"https:\/\/construcaocivil.siriusmarketingedesign.com.br\/index.php?rest_route=\/wp\/v2\/users\/1"}],"replies":[{"embeddable":true,"href":"https:\/\/construcaocivil.siriusmarketingedesign.com.br\/index.php?rest_route=%2Fwp%2Fv2%2Fcomments&post=21934"}],"version-history":[{"count":0,"href":"https:\/\/construcaocivil.siriusmarketingedesign.com.br\/index.php?rest_route=\/wp\/v2\/posts\/21934\/revisions"}],"wp:featuredmedia":[{"embeddable":true,"href":"https:\/\/construcaocivil.siriusmarketingedesign.com.br\/index.php?rest_route=\/wp\/v2\/media\/21935"}],"wp:attachment":[{"href":"https:\/\/construcaocivil.siriusmarketingedesign.com.br\/index.php?rest_route=%2Fwp%2Fv2%2Fmedia&parent=21934"}],"wp:term":[{"taxonomy":"category","embeddable":true,"href":"https:\/\/construcaocivil.siriusmarketingedesign.com.br\/index.php?rest_route=%2Fwp%2Fv2%2Fcategories&post=21934"},{"taxonomy":"post_tag","embeddable":true,"href":"https:\/\/construcaocivil.siriusmarketingedesign.com.br\/index.php?rest_route=%2Fwp%2Fv2%2Ftags&post=21934"}],"curies":[{"name":"wp","href":"https:\/\/api.w.org\/{rel}","templated":true}]}}