{"id":21952,"date":"2023-06-26T00:01:00","date_gmt":"2023-06-26T03:01:00","guid":{"rendered":"https:\/\/www.jornaldaconstrucaocivil.com.br\/?p=21952"},"modified":"2023-06-26T00:01:00","modified_gmt":"2023-06-26T03:01:00","slug":"a-ideia-e-ter-o-marco-regulatorio-do-hidrogenio-verde-pronto-para-ser-deliberado-na-virada-do-ano","status":"publish","type":"post","link":"https:\/\/construcaocivil.siriusmarketingedesign.com.br\/?p=21952","title":{"rendered":"&#8220;A ideia \u00e9 ter o Marco Regulat\u00f3rio do hidrog\u00eanio verde pronto para ser deliberado na virada do ano&#8221;"},"content":{"rendered":"<p style=\"text-align: justify;\">Com visita\u00e7\u00e3o de mais de 2.500 executivos e profissionais do setor, que produz e que consome hidrog\u00eanio verde como op\u00e7\u00e3o energ\u00e9tica, a primeira edi\u00e7\u00e3o do Hydrogen Expo South America, realizada no Rio de Janeiro nos dias 20 e 21 de junho, foi encerrada com relevantes discuss\u00f5es para o desenvolvimento da cadeia de valor do hidrog\u00eanio verde.<\/p>\n<p style=\"text-align: justify;\">\n<p style=\"text-align: justify;\">Os trabalhos do dia foram iniciados com a apresenta\u00e7\u00e3o da coordenadora de Transi\u00e7\u00e3o Energ\u00e9tica e Sustentabilidade da C\u00e2mara de Com\u00e9rcio e Ind\u00fastria Brasil-Alemanha do Rio de Janeiro (AHK-Rio), Nat\u00e1lia Chaves, sobre o papel das mulheres no contexto do hidrog\u00eanio verde.<\/p>\n<p style=\"text-align: justify;\">\n<p style=\"text-align: justify;\">A executiva apresentou o Women in Green Hydrogen, iniciativa mundial que come\u00e7a a ganhar representatividade na Am\u00e9rica Latina, com o objetivo de aumentar o \u00edndice de mulheres envolvidas na cadeia produtiva do hidrog\u00eanio verde. &#8220;Assim como nas cadeias de valor da qu\u00edmica \u00f3leo e g\u00e1s, petr\u00f3leo e energias renov\u00e1veis, a participa\u00e7\u00e3o das mulheres fica ainda na faixa de 20%, o que pretendemos mudar a partir de a\u00e7\u00f5es e parcerias que visam conectar e dar visibilidade a essas mulheres&#8221;, afirmou Nat\u00e1lia.<\/p>\n<p style=\"text-align: justify;\">\n<p style=\"text-align: justify;\">A pauta da transi\u00e7\u00e3o energ\u00e9tica no \u00e2mbito da ind\u00fastria foi a proposta de discuss\u00e3o do painel mediado pelo cofundador e coordenador da for\u00e7a-tarefa de hidrog\u00eanio verde na Associa\u00e7\u00e3o Brasileira de Energia Solar \u2013 ABSOLAR, Eduardo Tobias Ruiz. O mediador lembrou que, do ponto de vista do setor el\u00e9trico, a matriz energ\u00e9tica brasileira tem 92% de base renov\u00e1vel. &#8220;Por\u00e9m, o setor el\u00e9trico representa 18,7% da gera\u00e7\u00e3o de energia. O setor industrial, que representa o dobro disso, n\u00e3o tem sua base energ\u00e9tica renov\u00e1vel ainda consolidada e \u00e9 sobre essa transi\u00e7\u00e3o e a participa\u00e7\u00e3o do hidrog\u00eanio verde nesse cen\u00e1rio que vamos abordar&#8221;, disse Ruiz.<\/p>\n<p style=\"text-align: justify;\">\n<p style=\"text-align: justify;\">Participando do painel, o s\u00f3cio e l\u00edder da Pr\u00e1tica de Sustentabilidade da Mckinsey &amp; Company no Brasil, Henrique Ceotto, trouxe a vis\u00e3o geral sobre emiss\u00f5es de carbono na ind\u00fastria brasileira e falou sobre as oportunidades de reindustrializa\u00e7\u00e3o do Brasil por meio da cadeia produtiva do hidrog\u00eanio verde.<\/p>\n<p style=\"text-align: justify;\">\n<p style=\"text-align: justify;\">Segundo Ceotto, a necessidade global de acelerar a\u00e7\u00f5es pr\u00f3-descarboniza\u00e7\u00e3o por conta da urg\u00eancia clim\u00e1ticas impulsionou o debate sobre o tema. Nesse contexto, as compet\u00eancias do Brasil em termos de condi\u00e7\u00f5es clim\u00e1ticas, complementaridade de fontes energ\u00e9ticas, al\u00e9m do fato de o pa\u00eds j\u00e1 contar com uma matriz el\u00e9trica limpa e nacional posicionam bem o pa\u00eds em termos de competitividade. &#8220;Entretanto, atuar na produ\u00e7\u00e3o e exporta\u00e7\u00e3o de hidrog\u00eanio verde demanda aten\u00e7\u00e3o e supera\u00e7\u00e3o de desafios, como a complexidade log\u00edstica de transporte e a certifica\u00e7\u00e3o&#8221;, comentou. Ceotto completou: &#8220;o empreendedor desse segmento vai precisar escalar tecnologicamente, capacitar sua m\u00e3o de obra, buscar influenciar seus governantes em busca de suporte regulat\u00f3rio, de prefer\u00eancia baseado em rela\u00e7\u00f5es multilaterais&#8221;.<\/p>\n<p style=\"text-align: justify;\">J\u00e1 o executivo Erasmo Battistella, presidente da BS8, empresa que nasceu como produtora de biodiesel e que recentemente parte para a produ\u00e7\u00e3o de SAF (combust\u00edvel de fontes renov\u00e1veis voltadas ao setor a\u00e9reo), abordou no painel as formas de empreender na transi\u00e7\u00e3o energ\u00e9tica no contexto atual. &#8220;O hidrog\u00eanio verde \u00e9 a possibilidade de agregar valor ao SAF, mas o Brasil precisa assumir o protagonismo&#8221;, comentou. Battistelli prosseguiu: &#8220;sem pol\u00edticas p\u00fablicas, sem incentivo e sem seguran\u00e7a para atrair investimentos, estamos perdendo o jogo da descarboniza\u00e7\u00e3o&#8221;.<\/p>\n<p style=\"text-align: justify;\">\n<p style=\"text-align: justify;\">O gerente executivo de Energias Renov\u00e1veis da Petrobras, Daniel Pedroso, detalhou os atuais projetos da empresa no uso do hidrog\u00eanio renov\u00e1vel no refino de \u00f3leo e e-fuels sustent\u00e1veis. Segundo ele, a Petrobras criou h\u00e1 15 dias uma diretoria espec\u00edfica, voltada \u00e0 transi\u00e7\u00e3o energ\u00e9tica. &#8220;A empresa produz hoje cerca de 500 mil toneladas ao ano de hidrog\u00eanio cinza para consumo interno e tem perspectivas de produzir hidrog\u00eanio verde, mas ser\u00e3o necess\u00e1rias regulamenta\u00e7\u00f5es e certifica\u00e7\u00f5es&#8221;, explicou. Ainda segundo ele, o volume de projetos existentes de hidrog\u00eanio verde atenderia os compromissos clim\u00e1ticos assumidos globalmente, por\u00e9m somente cerca de 10% est\u00e3o comprometidos.<\/p>\n<p style=\"text-align: justify;\">&#8220;O potencial brasileiro precisa ser amparado por regulamenta\u00e7\u00e3o para efetivar seu potencial&#8221;, completou Pedroso.<\/p>\n<p style=\"text-align: justify;\">O case sobre os planos da Fortescue para a economia de hidrog\u00eanio no Brasil, apresentado pelo diretor de Opera\u00e7\u00f5es da empresa no Brasil, Luis Veiga, encerrou as apresenta\u00e7\u00f5es da parte da manh\u00e3, que foram seguidas de um debate sobre o que \u00e9 necess\u00e1rio para alavancar a ind\u00fastria do hidrog\u00eanio verde al\u00e9m das iniciativas p\u00fablicas.<\/p>\n<p style=\"text-align: justify;\">\n<p style=\"text-align: justify;\"><span style=\"color: #993300;\"><strong>H2V e o agroneg\u00f3cio<\/strong><\/span><\/p>\n<p style=\"text-align: justify;\">As oportunidades de hidrog\u00eanio verde associadas ao agroneg\u00f3cio foram tema do segundo debate do \u00faltimo dia do Hydrogen Expo South America. Eletrifica\u00e7\u00e3o de equipamentos agr\u00edcolas, armazenamento de energia renov\u00e1vel, mobilidade agr\u00edcola sustent\u00e1vel, produ\u00e7\u00e3o de fertilizantes verdes e a autossufici\u00eancia energ\u00e9tica nas propriedades rurais foram analisadas pelos debatedores.<\/p>\n<p style=\"text-align: justify;\">O painel foi mediado pela analista de Biometano da Abiog\u00e1s, Bruna Jardim e chamou o head do programa de hidrog\u00eanio do governo do Paran\u00e1 e diretor de energia &amp; inova\u00e7\u00e3o da Alvarez &amp; Marsal, Rodrigo Reis, para apresenta\u00e7\u00e3o inicial. Na vis\u00e3o dele, o grande papel do Estado agora \u00e9 trabalhar para criar um ambiente adequado para que o setor se desenvolva. &#8220;O tema do hidrog\u00eanio se intercala com v\u00e1rios setores da economia que t\u00eam caracter\u00edsticas pr\u00f3prias. Na agricultura, por exemplo, fertilizantes, biodiesel, entre outros segmentos, t\u00eam peculiaridades espec\u00edficas que demandam regula\u00e7\u00f5es especificas. O Estado \u00e9 fundamental para criar o marco regulat\u00f3rio que d\u00ea est\u00edmulo e seguran\u00e7a para os investimentos. E isto precisa acontecer agora. N\u00e3o temos mais tempo, j\u00e1 estamos aqu\u00e9m do que o agroneg\u00f3cio brasileiro pode. Devemos contribuir com a preserva\u00e7\u00e3o ambiental para que as transforma\u00e7\u00f5es clim\u00e1ticas sejam atenuadas e diminuir a vulnerabilidade da produ\u00e7\u00e3o da agricultura e da pecu\u00e1ria n\u00e3o seja prejudicada&#8221;.<\/p>\n<p style=\"text-align: justify;\">\n<p style=\"text-align: justify;\">A analista de estrutura\u00e7\u00e3o de projeto de P&amp;D da Cibiog\u00e1s &#8211; ER, Maiara Garcia, tamb\u00e9m enfatizou a necessidade de pol\u00edticas p\u00fablicas que deem seguran\u00e7a jur\u00eddica. &#8220;As regras precisam ser colocadas na mesa da regula\u00e7\u00e3o para que cada stakeholder saiba deveres e direitos. O Estado precisa identificar tamb\u00e9m a possibilidade da defini\u00e7\u00e3o de subs\u00eddios, como foi feito com o \u00e1lcool. Por nosso lado, temos que disseminar para o mercado e para a sociedade o H2 como op\u00e7\u00e3o vi\u00e1vel. A aproxima\u00e7\u00e3o entre empresas e universidades \u00e9 uma op\u00e7\u00e3o muito interessante de parcerias ganha-ganha para impulsionar a ado\u00e7\u00e3o do H2 na transi\u00e7\u00e3o energ\u00e9tica&#8221;.<\/p>\n<p style=\"text-align: justify;\">\n<p style=\"text-align: justify;\">O diretor do projeto H2Brasil na GIZ, Markus Francke, afirmou que definir como ser\u00e1 feita certifica\u00e7\u00e3o aqui e no mundo e garantir equival\u00eancias e padroniza\u00e7\u00f5es entre os mercados, al\u00e9m de treinamento de profissionais, s\u00e3o medidas cruciais para facilitar o desenvolvimento da produ\u00e7\u00e3o e utiliza\u00e7\u00e3o do H2 no contexto agr\u00edcola. &#8220;As condi\u00e7\u00f5es estruturantes e legais s\u00e3o muito importantes, mas existem possibilidades para que todos os setores realizem projetos que considerem o H2. As empresas podem come\u00e7ar e tomar a iniciativa, mapear as possibilidades locais ou em outros pa\u00edses para construir o pr\u00f3prio mercado. N\u00e3o se pode simplesmente esperar pela disposi\u00e7\u00e3o do estado. As situa\u00e7\u00f5es nunca s\u00e3o ideais&#8221;.<\/p>\n<p style=\"text-align: justify;\">Ainda na seara da regulamenta\u00e7\u00e3o, outro tema abordado foram as perspectivas de certifica\u00e7\u00f5es em hidrog\u00eanio verde. O s\u00f3cio da Green Desenvolvimento Sustent\u00e1vel, Felipe Bottini, afirmou ser necess\u00e1rio um leque de solu\u00e7\u00f5es para diminuir o volume de emiss\u00f5es e o H2 \u00e9 uma das grandes alternativas para se alcan\u00e7ar bons resultados.<\/p>\n<p style=\"text-align: justify;\">\n<p style=\"text-align: justify;\">&#8220;Quando pensamos no futuro \u00e9 certo que haver\u00e1 aumento de investimentos. S\u00e3o mais de 600 projetos de larga escala para a produ\u00e7\u00e3o de hidrog\u00eanio em todo o mundo entre 2022 e 2030. Fica claro tamb\u00e9m que, nas pr\u00f3ximas d\u00e9cadas, os custos para a produ\u00e7\u00e3o de H2V ser\u00e3o reduzidos enquanto a produ\u00e7\u00e3o de hidrog\u00eanio a partir de combust\u00edveis f\u00f3sseis ter\u00e1 seu custo aumentado, incluindo taxa\u00e7\u00f5es de carbono. Al\u00e9m disso, a impuls\u00e3o \u00e0 descarboniza\u00e7\u00e3o deve arrefecer. Projeta-se um potencial de redu\u00e7\u00e3o de GEE em 20% a partir da utiliza\u00e7\u00e3o de hidrog\u00eanio verde como fonte de energia at\u00e9 o ano de 2030&#8221;, disse, acrescentando que: &#8220;Quanto \u00e0s certifica\u00e7\u00f5es, o importante \u00e9 que, elas conversem entre si mundo afora para que os neg\u00f3cios n\u00e3o emperrem&#8221;.<\/p>\n<p style=\"text-align: justify;\">\n<p style=\"text-align: justify;\"><span style=\"color: #993300;\"><strong>Encerramento<\/strong><\/span><\/p>\n<p style=\"text-align: justify;\">O encerramento do evento se deu com o painel que reuniu o presidente da Comiss\u00e3o Especial da Transi\u00e7\u00e3o Energ\u00e9tica e Produ\u00e7\u00e3o do Hidrog\u00eanio Verde no Brasil, deputado federal Arnaldo Jardim, e representantes da ABEE\u00f3lica, ABSOLAR e ABIOGAS, para o debate sobre o Marco Regulat\u00f3rio da produ\u00e7\u00e3o, distribui\u00e7\u00e3o e comercializa\u00e7\u00e3o do hidrog\u00eanio verde e os impactos no agroneg\u00f3cio e na ind\u00fastria.<\/p>\n<p style=\"text-align: justify;\">\n<p style=\"text-align: justify;\">&#8220;A Comiss\u00e3o tem analisado as iniciativas j\u00e1 existentes nesses setores em termos de pol\u00edticas que j\u00e1 v\u00eam sendo estruturadas em \u00e2mbito estadual e federal. A partir dessa apura\u00e7\u00e3o, queremos propor a estrutura\u00e7\u00e3o de linhas permanentes de cr\u00e9dito para o setor, no contexto da reforma tribut\u00e1ria, al\u00e9m da estrutura\u00e7\u00e3o das normativas que resultar\u00e3o no Marco Regulat\u00f3rio do hidrog\u00eanio verde&#8221;, explicou o deputado. E completou: &#8220;A nossa inten\u00e7\u00e3o \u00e9 atuar com essa agenda at\u00e9 o final do ano para, no in\u00edcio de 2024, apresentarmos o texto do Marco Regulat\u00f3rio para delibera\u00e7\u00e3o&#8221;.<\/p>\n<p style=\"text-align: justify;\">\n<p style=\"text-align: justify;\"><span style=\"color: #993300;\"><strong>H2 EXPO South America 2024 j\u00e1 tem data marcada<\/strong><\/span><\/p>\n<p style=\"text-align: justify;\">\n<p style=\"text-align: justify;\">Criado para reunir os principais players mundiais da cadeia de valor do hidrog\u00eanio e apresentar as mais modernas ferramentas e solu\u00e7\u00f5es pr\u00e1ticas para superar os desafios ao desenvolvimento do hidrog\u00eanio verde como alternativa vi\u00e1vel \u00e0 ind\u00fastria local, a HYDROGEN EXPO South America &#8211; Feira &amp; Confer\u00eancia Internacional sobre tecnologias e solu\u00e7\u00f5es para a cadeia produtiva do hidrog\u00eanio superou as expectativas de seus organizadores.<\/p>\n<p style=\"text-align: justify;\">\n<p style=\"text-align: justify;\">&#8220;Conseguimos, nestes dois \u00faltimos dias, aproximar oferta e demanda, desenvolvedores de solu\u00e7\u00f5es para a produ\u00e7\u00e3o e distribui\u00e7\u00e3o de H2V e os grandes consumidores industriais e de outros segmentos econ\u00f4micos que est\u00e3o comprometidos com a transi\u00e7\u00e3o energ\u00e9tica&#8221;, afirma o managing director da Interlink Exhibitions, Cassiano Facchinetti. &#8220;O Hydrogen Expo South America abriu espa\u00e7o no mercado e se estabeleceu como o primeiro evento a passar da discuss\u00e3o \u00e0 realidade do hidrog\u00eanio verde como alternativa para as ind\u00fastrias brasileira e sul-americana, mostrando que \u00e9 poss\u00edvel atuar desde j\u00e1 no desenvolvimento desse setor de neg\u00f3cio e contribuir com a moderniza\u00e7\u00e3o da ind\u00fastria e a preserva\u00e7\u00e3o do ecossistema ambiental como um todo&#8221;, complementou.<\/p>\n<p style=\"text-align: justify;\">\n<p style=\"text-align: justify;\">As associa\u00e7\u00f5es e a AHK entregar\u00e1 ao Deputado Federal Arnaldo Jardim nos pr\u00f3ximos dias uma proposta de arcabou\u00e7o legal para o H2 para que seja avaliado pela comiss\u00e3o presidida pelo deputado.<\/p>\n<p style=\"text-align: justify;\">\n<p style=\"text-align: justify;\">A pr\u00f3xima edi\u00e7\u00e3o j\u00e1 tem data marcada: A pr\u00f3xima edi\u00e7\u00e3o do Hydrogen Expo South America j\u00e1 tem data para acontecer: 11 e 12 de junho de 2024, no Centro Expo Mag, no Rio de Janeiro (RJ)<\/p>\n<p style=\"text-align: justify;\">\n<p style=\"text-align: justify;\">SERVI\u00c7O: HYDROGEN EXPO SOUTH AMERICA \/ CARBON CAPTURE EXPO<\/p>\n<p style=\"text-align: justify;\">\n<p style=\"text-align: justify;\">Quando: 11 e 12 de junho de 2024<\/p>\n<p style=\"text-align: justify;\">\n<p style=\"text-align: justify;\">Onde: Centro Expo Mag, no Rio de Janeiro (RJ).<\/p>\n<p style=\"text-align: justify;\">\n","protected":false},"excerpt":{"rendered":"<p>Com visita\u00e7\u00e3o de mais de 2.500 executivos e profissionais do setor, que produz e que consome hidrog\u00eanio verde como op\u00e7\u00e3o energ\u00e9tica, a primeira edi\u00e7\u00e3o do Hydrogen Expo South America, realizada no Rio de Janeiro nos dias 20 e 21 de junho, foi encerrada com relevantes discuss\u00f5es para o desenvolvimento da cadeia de valor do hidrog\u00eanio [&hellip;]<\/p>\n","protected":false},"author":1,"featured_media":21953,"comment_status":"open","ping_status":"open","sticky":false,"template":"","format":"standard","meta":{"_uag_custom_page_level_css":"","footnotes":""},"categories":[29],"tags":[25449,25448,25240,25447],"class_list":["post-21952","post","type-post","status-publish","format-standard","has-post-thumbnail","hentry","category-energia","tag-carroseletricos","tag-carroseonibus","tag-hidrogenioverde","tag-transportepublico"],"blocksy_meta":[],"spectra_blocks_featured_image_url":{"thumbnail":{"url":"https:\/\/construcaocivil.siriusmarketingedesign.com.br\/wp-content\/uploads\/2023\/06\/IMG_20230620_1542032-150x150.jpg","width":150,"height":150},"medium":{"url":"https:\/\/construcaocivil.siriusmarketingedesign.com.br\/wp-content\/uploads\/2023\/06\/IMG_20230620_1542032-300x208.jpg","width":300,"height":208},"medium_large":{"url":"https:\/\/construcaocivil.siriusmarketingedesign.com.br\/wp-content\/uploads\/2023\/06\/IMG_20230620_1542032-768x532.jpg","width":768,"height":532},"large":{"url":"https:\/\/construcaocivil.siriusmarketingedesign.com.br\/wp-content\/uploads\/2023\/06\/IMG_20230620_1542032-1024x709.jpg","width":1024,"height":709},"full":{"url":"https:\/\/construcaocivil.siriusmarketingedesign.com.br\/wp-content\/uploads\/2023\/06\/IMG_20230620_1542032.jpg","width":2504,"height":1734}},"spectra_blocks_author_info":{"display_name":"Jornal da Constru\u00e7\u00e3o Civil","avatar_url":"https:\/\/secure.gravatar.com\/avatar\/973c9774fd44ddaceb026973c4962faa70fc512bc4c9da68e8ebb40fecee6540?s=96&d=mm&r=g","author_link":"https:\/\/construcaocivil.siriusmarketingedesign.com.br\/?author=1","description":"Desde de 2013, levando muitas informa\u00e7\u00f5es, lan\u00e7amentos e produtos de qualidade para toda cadeia produtiva da constru\u00e7\u00e3o. O Futuro da constru\u00e7\u00e3o passa por aqui,"},"uagb_featured_image_src":{"full":["https:\/\/construcaocivil.siriusmarketingedesign.com.br\/wp-content\/uploads\/2023\/06\/IMG_20230620_1542032.jpg",2504,1734,false],"thumbnail":["https:\/\/construcaocivil.siriusmarketingedesign.com.br\/wp-content\/uploads\/2023\/06\/IMG_20230620_1542032-150x150.jpg",150,150,true],"medium":["https:\/\/construcaocivil.siriusmarketingedesign.com.br\/wp-content\/uploads\/2023\/06\/IMG_20230620_1542032-300x208.jpg",300,208,true],"medium_large":["https:\/\/construcaocivil.siriusmarketingedesign.com.br\/wp-content\/uploads\/2023\/06\/IMG_20230620_1542032-768x532.jpg",768,532,true],"large":["https:\/\/construcaocivil.siriusmarketingedesign.com.br\/wp-content\/uploads\/2023\/06\/IMG_20230620_1542032-1024x709.jpg",1024,709,true],"1536x1536":["https:\/\/construcaocivil.siriusmarketingedesign.com.br\/wp-content\/uploads\/2023\/06\/IMG_20230620_1542032-1536x1064.jpg",1536,1064,true],"2048x2048":["https:\/\/construcaocivil.siriusmarketingedesign.com.br\/wp-content\/uploads\/2023\/06\/IMG_20230620_1542032-2048x1418.jpg",2048,1418,true]},"uagb_author_info":{"display_name":"Jornal da Constru\u00e7\u00e3o Civil","author_link":"https:\/\/construcaocivil.siriusmarketingedesign.com.br\/?author=1"},"uagb_comment_info":0,"uagb_excerpt":"Com visita\u00e7\u00e3o de mais de 2.500 executivos e profissionais do setor, que produz e que consome hidrog\u00eanio verde como op\u00e7\u00e3o energ\u00e9tica, a primeira edi\u00e7\u00e3o do Hydrogen Expo South America, realizada no Rio de Janeiro nos dias 20 e 21 de junho, foi encerrada com relevantes discuss\u00f5es para o desenvolvimento da cadeia de valor do hidrog\u00eanio&hellip;","_links":{"self":[{"href":"https:\/\/construcaocivil.siriusmarketingedesign.com.br\/index.php?rest_route=\/wp\/v2\/posts\/21952","targetHints":{"allow":["GET"]}}],"collection":[{"href":"https:\/\/construcaocivil.siriusmarketingedesign.com.br\/index.php?rest_route=\/wp\/v2\/posts"}],"about":[{"href":"https:\/\/construcaocivil.siriusmarketingedesign.com.br\/index.php?rest_route=\/wp\/v2\/types\/post"}],"author":[{"embeddable":true,"href":"https:\/\/construcaocivil.siriusmarketingedesign.com.br\/index.php?rest_route=\/wp\/v2\/users\/1"}],"replies":[{"embeddable":true,"href":"https:\/\/construcaocivil.siriusmarketingedesign.com.br\/index.php?rest_route=%2Fwp%2Fv2%2Fcomments&post=21952"}],"version-history":[{"count":0,"href":"https:\/\/construcaocivil.siriusmarketingedesign.com.br\/index.php?rest_route=\/wp\/v2\/posts\/21952\/revisions"}],"wp:featuredmedia":[{"embeddable":true,"href":"https:\/\/construcaocivil.siriusmarketingedesign.com.br\/index.php?rest_route=\/wp\/v2\/media\/21953"}],"wp:attachment":[{"href":"https:\/\/construcaocivil.siriusmarketingedesign.com.br\/index.php?rest_route=%2Fwp%2Fv2%2Fmedia&parent=21952"}],"wp:term":[{"taxonomy":"category","embeddable":true,"href":"https:\/\/construcaocivil.siriusmarketingedesign.com.br\/index.php?rest_route=%2Fwp%2Fv2%2Fcategories&post=21952"},{"taxonomy":"post_tag","embeddable":true,"href":"https:\/\/construcaocivil.siriusmarketingedesign.com.br\/index.php?rest_route=%2Fwp%2Fv2%2Ftags&post=21952"}],"curies":[{"name":"wp","href":"https:\/\/api.w.org\/{rel}","templated":true}]}}