{"id":2196,"date":"2016-06-20T22:28:05","date_gmt":"2016-06-20T22:28:05","guid":{"rendered":"http:\/\/www.jornaldaconstrucaocivil.com.br\/?p=2196"},"modified":"2016-06-20T22:28:05","modified_gmt":"2016-06-20T22:28:05","slug":"placo-contribui-com-conforto-acustico-em-escola-de-sao-paulo","status":"publish","type":"post","link":"https:\/\/construcaocivil.siriusmarketingedesign.com.br\/?p=2196","title":{"rendered":"Placo contribui com conforto ac\u00fastico em escola de S\u00e3o Paulo"},"content":{"rendered":"<p><span style=\"color: #000080;\"><strong>Resultados da parceria entre Placo e ProAcustica podem ser conferidos em document\u00e1rio dispon\u00edvel na internet<\/strong><\/span><\/p>\n<p><span style=\"color: #000000;\">A Placo &#8211; ind\u00fastria de drywall, sistema construtivo a seco de paredes, forros e revestimentos -, foi uma das empresas participantes da a\u00e7\u00e3o solid\u00e1ria para redu\u00e7\u00e3o do ru\u00eddo nas salas de aula da Escola Municipal Desembargador Amorim Lima, localizada no bairro do Butant\u00e3, em S\u00e3o Paulo, que teve a lideran\u00e7a da ProAc\u00fastica (Associa\u00e7\u00e3o Brasileira para a Qualidade Ac\u00fastica).<\/span><\/p>\n<figure id=\"attachment_2197\" aria-describedby=\"caption-attachment-2197\" style=\"width: 300px\" class=\"wp-caption alignleft\"><a href=\"http:\/\/www.jornaldaconstrucaocivil.com.br\/wp-content\/uploads\/2016\/06\/projeto_pro_acustica.png\"><img loading=\"lazy\" decoding=\"async\" class=\"wp-image-2197 size-medium\" src=\"http:\/\/www.jornaldaconstrucaocivil.com.br\/wp-content\/uploads\/2016\/06\/projeto_pro_acustica-300x167.png\" alt=\"projeto_pro_acustica\" width=\"300\" height=\"167\" \/><\/a><figcaption id=\"caption-attachment-2197\" class=\"wp-caption-text\"><span style=\"color: #ff0000;\">Imagem: Empresa promoveu uma interven\u00e7\u00e3o Ac\u00fastica em Escola Municipal na cidade de S\u00e3o Paulo.<span style=\"color: #000080;\"> Cr\u00e9ditos: Placo.com.br <\/span><\/span><\/figcaption><\/figure>\n<p><span style=\"color: #000000;\">Ao todo, foram realizadas interven\u00e7\u00f5es em forros, portas e janelas da institui\u00e7\u00e3o de ensino. As obras ocorreram durante as f\u00e9rias escolares e teve participa\u00e7\u00e3o tamb\u00e9m dos pais dos alunos e professores. O resultado foi a redu\u00e7\u00e3o em 40% do tempo de reverbera\u00e7\u00e3o salas de aula, propiciando muito mais conforto ac\u00fastico e, consequentemente, melhores condi\u00e7\u00f5es de ensino.<\/span><\/p>\n<p><span style=\"color: #000000;\">A Placo se destacou com o fornecimento de todos os componentes do sistema construtivo em drywall incluindo placas standard (ST) e o forro ac\u00fastico Gyptone Big Quattro 41.<\/span><\/p>\n<p><span style=\"color: #000000;\">Os resultados da parceria podem ser vistos no document\u00e1rio \u201cInterven\u00e7\u00e3o Ac\u00fastica em Escola Municipal na cidade de S\u00e3o Paulo &#8211; A\u00e7\u00e3o Solid\u00e1ria Amorim Lima\u201d, dispon\u00edvel em duas vers\u00f5es no canal da ProAcustica no YouTube:<\/span> <span style=\"color: #0000ff;\">https:\/\/www.youtube.com\/channel\/UCFLuSEVlWegRB2dXiWEod0w<\/span><\/p>\n<p><strong><span style=\"color: #000000;\">Sobre a Placo<\/span><\/strong><\/p>\n<p><span style=\"color: #000000;\">A Placo do Brasil iniciou suas atividades no pa\u00eds em 1995, inaugurando sua primeira unidade fabril em Mogi das Cruzes, interior de S\u00e3o Paulo, quatro anos depois. Em 2005 passou a integrar o grupo franc\u00eas Saint-Gobain, o que refor\u00e7ou sua posi\u00e7\u00e3o no mercado internacional, tornando-se l\u00edder mundial em solu\u00e7\u00f5es construtivas para ambientes internos.<\/span><\/p>\n<p><span style=\"color: #000000;\">Com o objetivo de ampliar sua produ\u00e7\u00e3o e de atender a crescente demanda do mercado do Nordeste e regi\u00f5es vizinhas, a empresa inaugurou em 2014 sua mais recente f\u00e1brica localizada em Feira de Santana (BA).<\/span><\/p>\n<p>H\u00e1 20 anos a Placo do Brasil segue desenvolvendo e produzindo t\u00e9cnicas leves e de r\u00e1pida execu\u00e7\u00e3o, inovando sempre e apresentando solu\u00e7\u00f5es de qualidade para os principais projetos arquitet\u00f4nicos e construtivos do pa\u00eds.<\/p>\n","protected":false},"excerpt":{"rendered":"<p>Resultados da parceria entre Placo e ProAcustica podem ser conferidos em document\u00e1rio dispon\u00edvel na internet A Placo &#8211; ind\u00fastria de drywall, sistema construtivo a seco de paredes, forros e revestimentos -, foi uma das empresas participantes da a\u00e7\u00e3o solid\u00e1ria para redu\u00e7\u00e3o do ru\u00eddo nas salas de aula da Escola Municipal Desembargador Amorim Lima, localizada no [&hellip;]<\/p>\n","protected":false},"author":1,"featured_media":2197,"comment_status":"open","ping_status":"open","sticky":false,"template":"","format":"standard","meta":{"_uag_custom_page_level_css":"","footnotes":""},"categories":[37],"tags":[440,3823,4932,7820,8144,8973,10547],"class_list":["post-2196","post","type-post","status-publish","format-standard","has-post-thumbnail","hentry","category-sustentabilidade","tag-acustica","tag-drywall","tag-feira-de-santanaba","tag-mogi-das-cruzes-sp","tag-nordeste","tag-placo-do-brasil","tag-saint-gobain"],"blocksy_meta":[],"spectra_blocks_featured_image_url":[],"spectra_blocks_author_info":{"display_name":"Jornal da Constru\u00e7\u00e3o Civil","avatar_url":"https:\/\/secure.gravatar.com\/avatar\/973c9774fd44ddaceb026973c4962faa70fc512bc4c9da68e8ebb40fecee6540?s=96&d=mm&r=g","author_link":"https:\/\/construcaocivil.siriusmarketingedesign.com.br\/?author=1","description":"Desde de 2013, levando muitas informa\u00e7\u00f5es, lan\u00e7amentos e produtos de qualidade para toda cadeia produtiva da constru\u00e7\u00e3o. O Futuro da constru\u00e7\u00e3o passa por aqui,"},"uagb_featured_image_src":{"full":false,"thumbnail":false,"medium":false,"medium_large":false,"large":false,"1536x1536":false,"2048x2048":false},"uagb_author_info":{"display_name":"Jornal da Constru\u00e7\u00e3o Civil","author_link":"https:\/\/construcaocivil.siriusmarketingedesign.com.br\/?author=1"},"uagb_comment_info":0,"uagb_excerpt":"Resultados da parceria entre Placo e ProAcustica podem ser conferidos em document\u00e1rio dispon\u00edvel na internet A Placo &#8211; ind\u00fastria de drywall, sistema construtivo a seco de paredes, forros e revestimentos -, foi uma das empresas participantes da a\u00e7\u00e3o solid\u00e1ria para redu\u00e7\u00e3o do ru\u00eddo nas salas de aula da Escola Municipal Desembargador Amorim Lima, localizada no&hellip;","_links":{"self":[{"href":"https:\/\/construcaocivil.siriusmarketingedesign.com.br\/index.php?rest_route=\/wp\/v2\/posts\/2196","targetHints":{"allow":["GET"]}}],"collection":[{"href":"https:\/\/construcaocivil.siriusmarketingedesign.com.br\/index.php?rest_route=\/wp\/v2\/posts"}],"about":[{"href":"https:\/\/construcaocivil.siriusmarketingedesign.com.br\/index.php?rest_route=\/wp\/v2\/types\/post"}],"author":[{"embeddable":true,"href":"https:\/\/construcaocivil.siriusmarketingedesign.com.br\/index.php?rest_route=\/wp\/v2\/users\/1"}],"replies":[{"embeddable":true,"href":"https:\/\/construcaocivil.siriusmarketingedesign.com.br\/index.php?rest_route=%2Fwp%2Fv2%2Fcomments&post=2196"}],"version-history":[{"count":0,"href":"https:\/\/construcaocivil.siriusmarketingedesign.com.br\/index.php?rest_route=\/wp\/v2\/posts\/2196\/revisions"}],"wp:attachment":[{"href":"https:\/\/construcaocivil.siriusmarketingedesign.com.br\/index.php?rest_route=%2Fwp%2Fv2%2Fmedia&parent=2196"}],"wp:term":[{"taxonomy":"category","embeddable":true,"href":"https:\/\/construcaocivil.siriusmarketingedesign.com.br\/index.php?rest_route=%2Fwp%2Fv2%2Fcategories&post=2196"},{"taxonomy":"post_tag","embeddable":true,"href":"https:\/\/construcaocivil.siriusmarketingedesign.com.br\/index.php?rest_route=%2Fwp%2Fv2%2Ftags&post=2196"}],"curies":[{"name":"wp","href":"https:\/\/api.w.org\/{rel}","templated":true}]}}