{"id":21972,"date":"2023-06-29T00:15:20","date_gmt":"2023-06-29T03:15:20","guid":{"rendered":"https:\/\/www.jornaldaconstrucaocivil.com.br\/?p=21972"},"modified":"2023-06-29T00:15:20","modified_gmt":"2023-06-29T03:15:20","slug":"fernando-de-noronha-lanca-movimento-nacional-em-defesa-dos-oceanos-sem-plasticos","status":"publish","type":"post","link":"https:\/\/construcaocivil.siriusmarketingedesign.com.br\/?p=21972","title":{"rendered":"Fernando de Noronha lan\u00e7a movimento nacional em defesa dos oceanos sem pl\u00e1sticos"},"content":{"rendered":"<p style=\"text-align: justify;\"><span style=\"color: #993300;\"><em>De m\u00e3os dadas pelos mares: Arquip\u00e9lago, que foi o primeiro territ\u00f3rio brasileiro a lan\u00e7ar o Decreto Pl\u00e1stico Zero em vigor desde 2019, re\u00fane representantes dos principais movimentos do Brasil<\/em><\/span><\/p>\n<p>&nbsp;<\/p>\n<p style=\"text-align: justify;\">Na pr\u00f3xima sexta-feira (30), fechando as celebra\u00e7\u00f5es do m\u00eas do Meio Ambiente e dos Oceanos e dando as boas vindas ao movimento &#8220;Julho Sem Pl\u00e1sticos&#8221;, Fernando de Noronha realizar\u00e1 uma grande a\u00e7\u00e3o coletiva em prol do Meio Ambiente, dos Mares e da Vida. O encontro Noronha e Oceanos Sem Pl\u00e1sticos &#8220;De M\u00e3os Dadas Por Oceanos sem Pl\u00e1stico&#8221; reunir\u00e1 especialistas, ativistas, gestores ambientais, artistas e representantes de entidades ligadas \u00e0 prote\u00e7\u00e3o dos oceanos, al\u00e9m de formadores de opini\u00e3o para mudar perspectivas sobre o relacionamento da humanidade com os oceanos, alertando e estimulando a\u00e7\u00f5es integradas para reverter processos de polui\u00e7\u00e3o e degrada\u00e7\u00e3o.<\/p>\n<p style=\"text-align: justify;\">O evento, das 15h \u00e0s 22h, \u00e9 presencial e ser\u00e1 transmitido pela internet pelos canais do Lab no Instagram e Youtube diretamente do Forte Nossa Senhora dos Rem\u00e9dios (Forte Noronha), importante espa\u00e7o cultural que tem uma das vistas mais deslumbrantes do Arquip\u00e9lago. A iniciativa \u00e9 promovida pelo Lab Noronha Pelo Planeta em parceria com o Forte Noronha e a Administra\u00e7\u00e3o da Ilha.<\/p>\n<p style=\"text-align: justify;\">&#8220;Este encontro inaugura um conjunto de a\u00e7\u00f5es planejadas pelo Lab Noronha, com diversos parceiros, para tornar a ilha um centro de integra\u00e7\u00e3o e reverbera\u00e7\u00e3o de movimentos internacionais voltados para solu\u00e7\u00f5es sustent\u00e1veis e regenerativas. A ideia \u00e9 desenvolver, com participa\u00e7\u00e3o ativa da comunidade local, novos modelos econ\u00f4micos que impulsionem o turismo e outras voca\u00e7\u00f5es, e, simultaneamente, protejam o meio ambiente, reduzam desigualdades e fortale\u00e7am a cultura pernambucana&#8221;, diz S\u00e9rgio Xavier, diretor-executivo do Lab, ex-secret\u00e1rio de meio ambiente e sustentabilidade de Pernambuco.<\/p>\n<p style=\"text-align: justify;\">A programa\u00e7\u00e3o inclui apresenta\u00e7\u00f5es art\u00edsticas, palestras, rodas de conversas, performances, atividades para crian\u00e7as, lan\u00e7amento de livros e da exposi\u00e7\u00e3o fotogr\u00e1fica &#8220;Desplastifique!&#8221;, exibi\u00e7\u00e3o de filmes e v\u00eddeo-mensagens de lideran\u00e7as nacionais e internacionais do Meio Ambientes e a feirinha NoronhArte, al\u00e9m de atividades de educa\u00e7\u00e3o ambiental para os jovens do Arquip\u00e9lago comandadas pelo Climate Reality e o movimento X\u00f4 Pl\u00e1stico.<\/p>\n<p style=\"text-align: justify;\">O encontro tem a miss\u00e3o de alertar sobre a urg\u00eancia de restringir o pl\u00e1stico, problema grave mundial que est\u00e1 em discuss\u00e3o por 175 pa\u00edses que concordaram desenvolver um tratado global da ONU para redu\u00e7\u00e3o da polui\u00e7\u00e3o pl\u00e1stica a partir de uma articula\u00e7\u00e3o iniciada pela Fran\u00e7a e Brasil. A ideia \u00e9 avan\u00e7ar para a circularidade de todos os tipos de res\u00edduos, motivando as ind\u00fastrias e com\u00e9rcios a agirem pela economia circular, planejando a chegada e o destino final dos principais res\u00edduos. Envolvendo ainda a comunidade local e os jovens no desenvolvimento do programa, identificando tamb\u00e9m oportunidades de empregos e de neg\u00f3cios para os ilh\u00e9us.<\/p>\n<p style=\"text-align: justify;\">Ao final uma ciranda simbolizar\u00e1 a uni\u00e3o de for\u00e7as e ideias retirar os pl\u00e1sticos dos ambientes naturais cantada pelo mestre cirandeiro Anderson Miguel, pernambucano de Nazar\u00e9 da Mata, junto com o maracatu Na\u00e7\u00e3o Noronha e a artista Marina do Mar. Ser\u00e1 a primeira vez que o cirandeiro se apresenta em Fernando de Noronha junto com Maracatu Na\u00e7\u00e3o Noronha e outros artistas.<\/p>\n<p style=\"text-align: justify;\">VOZES UNIDAS EM ALERTA<\/p>\n<p style=\"text-align: justify;\">Os oceanos abrigam 97% da \u00e1gua do planeta, re\u00fanem a maior diversidade de esp\u00e9cies existentes na Terra e s\u00e3o important\u00edssimos para o equil\u00edbrio clim\u00e1tico e para a manuten\u00e7\u00e3o da vida no presente e no futuro. No entanto, toda essa diversidade est\u00e1 correndo risco pelo impacto das a\u00e7\u00f5es humanas. Todos os dias cerca de oito milh\u00f5es de toneladas de pl\u00e1sticos chegam aos mares. Milh\u00f5es de aves e animais marinhos morrem todos os anos por causa da polui\u00e7\u00e3o pl\u00e1stica.<\/p>\n<p style=\"text-align: justify;\">&#8220;Vozes potentes est\u00e3o se conectando ao movimento &#8216;De M\u00e3os Dadas Pelos Oceanos Sem Pl\u00e1stico&#8217; e estar\u00e3o presentes nessa Ciranda pela vida e por uma economia lixo zero&#8221;, destaca a curadora do evento e diretora Sociocultural do Lab Noronha Pelo Planeta, em implanta\u00e7\u00e3o na ilha, Luciana Nunes.<\/p>\n<p style=\"text-align: justify;\">\u00c9 a primeira vez que Noronha re\u00fane representantes dos principais movimentos de defesa do Oceano em um \u00fanico evento. Estar\u00e3o presentes representa\u00e7\u00f5es da ONU (PNUMA-online), Oceana (online), Tamar, Golfinho Rotador, Mam\u00edferos Aqu\u00e1ticos e movimento X\u00f4 Pl\u00e1stico, al\u00e9m de outras institui\u00e7\u00f5es de refer\u00eancias em defesa dos Oceanos, est\u00e3o sendo confirmadas.<\/p>\n<p style=\"text-align: justify;\">Tamb\u00e9m est\u00e3o previstas a participa\u00e7\u00e3o da Administradora Thallyta Figuer\u00f4a; da secret\u00e1ria estadual de Meio Ambiente, Ana Luiza Ferreira, e representantes do Minist\u00e9rio do Meio Ambiente e ICMBio que v\u00e3o destacar pol\u00edticas p\u00fablicas para redu\u00e7\u00e3o de pl\u00e1sticos e prote\u00e7\u00e3o ambiental.<\/p>\n<p style=\"text-align: justify;\">Segundo a administradora Thallyta Figueir\u00f4a, a conserva\u00e7\u00e3o da biodiversidade est\u00e1 dentro da agenda priorit\u00e1ria de a\u00e7\u00f5es ambientais de Pernambuco. &#8220;Noronha abriga uma rica biodiversidade marinha e isso nos traz uma grande responsabilidade. Desde 2019, o Programa Noronha Pl\u00e1stico Zero pro\u00edbe a entrada de pl\u00e1sticos descart\u00e1veis no arquip\u00e9lago, a a\u00e7\u00e3o desempenha um papel primordial para a manuten\u00e7\u00e3o da biodiversidade marinha local, pois a redu\u00e7\u00e3o do consumo desse material minimiza tamb\u00e9m a gera\u00e7\u00e3o de res\u00edduos pl\u00e1sticos, que s\u00e3o uma grande amea\u00e7a \u00e0 seguran\u00e7a e vida dos animais marinhos. Diariamente buscamos maneiras de engajar os turistas e moradores nessa corrente do bem em prol dos oceanos.&#8221;<\/p>\n<p style=\"text-align: justify;\">Entre os palestrantes j\u00e1 est\u00e1 confirmada Ana Prates, diretora de Oceanos do Minist\u00e9rio do Meio Ambiente para falar sobre a quest\u00e3o do Tratado Global dos Pl\u00e1sticos.<\/p>\n<p style=\"text-align: justify;\">POLUI\u00c7\u00c3O &#8211; Segundo dados do WWF, o Brasil \u00e9 o 4\u00ba pa\u00eds do mundo que mais gera lixo pl\u00e1stico. No mundo, estima-se que os detritos causem a morte de mais de um milh\u00e3o de aves marinhas e mais de cem mil mam\u00edferos marinhos todos os anos. A pesca tamb\u00e9m sofre com o pl\u00e1stico, pois um a cada tr\u00eas peixes capturados para consumo humano cont\u00e9m pl\u00e1stico. Al\u00e9m disso, mais de um milh\u00e3o de sacolas pl\u00e1sticas v\u00e3o para o lixo a cada minuto. Para se ter uma ideia do tamanho do estrago, basta dizer que o mundo produz 35 mil torres Eiffel de lixo pl\u00e1stico por ano e essa quantidade dever\u00e1 duplicar at\u00e9 2060 se o modelo e ritmo de consumo seguir como hoje.<\/p>\n<p style=\"text-align: justify;\">\n<p style=\"text-align: justify;\">PL\u00c1STICO ZERO \u2013 Fernando de Noronha foi o primeiro territ\u00f3rio brasileiro a lan\u00e7ar o Decreto\u00a0 Pl\u00e1stico Zero, que entrou em vigor em abril de 2019. A medida impede o uso e a comercializa\u00e7\u00e3o de recipientes, embalagens e demais utens\u00edlios de pl\u00e1stico descart\u00e1vel de uso \u00fanico.<\/p>\n<p style=\"text-align: justify;\">\n<p style=\"text-align: justify;\">SOBRE O LABNORONHA Sediado em Fernando de Noronha, o Lab Noronha Pelo Planeta \u00e9 um projeto inovador para interligar tecnologias e modelos de neg\u00f3cios sustent\u00e1veis e replic\u00e1veis, com foco na cultura, educa\u00e7\u00e3o e na economia regenerativa e do descarbono. Entre suas a\u00e7\u00f5es, est\u00e3o iniciativas de difus\u00e3o de conhecimento e informa\u00e7\u00e3o que beneficiam as comunidades locais e a biodiversidade do entorno.<\/p>\n<p style=\"text-align: justify;\">\n<p style=\"text-align: justify;\">Saiba mais em https:\/\/www.instagram.com\/labnoronhapeloplaneta<\/p>\n<p style=\"text-align: justify;\">\n","protected":false},"excerpt":{"rendered":"<p>De m\u00e3os dadas pelos mares: Arquip\u00e9lago, que foi o primeiro territ\u00f3rio brasileiro a lan\u00e7ar o Decreto Pl\u00e1stico Zero em vigor desde 2019, re\u00fane representantes dos principais movimentos do Brasil &nbsp; Na pr\u00f3xima sexta-feira (30), fechando as celebra\u00e7\u00f5es do m\u00eas do Meio Ambiente e dos Oceanos e dando as boas vindas ao movimento &#8220;Julho Sem Pl\u00e1sticos&#8221;, [&hellip;]<\/p>\n","protected":false},"author":1,"featured_media":21973,"comment_status":"open","ping_status":"open","sticky":false,"template":"","format":"standard","meta":{"_uag_custom_page_level_css":"","footnotes":""},"categories":[37],"tags":[25467,25465,25466,20414,8144,8828],"class_list":["post-21972","post","type-post","status-publish","format-standard","has-post-thumbnail","hentry","category-sustentabilidade","tag-ameacafaunamarinha","tag-limpezadosoceanos","tag-praiassemplastico","tag-fernando-de-noronha","tag-nordeste","tag-pernambuco"],"blocksy_meta":[],"spectra_blocks_featured_image_url":{"thumbnail":{"url":"https:\/\/construcaocivil.siriusmarketingedesign.com.br\/wp-content\/uploads\/2023\/06\/ad76f5c8-1d2a-464a-b44c-3c2fe4a8776e-150x150.jpeg","width":150,"height":150},"medium":{"url":"https:\/\/construcaocivil.siriusmarketingedesign.com.br\/wp-content\/uploads\/2023\/06\/ad76f5c8-1d2a-464a-b44c-3c2fe4a8776e-300x243.jpeg","width":300,"height":243},"medium_large":{"url":"https:\/\/construcaocivil.siriusmarketingedesign.com.br\/wp-content\/uploads\/2023\/06\/ad76f5c8-1d2a-464a-b44c-3c2fe4a8776e-768x623.jpeg","width":768,"height":623},"large":{"url":"https:\/\/construcaocivil.siriusmarketingedesign.com.br\/wp-content\/uploads\/2023\/06\/ad76f5c8-1d2a-464a-b44c-3c2fe4a8776e.jpeg","width":1024,"height":831},"full":{"url":"https:\/\/construcaocivil.siriusmarketingedesign.com.br\/wp-content\/uploads\/2023\/06\/ad76f5c8-1d2a-464a-b44c-3c2fe4a8776e.jpeg","width":1024,"height":831}},"spectra_blocks_author_info":{"display_name":"Jornal da Constru\u00e7\u00e3o Civil","avatar_url":"https:\/\/secure.gravatar.com\/avatar\/973c9774fd44ddaceb026973c4962faa70fc512bc4c9da68e8ebb40fecee6540?s=96&d=mm&r=g","author_link":"https:\/\/construcaocivil.siriusmarketingedesign.com.br\/?author=1","description":"Desde de 2013, levando muitas informa\u00e7\u00f5es, lan\u00e7amentos e produtos de qualidade para toda cadeia produtiva da constru\u00e7\u00e3o. O Futuro da constru\u00e7\u00e3o passa por aqui,"},"uagb_featured_image_src":{"full":["https:\/\/construcaocivil.siriusmarketingedesign.com.br\/wp-content\/uploads\/2023\/06\/ad76f5c8-1d2a-464a-b44c-3c2fe4a8776e.jpeg",1024,831,false],"thumbnail":["https:\/\/construcaocivil.siriusmarketingedesign.com.br\/wp-content\/uploads\/2023\/06\/ad76f5c8-1d2a-464a-b44c-3c2fe4a8776e-150x150.jpeg",150,150,true],"medium":["https:\/\/construcaocivil.siriusmarketingedesign.com.br\/wp-content\/uploads\/2023\/06\/ad76f5c8-1d2a-464a-b44c-3c2fe4a8776e-300x243.jpeg",300,243,true],"medium_large":["https:\/\/construcaocivil.siriusmarketingedesign.com.br\/wp-content\/uploads\/2023\/06\/ad76f5c8-1d2a-464a-b44c-3c2fe4a8776e-768x623.jpeg",768,623,true],"large":["https:\/\/construcaocivil.siriusmarketingedesign.com.br\/wp-content\/uploads\/2023\/06\/ad76f5c8-1d2a-464a-b44c-3c2fe4a8776e.jpeg",1024,831,false],"1536x1536":["https:\/\/construcaocivil.siriusmarketingedesign.com.br\/wp-content\/uploads\/2023\/06\/ad76f5c8-1d2a-464a-b44c-3c2fe4a8776e.jpeg",1024,831,false],"2048x2048":["https:\/\/construcaocivil.siriusmarketingedesign.com.br\/wp-content\/uploads\/2023\/06\/ad76f5c8-1d2a-464a-b44c-3c2fe4a8776e.jpeg",1024,831,false]},"uagb_author_info":{"display_name":"Jornal da Constru\u00e7\u00e3o Civil","author_link":"https:\/\/construcaocivil.siriusmarketingedesign.com.br\/?author=1"},"uagb_comment_info":0,"uagb_excerpt":"De m\u00e3os dadas pelos mares: Arquip\u00e9lago, que foi o primeiro territ\u00f3rio brasileiro a lan\u00e7ar o Decreto Pl\u00e1stico Zero em vigor desde 2019, re\u00fane representantes dos principais movimentos do Brasil &nbsp; Na pr\u00f3xima sexta-feira (30), fechando as celebra\u00e7\u00f5es do m\u00eas do Meio Ambiente e dos Oceanos e dando as boas vindas ao movimento &#8220;Julho Sem Pl\u00e1sticos&#8221;,&hellip;","_links":{"self":[{"href":"https:\/\/construcaocivil.siriusmarketingedesign.com.br\/index.php?rest_route=\/wp\/v2\/posts\/21972","targetHints":{"allow":["GET"]}}],"collection":[{"href":"https:\/\/construcaocivil.siriusmarketingedesign.com.br\/index.php?rest_route=\/wp\/v2\/posts"}],"about":[{"href":"https:\/\/construcaocivil.siriusmarketingedesign.com.br\/index.php?rest_route=\/wp\/v2\/types\/post"}],"author":[{"embeddable":true,"href":"https:\/\/construcaocivil.siriusmarketingedesign.com.br\/index.php?rest_route=\/wp\/v2\/users\/1"}],"replies":[{"embeddable":true,"href":"https:\/\/construcaocivil.siriusmarketingedesign.com.br\/index.php?rest_route=%2Fwp%2Fv2%2Fcomments&post=21972"}],"version-history":[{"count":0,"href":"https:\/\/construcaocivil.siriusmarketingedesign.com.br\/index.php?rest_route=\/wp\/v2\/posts\/21972\/revisions"}],"wp:featuredmedia":[{"embeddable":true,"href":"https:\/\/construcaocivil.siriusmarketingedesign.com.br\/index.php?rest_route=\/wp\/v2\/media\/21973"}],"wp:attachment":[{"href":"https:\/\/construcaocivil.siriusmarketingedesign.com.br\/index.php?rest_route=%2Fwp%2Fv2%2Fmedia&parent=21972"}],"wp:term":[{"taxonomy":"category","embeddable":true,"href":"https:\/\/construcaocivil.siriusmarketingedesign.com.br\/index.php?rest_route=%2Fwp%2Fv2%2Fcategories&post=21972"},{"taxonomy":"post_tag","embeddable":true,"href":"https:\/\/construcaocivil.siriusmarketingedesign.com.br\/index.php?rest_route=%2Fwp%2Fv2%2Ftags&post=21972"}],"curies":[{"name":"wp","href":"https:\/\/api.w.org\/{rel}","templated":true}]}}