{"id":21979,"date":"2023-06-29T01:07:52","date_gmt":"2023-06-29T04:07:52","guid":{"rendered":"https:\/\/www.jornaldaconstrucaocivil.com.br\/?p=21979"},"modified":"2023-06-29T01:07:52","modified_gmt":"2023-06-29T04:07:52","slug":"programa-minha-casa-minha-vida-construtoras-comemoram-atualizacoes","status":"publish","type":"post","link":"https:\/\/construcaocivil.siriusmarketingedesign.com.br\/?p=21979","title":{"rendered":"Programa Minha Casa Minha Vida: construtoras comemoram atualiza\u00e7\u00f5es"},"content":{"rendered":"<p><i>Melhor colocada em ranking do Estado do Rio, MP Construtora espera acr\u00e9scimo de pelo menos 10% em negocia\u00e7\u00f5es<\/i><\/p>\n<div>\n<p>As atualiza\u00e7\u00f5es do Programa Minha Casa Minha Vida divulgadas no \u00faltimo dia 20 pelo Conselho Curador do Fundo de Garantia por Tempo de Servi\u00e7o (CCGFTS) v\u00e3o aquecer muito o mercado imobili\u00e1rio e j\u00e1 \u00e9 motivo de comemora\u00e7\u00e3o das empresas do setor, como a MP Construtora, melhor colocada do Estado do Rio de Janeiro no Ranking INTEC das 100 Maiores Construtoras do Brasil. \u201cAcreditamos que esta medida ter\u00e1 um impacto de at\u00e9 10% de acesso a fam\u00edlias das classes B e C, nosso p\u00fablico alvo\u201d, comenta CEO Bruno Murta.<\/p>\n<p>&#8220;As mudan\u00e7as no Programa Minha Casa Minha Vida impactaram positivamente o mercado imobili\u00e1rio, principalmente as de baixa renda. Com subs\u00eddios aumentados, taxa de juros reduzida e maior valor dos im\u00f3veis financi\u00e1veis, estamos diante de uma oportunidade \u00fanica para impulsionar o mercado e oferecer moradias de qualidade para mais fam\u00edlias&#8221;, explica Murta, CEO da Construtora, especializada nas regi\u00f5es de Niter\u00f3i e S\u00e3o Gon\u00e7alo, no Estado do Rio, destaca.<\/p>\n<p>Os im\u00f3veis das faixas 1 e 2 do Minha Casa Minha Vida ter\u00e3o valores entre R$ 190 mil e R$ 264 mil, de acordo com a localiza\u00e7\u00e3o, e os da faixa 3, de R$ 264 mil para R$ 350 mil.<\/p>\n<p>\u201cO aumento do valor do teto, o aumento do subs\u00eddio e a redu\u00e7\u00e3o da taxa de juros do financiamento banc\u00e1rio: todas essas mudan\u00e7as possibilitar\u00e3o que novas fam\u00edlias possam se enquadrar nesse programa e muitos outros empreendimentos com realidades de pre\u00e7os maiores e melhores sejam contemplados. Ajudando, assim a diminuir o d\u00e9ficit habitacional brasileiro\u201d, informa.<\/p>\n<p>\u201cAs mudan\u00e7as impactam positivamente a MP. Com essas altera\u00e7\u00f5es mais de 90 % de nossas unidades e empreendimentos poder\u00e3o ser enquadrados no programa social.\u00a0 Permite que o nosso crescimento seja cont\u00ednuo, com boas perspectivas do bem estar social e desenvolvimento econ\u00f4mico, principalmente onde atuamos. Al\u00e9m de realizar o sonho da casa pr\u00f3pria de centenas de fam\u00edlias\u201d, completou.<\/p>\n<p>O conselho do FGTS elevou o valor m\u00e1ximo de subs\u00eddios para entrada de fam\u00edlias de baixa renda com renda de at\u00e9 R$4,4 mil\/m\u00eas, passando de R$47,5 mil para R$55 mil. \u201cAcreditamos que esta medida ter\u00e1 um impacto de at\u00e9 8% de acesso a fam\u00edlias dentro desta faixa\u201d, completa alerta Bruno.<\/p>\n<\/div>\n","protected":false},"excerpt":{"rendered":"<p>Melhor colocada em ranking do Estado do Rio, MP Construtora espera acr\u00e9scimo de pelo menos 10% em negocia\u00e7\u00f5es As atualiza\u00e7\u00f5es do Programa Minha Casa Minha Vida divulgadas no \u00faltimo dia 20 pelo Conselho Curador do Fundo de Garantia por Tempo de Servi\u00e7o (CCGFTS) v\u00e3o aquecer muito o mercado imobili\u00e1rio e j\u00e1 \u00e9 motivo de comemora\u00e7\u00e3o [&hellip;]<\/p>\n","protected":false},"author":1,"featured_media":10012,"comment_status":"open","ping_status":"open","sticky":false,"template":"","format":"standard","meta":{"_uag_custom_page_level_css":"","footnotes":""},"categories":[30],"tags":[24722,25471,25470,24624,5020,7401,25472,8127],"class_list":["post-21979","post","type-post","status-publish","format-standard","has-post-thumbnail","hentry","category-imoveis","tag-casapropria","tag-construtorasrj","tag-dinheiromcnv","tag-servicosdeobras","tag-fgts","tag-mcmv","tag-mp-construtora-e-incorporadora","tag-niteroi"],"blocksy_meta":[],"spectra_blocks_featured_image_url":{"thumbnail":{"url":"https:\/\/construcaocivil.siriusmarketingedesign.com.br\/wp-content\/uploads\/2018\/08\/AA-PAC-CAIXA-150x150.jpg","width":150,"height":150},"medium":{"url":"https:\/\/construcaocivil.siriusmarketingedesign.com.br\/wp-content\/uploads\/2018\/08\/AA-PAC-CAIXA-300x200.jpg","width":300,"height":200},"medium_large":{"url":"https:\/\/construcaocivil.siriusmarketingedesign.com.br\/wp-content\/uploads\/2018\/08\/AA-PAC-CAIXA-768x512.jpg","width":768,"height":512},"large":{"url":"https:\/\/construcaocivil.siriusmarketingedesign.com.br\/wp-content\/uploads\/2018\/08\/AA-PAC-CAIXA-1024x683.jpg","width":1024,"height":683},"full":{"url":"https:\/\/construcaocivil.siriusmarketingedesign.com.br\/wp-content\/uploads\/2018\/08\/AA-PAC-CAIXA.jpg","width":1600,"height":1067}},"spectra_blocks_author_info":{"display_name":"Jornal da Constru\u00e7\u00e3o Civil","avatar_url":"https:\/\/secure.gravatar.com\/avatar\/973c9774fd44ddaceb026973c4962faa70fc512bc4c9da68e8ebb40fecee6540?s=96&d=mm&r=g","author_link":"https:\/\/construcaocivil.siriusmarketingedesign.com.br\/?author=1","description":"Desde de 2013, levando muitas informa\u00e7\u00f5es, lan\u00e7amentos e produtos de qualidade para toda cadeia produtiva da constru\u00e7\u00e3o. O Futuro da constru\u00e7\u00e3o passa por aqui,"},"uagb_featured_image_src":{"full":["https:\/\/construcaocivil.siriusmarketingedesign.com.br\/wp-content\/uploads\/2018\/08\/AA-PAC-CAIXA.jpg",1600,1067,false],"thumbnail":["https:\/\/construcaocivil.siriusmarketingedesign.com.br\/wp-content\/uploads\/2018\/08\/AA-PAC-CAIXA-150x150.jpg",150,150,true],"medium":["https:\/\/construcaocivil.siriusmarketingedesign.com.br\/wp-content\/uploads\/2018\/08\/AA-PAC-CAIXA-300x200.jpg",300,200,true],"medium_large":["https:\/\/construcaocivil.siriusmarketingedesign.com.br\/wp-content\/uploads\/2018\/08\/AA-PAC-CAIXA-768x512.jpg",768,512,true],"large":["https:\/\/construcaocivil.siriusmarketingedesign.com.br\/wp-content\/uploads\/2018\/08\/AA-PAC-CAIXA-1024x683.jpg",1024,683,true],"1536x1536":["https:\/\/construcaocivil.siriusmarketingedesign.com.br\/wp-content\/uploads\/2018\/08\/AA-PAC-CAIXA.jpg",1536,1024,false],"2048x2048":["https:\/\/construcaocivil.siriusmarketingedesign.com.br\/wp-content\/uploads\/2018\/08\/AA-PAC-CAIXA.jpg",1600,1067,false]},"uagb_author_info":{"display_name":"Jornal da Constru\u00e7\u00e3o Civil","author_link":"https:\/\/construcaocivil.siriusmarketingedesign.com.br\/?author=1"},"uagb_comment_info":0,"uagb_excerpt":"Melhor colocada em ranking do Estado do Rio, MP Construtora espera acr\u00e9scimo de pelo menos 10% em negocia\u00e7\u00f5es As atualiza\u00e7\u00f5es do Programa Minha Casa Minha Vida divulgadas no \u00faltimo dia 20 pelo Conselho Curador do Fundo de Garantia por Tempo de Servi\u00e7o (CCGFTS) v\u00e3o aquecer muito o mercado imobili\u00e1rio e j\u00e1 \u00e9 motivo de comemora\u00e7\u00e3o&hellip;","_links":{"self":[{"href":"https:\/\/construcaocivil.siriusmarketingedesign.com.br\/index.php?rest_route=\/wp\/v2\/posts\/21979","targetHints":{"allow":["GET"]}}],"collection":[{"href":"https:\/\/construcaocivil.siriusmarketingedesign.com.br\/index.php?rest_route=\/wp\/v2\/posts"}],"about":[{"href":"https:\/\/construcaocivil.siriusmarketingedesign.com.br\/index.php?rest_route=\/wp\/v2\/types\/post"}],"author":[{"embeddable":true,"href":"https:\/\/construcaocivil.siriusmarketingedesign.com.br\/index.php?rest_route=\/wp\/v2\/users\/1"}],"replies":[{"embeddable":true,"href":"https:\/\/construcaocivil.siriusmarketingedesign.com.br\/index.php?rest_route=%2Fwp%2Fv2%2Fcomments&post=21979"}],"version-history":[{"count":0,"href":"https:\/\/construcaocivil.siriusmarketingedesign.com.br\/index.php?rest_route=\/wp\/v2\/posts\/21979\/revisions"}],"wp:featuredmedia":[{"embeddable":true,"href":"https:\/\/construcaocivil.siriusmarketingedesign.com.br\/index.php?rest_route=\/wp\/v2\/media\/10012"}],"wp:attachment":[{"href":"https:\/\/construcaocivil.siriusmarketingedesign.com.br\/index.php?rest_route=%2Fwp%2Fv2%2Fmedia&parent=21979"}],"wp:term":[{"taxonomy":"category","embeddable":true,"href":"https:\/\/construcaocivil.siriusmarketingedesign.com.br\/index.php?rest_route=%2Fwp%2Fv2%2Fcategories&post=21979"},{"taxonomy":"post_tag","embeddable":true,"href":"https:\/\/construcaocivil.siriusmarketingedesign.com.br\/index.php?rest_route=%2Fwp%2Fv2%2Ftags&post=21979"}],"curies":[{"name":"wp","href":"https:\/\/api.w.org\/{rel}","templated":true}]}}