{"id":21985,"date":"2023-07-02T14:17:44","date_gmt":"2023-07-02T17:17:44","guid":{"rendered":"https:\/\/www.jornaldaconstrucaocivil.com.br\/?p=21985"},"modified":"2023-07-02T14:17:44","modified_gmt":"2023-07-02T17:17:44","slug":"casa-propria-mais-perto-novas-condicoes-de-credito-para-o-minha-casa-minha-vida-estarao-disponiveis-a-partir-das-proximas-semanas","status":"publish","type":"post","link":"https:\/\/construcaocivil.siriusmarketingedesign.com.br\/?p=21985","title":{"rendered":"Casa Pr\u00f3pria mais perto: Novas condi\u00e7\u00f5es de cr\u00e9dito para o Minha Casa, Minha Vida estar\u00e3o dispon\u00edveis a partir das pr\u00f3ximas semanas"},"content":{"rendered":"<div class=\"documentDescription\">Minist\u00e9rio das Cidades regulamentou hoje as medidas aprovadas pelo Conselho do FGTS que beneficiam fam\u00edlias enquadradas no programa<\/div>\n<p>&nbsp;<\/p>\n<p>O Minist\u00e9rio das Cidades publicou nesta sexta-feira (30), no Di\u00e1rio Oficial da Uni\u00e3o, a\u00a0<a class=\"external-link\" title=\"\" href=\"https:\/\/www.in.gov.br\/en\/web\/dou\/-\/instrucao-normativa-n.-27-de-29-de-junho-de-2023-493125395\" target=\"_blank\" rel=\"noopener\" data-tippreview-enabled=\"false\" data-tippreview-image=\"\" data-tippreview-title=\"\">Instru\u00e7\u00e3o Normativa n\u00ba 27 de 29 de junho de 2023<\/a>, que regulamenta as medidas aprovadas na semana passada pelo Conselho Curador do FGTS, que beneficiar\u00e1 fam\u00edlias do Programa Minha Casa, Minha Vida.<\/p>\n<p>&nbsp;<\/p>\n<div id=\"viewlet-above-content-body\">Al\u00e9m da redu\u00e7\u00e3o na taxa de juros para as fam\u00edlias com renda de at\u00e9 R$ 2 mil, foi regulamentada a amplia\u00e7\u00e3o do subs\u00eddio ofertado para a aquisi\u00e7\u00e3o ou constru\u00e7\u00e3o de im\u00f3veis e os novos limites de valor para enquadramento de im\u00f3veis no\u00a0<a class=\"external-link\" title=\"\" href=\"https:\/\/www.gov.br\/cidades\/pt-br\/assuntos\/noticias-1\/conselho-do-fgts-aprova-juros-mais-baixos-para-financiamento-de-imoveis-do-minha-casa-minha-vida\" target=\"_blank\" rel=\"noopener\" data-tippreview-enabled=\"false\" data-tippreview-image=\"\" data-tippreview-title=\"\">programa<\/a>.<\/div>\n<p>&nbsp;<\/p>\n<p>O ato normativo amplia ainda o subs\u00eddio oferecido para a aquisi\u00e7\u00e3o de im\u00f3veis usados. Na legisla\u00e7\u00e3o anterior, apenas fam\u00edlias com renda de at\u00e9 R$ 2,4 mil poderiam receber desconto na aquisi\u00e7\u00e3o de im\u00f3veis usados. Al\u00e9m da limita\u00e7\u00e3o de renda, o subs\u00eddio era ainda reduzido a 30% do montante que essa fam\u00edlia poderia receber caso o im\u00f3vel fosse novo.<\/p>\n<p>Com as mudan\u00e7as realizadas pelo MCid, todas as fam\u00edlias que tem direito \u00e0 pol\u00edtica de descontos (Faixas 1 e 2 do MCMV) poder\u00e3o receber o benef\u00edcio para im\u00f3veis usados, o qual corresponder\u00e1 a 70% do subs\u00eddio oferecido para a aquisi\u00e7\u00e3o de im\u00f3veis novos. A medida converge com os dados do Censo Demogr\u00e1fico de 2022. De acordo com o \u00faltimo levantamento do IBGE, o Brasil conta com 11,4 milh\u00f5es de domic\u00edlios vagos em todo o seu territ\u00f3rio.<\/p>\n<p>As novas condi\u00e7\u00f5es de cr\u00e9dito, aprovadas pelo Conselho Curador do FGTS e regulamentadas pelo Minist\u00e9rio das Cidades, estar\u00e3o dispon\u00edveis para o p\u00fablico a partir das pr\u00f3ximas semanas.<\/p>\n<p>Fonte: Minist\u00e9rio das Cidades<\/p>\n<p>&nbsp;<\/p>\n","protected":false},"excerpt":{"rendered":"<p>Minist\u00e9rio das Cidades regulamentou hoje as medidas aprovadas pelo Conselho do FGTS que beneficiam fam\u00edlias enquadradas no programa &nbsp; O Minist\u00e9rio das Cidades publicou nesta sexta-feira (30), no Di\u00e1rio Oficial da Uni\u00e3o, a\u00a0Instru\u00e7\u00e3o Normativa n\u00ba 27 de 29 de junho de 2023, que regulamenta as medidas aprovadas na semana passada pelo Conselho Curador do FGTS, [&hellip;]<\/p>\n","protected":false},"author":1,"featured_media":21986,"comment_status":"open","ping_status":"open","sticky":false,"template":"","format":"standard","meta":{"_uag_custom_page_level_css":"","footnotes":""},"categories":[30],"tags":[24722,25437,25479,25477,24675,25478],"class_list":["post-21985","post","type-post","status-publish","format-standard","has-post-thumbnail","hentry","category-imoveis","tag-casapropria","tag-creditoimobiliario","tag-desempregadosnobrasil","tag-dinheirocasapropria","tag-minhacasaminhavida","tag-ministeriodascidades"],"blocksy_meta":[],"spectra_blocks_featured_image_url":{"thumbnail":{"url":"https:\/\/construcaocivil.siriusmarketingedesign.com.br\/wp-content\/uploads\/2023\/07\/2aa08e3d-0ab4-4e6b-804e-85bcc99f2dca-150x150.jpeg","width":150,"height":150},"medium":{"url":"https:\/\/construcaocivil.siriusmarketingedesign.com.br\/wp-content\/uploads\/2023\/07\/2aa08e3d-0ab4-4e6b-804e-85bcc99f2dca-300x173.jpeg","width":300,"height":173},"medium_large":{"url":"https:\/\/construcaocivil.siriusmarketingedesign.com.br\/wp-content\/uploads\/2023\/07\/2aa08e3d-0ab4-4e6b-804e-85bcc99f2dca.jpeg","width":768,"height":444},"large":{"url":"https:\/\/construcaocivil.siriusmarketingedesign.com.br\/wp-content\/uploads\/2023\/07\/2aa08e3d-0ab4-4e6b-804e-85bcc99f2dca.jpeg","width":768,"height":444},"full":{"url":"https:\/\/construcaocivil.siriusmarketingedesign.com.br\/wp-content\/uploads\/2023\/07\/2aa08e3d-0ab4-4e6b-804e-85bcc99f2dca.jpeg","width":768,"height":444}},"spectra_blocks_author_info":{"display_name":"Jornal da Constru\u00e7\u00e3o Civil","avatar_url":"https:\/\/secure.gravatar.com\/avatar\/973c9774fd44ddaceb026973c4962faa70fc512bc4c9da68e8ebb40fecee6540?s=96&d=mm&r=g","author_link":"https:\/\/construcaocivil.siriusmarketingedesign.com.br\/?author=1","description":"Desde de 2013, levando muitas informa\u00e7\u00f5es, lan\u00e7amentos e produtos de qualidade para toda cadeia produtiva da constru\u00e7\u00e3o. O Futuro da constru\u00e7\u00e3o passa por aqui,"},"uagb_featured_image_src":{"full":["https:\/\/construcaocivil.siriusmarketingedesign.com.br\/wp-content\/uploads\/2023\/07\/2aa08e3d-0ab4-4e6b-804e-85bcc99f2dca.jpeg",768,444,false],"thumbnail":["https:\/\/construcaocivil.siriusmarketingedesign.com.br\/wp-content\/uploads\/2023\/07\/2aa08e3d-0ab4-4e6b-804e-85bcc99f2dca-150x150.jpeg",150,150,true],"medium":["https:\/\/construcaocivil.siriusmarketingedesign.com.br\/wp-content\/uploads\/2023\/07\/2aa08e3d-0ab4-4e6b-804e-85bcc99f2dca-300x173.jpeg",300,173,true],"medium_large":["https:\/\/construcaocivil.siriusmarketingedesign.com.br\/wp-content\/uploads\/2023\/07\/2aa08e3d-0ab4-4e6b-804e-85bcc99f2dca.jpeg",768,444,false],"large":["https:\/\/construcaocivil.siriusmarketingedesign.com.br\/wp-content\/uploads\/2023\/07\/2aa08e3d-0ab4-4e6b-804e-85bcc99f2dca.jpeg",768,444,false],"1536x1536":["https:\/\/construcaocivil.siriusmarketingedesign.com.br\/wp-content\/uploads\/2023\/07\/2aa08e3d-0ab4-4e6b-804e-85bcc99f2dca.jpeg",768,444,false],"2048x2048":["https:\/\/construcaocivil.siriusmarketingedesign.com.br\/wp-content\/uploads\/2023\/07\/2aa08e3d-0ab4-4e6b-804e-85bcc99f2dca.jpeg",768,444,false]},"uagb_author_info":{"display_name":"Jornal da Constru\u00e7\u00e3o Civil","author_link":"https:\/\/construcaocivil.siriusmarketingedesign.com.br\/?author=1"},"uagb_comment_info":0,"uagb_excerpt":"Minist\u00e9rio das Cidades regulamentou hoje as medidas aprovadas pelo Conselho do FGTS que beneficiam fam\u00edlias enquadradas no programa &nbsp; O Minist\u00e9rio das Cidades publicou nesta sexta-feira (30), no Di\u00e1rio Oficial da Uni\u00e3o, a\u00a0Instru\u00e7\u00e3o Normativa n\u00ba 27 de 29 de junho de 2023, que regulamenta as medidas aprovadas na semana passada pelo Conselho Curador do FGTS,&hellip;","_links":{"self":[{"href":"https:\/\/construcaocivil.siriusmarketingedesign.com.br\/index.php?rest_route=\/wp\/v2\/posts\/21985","targetHints":{"allow":["GET"]}}],"collection":[{"href":"https:\/\/construcaocivil.siriusmarketingedesign.com.br\/index.php?rest_route=\/wp\/v2\/posts"}],"about":[{"href":"https:\/\/construcaocivil.siriusmarketingedesign.com.br\/index.php?rest_route=\/wp\/v2\/types\/post"}],"author":[{"embeddable":true,"href":"https:\/\/construcaocivil.siriusmarketingedesign.com.br\/index.php?rest_route=\/wp\/v2\/users\/1"}],"replies":[{"embeddable":true,"href":"https:\/\/construcaocivil.siriusmarketingedesign.com.br\/index.php?rest_route=%2Fwp%2Fv2%2Fcomments&post=21985"}],"version-history":[{"count":0,"href":"https:\/\/construcaocivil.siriusmarketingedesign.com.br\/index.php?rest_route=\/wp\/v2\/posts\/21985\/revisions"}],"wp:featuredmedia":[{"embeddable":true,"href":"https:\/\/construcaocivil.siriusmarketingedesign.com.br\/index.php?rest_route=\/wp\/v2\/media\/21986"}],"wp:attachment":[{"href":"https:\/\/construcaocivil.siriusmarketingedesign.com.br\/index.php?rest_route=%2Fwp%2Fv2%2Fmedia&parent=21985"}],"wp:term":[{"taxonomy":"category","embeddable":true,"href":"https:\/\/construcaocivil.siriusmarketingedesign.com.br\/index.php?rest_route=%2Fwp%2Fv2%2Fcategories&post=21985"},{"taxonomy":"post_tag","embeddable":true,"href":"https:\/\/construcaocivil.siriusmarketingedesign.com.br\/index.php?rest_route=%2Fwp%2Fv2%2Ftags&post=21985"}],"curies":[{"name":"wp","href":"https:\/\/api.w.org\/{rel}","templated":true}]}}