{"id":22006,"date":"2023-07-04T00:24:34","date_gmt":"2023-07-04T03:24:34","guid":{"rendered":"https:\/\/www.jornaldaconstrucaocivil.com.br\/?p=22006"},"modified":"2023-07-04T00:24:34","modified_gmt":"2023-07-04T03:24:34","slug":"volume-de-vendas-de-maquinas-da-linha-amarela-apresenta-queda-no-primeiro-semestre-de-2023","status":"publish","type":"post","link":"https:\/\/construcaocivil.siriusmarketingedesign.com.br\/?p=22006","title":{"rendered":"Volume de vendas de m\u00e1quinas da linha amarela apresenta queda no primeiro semestre de 2023"},"content":{"rendered":"<p style=\"text-align: justify;\">Ap\u00f3s alcan\u00e7ar em 2022 o recorde hist\u00f3rico de vendas de m\u00e1quinas da linha amarela (movimenta\u00e7\u00e3o de terra), o mercado sentiu os efeitos da sazonalidade do primeiro trimestre do ano, das mudan\u00e7as clim\u00e1ticas e da transi\u00e7\u00e3o do novo governo. Com isso, a avalia\u00e7\u00e3o da\u00a0<strong>Associa\u00e7\u00e3o Brasileira de Tecnologia para Constru\u00e7\u00e3o e Minera\u00e7\u00e3o (Sobratema)<\/strong>\u00a0\u00e9 de que o primeiro semestre de 2023 apresenta um volume menor de comercializa\u00e7\u00e3o de equipamentos da linha amarela em rela\u00e7\u00e3o ao mesmo per\u00edodo do ano anterior.<\/p>\n<p style=\"text-align: justify;\">\u201cNos dois \u00faltimos anos, o setor n\u00e3o passou pelo ciclo sazonal no primeiro trimestre, devido \u00e0 conjuntura apresentada pela pandemia. Este ano, a din\u00e2mica da opera\u00e7\u00e3o voltou ao per\u00edodo pr\u00e9-pandemia\u201d, explica\u00a0<strong>Eurimilson Daniel<\/strong>, vice-presidente da Sobratema, que acrescenta ainda que o volume recorde de 2022 tamb\u00e9m impacta as vendas em 2023. \u201cOs agentes que compram as m\u00e1quinas s\u00e3o os mesmos. Por isso, s\u00e3o necess\u00e1rios pelo menos seis meses para que eles possam planejar novos investimentos\u201d.<\/p>\n<p style=\"text-align: justify;\">Outro fator a ser avaliado pelo mercado \u00e9 o pre\u00e7o das m\u00e1quinas. Durante a pandemia, Daniel lembra que o pre\u00e7o da tonelada do a\u00e7o subiu para cerca de US$ 1100, quando era comercializado anteriormente por um valor entre US$ 400 e US$ 500. Essa alta expressiva elevou consideravelmente o pre\u00e7o das m\u00e1quinas. Atualmente, a tonelada de a\u00e7o est\u00e1 entre US$ 600 e US$ 700, o que resultou em uma queda nos pre\u00e7os dos equipamentos. \u201cA diferen\u00e7a entre valores de fabricantes de maior porte e menor porte come\u00e7ou a ficar discrepante, al\u00e9m disso equipamentos da China e da \u00cdndia com pre\u00e7os competitivos e configura\u00e7\u00f5es diferentes tamb\u00e9m chegaram ao mercado\u201d.<\/p>\n<p style=\"text-align: justify;\">Para o segundo semestre, a expectativa \u00e9 de uma recupera\u00e7\u00e3o nas vendas. \u201cA ind\u00fastria est\u00e1 se movimentando para ter esse vi\u00e9s de alta e os bancos das fabricantes podem favorecer o mercado. A queda da taxa de juros pode contribuir para essa retomada, bem como outras linhas de equipamentos, como motoniveladoras, rolos compacatadores, as minis, devem ajudar a equilibrar a oferta e a demanda\u201d, analisa Daniel, que participar\u00e1 do\u00a0<strong>Webinar Sobratema\u00a0<\/strong><strong><em>Atualiza\u00e7\u00e3o das Tend\u00eancias no Mercado da Constru\u00e7\u00e3o<\/em><\/strong>, no dia 27 de julho, a partir das 15h00. Durante o evento, o consultor\u00a0<strong>Mario Miranda<\/strong>, coordenador do Estudo Sobratema do Mercado Brasileiro de Equipamentos para Constru\u00e7\u00e3o apresentar\u00e1 o panorama e as perspectivas do setor em 2023.<\/p>\n<p style=\"text-align: justify;\">No caso do mercado de loca\u00e7\u00e3o de m\u00e1quinas, Daniel ressalta que eles subiram o n\u00edvel de ocupa\u00e7\u00e3o da frota, chegando a 70%-80% de demanda, aumentando a rotatividade. \u201cOs locadores aproveitaram as ofertas, a redu\u00e7\u00e3o de juros e os pre\u00e7os mais competitivos para fazerem os investimentos, ao mesmo tempo em que mantiveram seu equiliibrio financeiro. Foi um setor que ganhou espa\u00e7o nesse per\u00edodo\u201d, finaliza.<\/p>\n<div style=\"text-align: justify;\">\n<div>\n<p>O\u00a0<strong>Webinar Sobratema\u00a0<em>Atualiza\u00e7\u00e3o das Tend\u00eancias no Mercado da Constru\u00e7\u00e3o<\/em><\/strong>\u00a0ser\u00e1 transmitido pelo Canal da Sobratema no\u00a0<a href=\"https:\/\/www.youtube.com\/sobratema\" target=\"_blank\" rel=\"noopener noreferrer\">YouTube<\/a>\u00a0e contar\u00e1 ainda com a participa\u00e7\u00e3o da economista\u00a0<strong>Andrea Bandeira<\/strong>, da Ex Ante Consultoria Econ\u00f4mica, do vice-presidente da Sobratema,\u00a0<strong>Eduardo Lema<\/strong>, diretor da MILLS Rental, e\u00a0<strong>Leonardo Pinheiro Magalh\u00e3es<\/strong>, engenheiro da Magalh\u00e3es Junior Engenharia.<\/p>\n<\/div>\n<\/div>\n<p style=\"text-align: justify;\">\n","protected":false},"excerpt":{"rendered":"<p>Ap\u00f3s alcan\u00e7ar em 2022 o recorde hist\u00f3rico de vendas de m\u00e1quinas da linha amarela (movimenta\u00e7\u00e3o de terra), o mercado sentiu os efeitos da sazonalidade do primeiro trimestre do ano, das mudan\u00e7as clim\u00e1ticas e da transi\u00e7\u00e3o do novo governo. Com isso, a avalia\u00e7\u00e3o da\u00a0Associa\u00e7\u00e3o Brasileira de Tecnologia para Constru\u00e7\u00e3o e Minera\u00e7\u00e3o (Sobratema)\u00a0\u00e9 de que o primeiro [&hellip;]<\/p>\n","protected":false},"author":1,"featured_media":22007,"comment_status":"open","ping_status":"open","sticky":false,"template":"","format":"standard","meta":{"_uag_custom_page_level_css":"","footnotes":""},"categories":[32],"tags":[25491,25113,25492,25490,24624,12623],"class_list":["post-22006","post","type-post","status-publish","format-standard","has-post-thumbnail","hentry","category-maquinas-e-equipamentos","tag-construcao-terraplanagem","tag-jurosbaixos","tag-locacaodeequipamentos","tag-maquinaspesas","tag-servicosdeobras","tag-sobratema"],"blocksy_meta":[],"spectra_blocks_featured_image_url":{"thumbnail":{"url":"https:\/\/construcaocivil.siriusmarketingedesign.com.br\/wp-content\/uploads\/2023\/07\/IMG_20230620_1443532-150x150.jpg","width":150,"height":150},"medium":{"url":"https:\/\/construcaocivil.siriusmarketingedesign.com.br\/wp-content\/uploads\/2023\/07\/IMG_20230620_1443532-300x229.jpg","width":300,"height":229},"medium_large":{"url":"https:\/\/construcaocivil.siriusmarketingedesign.com.br\/wp-content\/uploads\/2023\/07\/IMG_20230620_1443532-768x585.jpg","width":768,"height":585},"large":{"url":"https:\/\/construcaocivil.siriusmarketingedesign.com.br\/wp-content\/uploads\/2023\/07\/IMG_20230620_1443532-1024x780.jpg","width":1024,"height":780},"full":{"url":"https:\/\/construcaocivil.siriusmarketingedesign.com.br\/wp-content\/uploads\/2023\/07\/IMG_20230620_1443532.jpg","width":2476,"height":1887}},"spectra_blocks_author_info":{"display_name":"Jornal da Constru\u00e7\u00e3o Civil","avatar_url":"https:\/\/secure.gravatar.com\/avatar\/973c9774fd44ddaceb026973c4962faa70fc512bc4c9da68e8ebb40fecee6540?s=96&d=mm&r=g","author_link":"https:\/\/construcaocivil.siriusmarketingedesign.com.br\/?author=1","description":"Desde de 2013, levando muitas informa\u00e7\u00f5es, lan\u00e7amentos e produtos de qualidade para toda cadeia produtiva da constru\u00e7\u00e3o. O Futuro da constru\u00e7\u00e3o passa por aqui,"},"uagb_featured_image_src":{"full":["https:\/\/construcaocivil.siriusmarketingedesign.com.br\/wp-content\/uploads\/2023\/07\/IMG_20230620_1443532.jpg",2476,1887,false],"thumbnail":["https:\/\/construcaocivil.siriusmarketingedesign.com.br\/wp-content\/uploads\/2023\/07\/IMG_20230620_1443532-150x150.jpg",150,150,true],"medium":["https:\/\/construcaocivil.siriusmarketingedesign.com.br\/wp-content\/uploads\/2023\/07\/IMG_20230620_1443532-300x229.jpg",300,229,true],"medium_large":["https:\/\/construcaocivil.siriusmarketingedesign.com.br\/wp-content\/uploads\/2023\/07\/IMG_20230620_1443532-768x585.jpg",768,585,true],"large":["https:\/\/construcaocivil.siriusmarketingedesign.com.br\/wp-content\/uploads\/2023\/07\/IMG_20230620_1443532-1024x780.jpg",1024,780,true],"1536x1536":["https:\/\/construcaocivil.siriusmarketingedesign.com.br\/wp-content\/uploads\/2023\/07\/IMG_20230620_1443532-1536x1171.jpg",1536,1171,true],"2048x2048":["https:\/\/construcaocivil.siriusmarketingedesign.com.br\/wp-content\/uploads\/2023\/07\/IMG_20230620_1443532-2048x1561.jpg",2048,1561,true]},"uagb_author_info":{"display_name":"Jornal da Constru\u00e7\u00e3o Civil","author_link":"https:\/\/construcaocivil.siriusmarketingedesign.com.br\/?author=1"},"uagb_comment_info":0,"uagb_excerpt":"Ap\u00f3s alcan\u00e7ar em 2022 o recorde hist\u00f3rico de vendas de m\u00e1quinas da linha amarela (movimenta\u00e7\u00e3o de terra), o mercado sentiu os efeitos da sazonalidade do primeiro trimestre do ano, das mudan\u00e7as clim\u00e1ticas e da transi\u00e7\u00e3o do novo governo. Com isso, a avalia\u00e7\u00e3o da\u00a0Associa\u00e7\u00e3o Brasileira de Tecnologia para Constru\u00e7\u00e3o e Minera\u00e7\u00e3o (Sobratema)\u00a0\u00e9 de que o primeiro&hellip;","_links":{"self":[{"href":"https:\/\/construcaocivil.siriusmarketingedesign.com.br\/index.php?rest_route=\/wp\/v2\/posts\/22006","targetHints":{"allow":["GET"]}}],"collection":[{"href":"https:\/\/construcaocivil.siriusmarketingedesign.com.br\/index.php?rest_route=\/wp\/v2\/posts"}],"about":[{"href":"https:\/\/construcaocivil.siriusmarketingedesign.com.br\/index.php?rest_route=\/wp\/v2\/types\/post"}],"author":[{"embeddable":true,"href":"https:\/\/construcaocivil.siriusmarketingedesign.com.br\/index.php?rest_route=\/wp\/v2\/users\/1"}],"replies":[{"embeddable":true,"href":"https:\/\/construcaocivil.siriusmarketingedesign.com.br\/index.php?rest_route=%2Fwp%2Fv2%2Fcomments&post=22006"}],"version-history":[{"count":0,"href":"https:\/\/construcaocivil.siriusmarketingedesign.com.br\/index.php?rest_route=\/wp\/v2\/posts\/22006\/revisions"}],"wp:featuredmedia":[{"embeddable":true,"href":"https:\/\/construcaocivil.siriusmarketingedesign.com.br\/index.php?rest_route=\/wp\/v2\/media\/22007"}],"wp:attachment":[{"href":"https:\/\/construcaocivil.siriusmarketingedesign.com.br\/index.php?rest_route=%2Fwp%2Fv2%2Fmedia&parent=22006"}],"wp:term":[{"taxonomy":"category","embeddable":true,"href":"https:\/\/construcaocivil.siriusmarketingedesign.com.br\/index.php?rest_route=%2Fwp%2Fv2%2Fcategories&post=22006"},{"taxonomy":"post_tag","embeddable":true,"href":"https:\/\/construcaocivil.siriusmarketingedesign.com.br\/index.php?rest_route=%2Fwp%2Fv2%2Ftags&post=22006"}],"curies":[{"name":"wp","href":"https:\/\/api.w.org\/{rel}","templated":true}]}}