{"id":22021,"date":"2023-07-06T00:59:25","date_gmt":"2023-07-06T03:59:25","guid":{"rendered":"https:\/\/www.jornaldaconstrucaocivil.com.br\/?p=22021"},"modified":"2023-07-06T00:59:25","modified_gmt":"2023-07-06T03:59:25","slug":"agora-vai-reforma-tributaria-vai-prever-aliquota-zero-para-cesta-basica-diz-relator","status":"publish","type":"post","link":"https:\/\/construcaocivil.siriusmarketingedesign.com.br\/?p=22021","title":{"rendered":"Agora vai ! Reforma tribut\u00e1ria vai prever al\u00edquota zero para cesta b\u00e1sica, diz relator"},"content":{"rendered":"<p class=\"g-artigo__descricao\">Aguinaldo Ribeiro apresentou parecer preliminar sobre a proposta, no Plen\u00e1rio da C\u00e2mara; vota\u00e7\u00e3o ocorre nesta quinta-feira<\/p>\n<div class=\"g-artigo__imagem-identificacao artigo__imagem-identificacao--maior\">\n<p>O relator da reforma tribut\u00e1ria (<a href=\"https:\/\/www.camara.leg.br\/noticias\/974648-confira-os-principais-pontos-do-parecer-preliminar-do-relator-da-reforma-tributaria\/\">PEC 45\/19<\/a>), deputado Aguinaldo Ribeiro (PP-PB), afirmou que a isen\u00e7\u00e3o da cesta b\u00e1sica foi inclu\u00edda na proposta e estar\u00e1 prevista na Constitui\u00e7\u00e3o. &#8220;Para acabar com a desinforma\u00e7\u00e3o, estamos trazendo \u00e0 Constitui\u00e7\u00e3o a cesta b\u00e1sica nacional de alimentos e ela tem al\u00edquota zero. Isso \u00e9 para que ningu\u00e9m diga que vamos pesar a m\u00e3o sobre os mais pobres&#8221;, disse. Ele afirmou ainda que incluiu no texto benef\u00edcios \u00e0s cooperativas.<\/p>\n<p>O relator leu o parecer preliminar sobre a reforma na sess\u00e3o do Plen\u00e1rio desta quarta-feira (5). A discuss\u00e3o da proposta vai come\u00e7ar \u00e0s 11 horas desta quinta-feira (6). J\u00e1 a vota\u00e7\u00e3o ocorrer\u00e1 a partir das 18 horas.<\/p>\n<p><span style=\"color: #993300;\"><strong>Negocia\u00e7\u00e3o com prefeitos<\/strong><\/span><\/p>\n<p>Aguinaldo Ribeiro afirmou que a proposta ainda n\u00e3o traz todos os pontos negociados com governadores e prefeitos e que a negocia\u00e7\u00e3o dever\u00e1 ser aprimorada. Ele informou que dever\u00e1 conversar nesta quinta-feira (6) com os prefeitos do Rio de Janeiro, Eduardo Paes, e do Recife, Jo\u00e3o Campos, em busca de um acordo federativo.<\/p>\n<p>&#8220;Estamos nesta reta final de ajustes, e alguns pontos ainda n\u00e3o constam desta vers\u00e3o apresentada porque ainda estamos finalizando os ajustes&#8221;, disse.<\/p>\n<p>O Conselho Federativo, segundo ele, ser\u00e1 aprimorado a partir de sugest\u00f5es dos governadores. O objetivo \u00e9 garantir transpar\u00eancia e governan\u00e7a ao novo \u00f3rg\u00e3o.<\/p>\n<p>Tamb\u00e9m ser\u00e3o alterados nesta quinta-feira os crit\u00e9rios de distribui\u00e7\u00e3o do Fundo de Desenvolvimento Regional; a distribui\u00e7\u00e3o autom\u00e1tica aos munic\u00edpios da parte do Imposto sobre Bens e Servi\u00e7os (IBS); e as quest\u00f5es referentes \u00e0 Zona Franca de Manaus.<\/p>\n<p>O texto apresentado por Aguinaldo Ribeiro prop\u00f5e a substitui\u00e7\u00e3o de dois tributos federais (<span id=\"4110\" class=\"termoGlossario\" title=\"\" contenteditable=\"false\" data-toggle=\"tooltip\" data-placement=\"top\" data-original-title=\"O Programa de Integra\u00e7\u00e3o Social (PIS) e o Programa de Forma\u00e7\u00e3o do Patrim\u00f4nio do Servidor P\u00fablico (Pasep) formam um \u00fanico fundo mantido pelas pessoas jur\u00eddicas, com exce\u00e7\u00e3o das micro e pequenas empresas optantes pelo regime tribut\u00e1rio Simples Nacional. As al\u00edquotas das contribui\u00e7\u00f5es variam de 0,65% a 1,65% sobre o total das receitas. Esses recursos s\u00e3o destinados aos trabalhadores em forma de rendimentos ou abonos salariais.\">PIS<\/span> e <span id=\"4104\" class=\"termoGlossario\" title=\"\" contenteditable=\"false\" data-toggle=\"tooltip\" data-placement=\"top\" data-original-title=\"Tributo que incide sobre a receita das pessoas jur\u00eddicas de direito privado, exceto as empresas submetidas ao Simples Nacional. Os recursos arrecadados s\u00e3o exclusivos da Uni\u00e3o e destinam-se ao financiamento da sa\u00fade, previd\u00eancia e assist\u00eancia social.\">Cofins<\/span>) por uma Contribui\u00e7\u00e3o sobre Bens e Servi\u00e7os (CBS), gerida pela Uni\u00e3o; e de outros dois tributos (<span id=\"4109\" class=\"termoGlossario\" title=\"\" contenteditable=\"false\" data-toggle=\"tooltip\" data-placement=\"top\" data-original-title=\"Principal imposto arrecadado pelos estados e o Distrito Federal, incide sobre a comercializa\u00e7\u00e3o de produtos e a presta\u00e7\u00e3o de servi\u00e7os. Do total arrecadado, 25% s\u00e3o transferidos para os munic\u00edpios.\">ICMS<\/span> e <span id=\"4497\" class=\"termoGlossario\" title=\"\" contenteditable=\"false\" data-toggle=\"tooltip\" data-placement=\"top\" data-original-title=\"Tributo de compet\u00eancia dos munic\u00edpios e do Distrito Federal, incide sobre 40 tipos de servi\u00e7os listados na Lei Complementar 116\/03. As al\u00edquotas variam de 2% a 5%, dependendo do servi\u00e7o.\">ISS<\/span>) pelo Imposto sobre Bens e Servi\u00e7os (IBS), gerido por estados e munic\u00edpios. J\u00e1 o <span id=\"4186\" class=\"termoGlossario\" title=\"\" contenteditable=\"false\" data-toggle=\"tooltip\" data-placement=\"top\" data-original-title=\"Imposto sobre Produtos Industrializados (IPI): Imposto cobrado pelo governo federal que incide sobre os produtos fabricados no Pa\u00eds ou importados. A al\u00edquota varia conforme o produto.\">IPI<\/span> vai virar um imposto seletivo.<\/p>\n<p>A arrecada\u00e7\u00e3o do IBS ser\u00e1 centralizada e organizada pelo Conselho Federativo. Tamb\u00e9m ser\u00e3o criados fundos para compensar as perdas de entes federativos e para incentivar o desenvolvimento regional e o combate \u00e0 pobreza.<\/p>\n<p><span style=\"color: #0000ff;\"><strong>Reforma necess\u00e1ria<\/strong><\/span><\/p>\n<p>Ribeiro destacou que a proposta tenta resolver o &#8220;ca\u00f3tico&#8221; sistema tribut\u00e1rio brasileiro, que pune os mais pobres. &#8220;Todos concordam que temos um sistema ca\u00f3tico, ineficaz, que aumenta o <span id=\"4251\" class=\"termoGlossario\" title=\"\" contenteditable=\"false\" data-toggle=\"tooltip\" data-placement=\"top\" data-original-title=\"Express\u00e3o usada para generalizar fatores desfavor\u00e1veis \u00e0 competitividade das empresas brasileiras no mercado externo e interno. Entre esses fatores que encarecem a produ\u00e7\u00e3o no Pa\u00eds est\u00e3o o excesso de impostos e de encargos sociais, a falta de investimento em infraestrutura, as altas taxas de juros e o excesso de burocracia para importa\u00e7\u00e3o e exporta\u00e7\u00e3o.\">Custo Brasil<\/span>, que impede ganhos de produtividade, que retira a competitividade e que, sobretudo, penaliza os mais pobres&#8221;, disse.<\/p>\n<p>O deputado Reginaldo Lopes (PT-MG), coordenador do grupo de trabalho sobre a reforma tribut\u00e1ria, afirmou que o modelo atual acaba cobrando &#8220;impostos do imposto&#8221;. Ele disse que o novo sistema tem o foco na tributa\u00e7\u00e3o do consumo, o que j\u00e1 \u00e9 praticado por 95% dos pa\u00edses.<\/p>\n<p>&#8220;Esta \u00e9 uma reforma do setor produtivo. \u00c9 uma reforma que vai dar ao Brasil mais efici\u00eancia e vai construir as possibilidades da retomada econ\u00f4mica. Vamos eliminar, no m\u00ednimo, mais de R$ 1,5 trilh\u00e3o do custo Pa\u00eds. Portanto, a reforma vai trazer din\u00e2mica&#8221;, disse Lopes.<\/p>\n<p>Ele destacou ainda a cria\u00e7\u00e3o do Fundo de Desenvolvimento Regional e a mudan\u00e7a da tributa\u00e7\u00e3o do local de origem do produto para o destino.<\/p>\n<p>&nbsp;<\/p>\n<p>Reportagem \u2013 Carol Siqueira<\/p>\n<section class=\"secao-principal\">\n<div class=\"container container--inner-page\">\n<article id=\"content-noticia\" class=\"g-artigo artigo--noticia\">\n<div class=\"g-artigo__texto-principal\">\n<div class=\"js-article-read-more\">\n<div>\n<p>Edi\u00e7\u00e3o \u2013 Pierre Triboli<\/p>\n<\/div>\n<\/div>\n<\/div>\n<\/article>\n<\/div>\n<\/section>\n<section class=\"comentarios-conteiner\">\n<div id=\"comentario\" class=\"container container--inner-page\">\n<p class=\"g-artigo__data-hora\">Fonte: Ag\u00eancia C\u00e2mara de Not\u00edcias<\/p>\n<\/div>\n<\/section>\n<p>&nbsp;<\/p>\n<p>&nbsp;<\/p>\n<p>&nbsp;<\/p>\n<p>&nbsp;<\/p>\n<p>&nbsp;<\/p>\n<p>&nbsp;<\/p>\n<\/div>\n<div class=\"g-artigo__texto-principal\">\n<aside class=\"l-acoes-apoio\">\n<div class=\"acoes-apoio\"><\/div>\n<\/aside>\n<\/div>\n<p>&nbsp;<\/p>\n","protected":false},"excerpt":{"rendered":"<p>Aguinaldo Ribeiro apresentou parecer preliminar sobre a proposta, no Plen\u00e1rio da C\u00e2mara; vota\u00e7\u00e3o ocorre nesta quinta-feira O relator da reforma tribut\u00e1ria (PEC 45\/19), deputado Aguinaldo Ribeiro (PP-PB), afirmou que a isen\u00e7\u00e3o da cesta b\u00e1sica foi inclu\u00edda na proposta e estar\u00e1 prevista na Constitui\u00e7\u00e3o. &#8220;Para acabar com a desinforma\u00e7\u00e3o, estamos trazendo \u00e0 Constitui\u00e7\u00e3o a cesta b\u00e1sica [&hellip;]<\/p>\n","protected":false},"author":1,"featured_media":22022,"comment_status":"open","ping_status":"open","sticky":false,"template":"","format":"standard","meta":{"_uag_custom_page_level_css":"","footnotes":""},"categories":[27],"tags":[25505,25506,25504,25503,1569],"class_list":["post-22021","post","type-post","status-publish","format-standard","has-post-thumbnail","hentry","category-acontece","tag-cestabasica","tag-dinheiroparaemendas","tag-economiaeempregos","tag-reformatributaroa","tag-brasilia"],"blocksy_meta":[],"spectra_blocks_featured_image_url":{"thumbnail":{"url":"https:\/\/construcaocivil.siriusmarketingedesign.com.br\/wp-content\/uploads\/2023\/07\/img20230705213926642-768x473-1-150x150.jpg","width":150,"height":150},"medium":{"url":"https:\/\/construcaocivil.siriusmarketingedesign.com.br\/wp-content\/uploads\/2023\/07\/img20230705213926642-768x473-1-300x185.jpg","width":300,"height":185},"medium_large":{"url":"https:\/\/construcaocivil.siriusmarketingedesign.com.br\/wp-content\/uploads\/2023\/07\/img20230705213926642-768x473-1.jpg","width":768,"height":473},"large":{"url":"https:\/\/construcaocivil.siriusmarketingedesign.com.br\/wp-content\/uploads\/2023\/07\/img20230705213926642-768x473-1.jpg","width":768,"height":473},"full":{"url":"https:\/\/construcaocivil.siriusmarketingedesign.com.br\/wp-content\/uploads\/2023\/07\/img20230705213926642-768x473-1.jpg","width":768,"height":473}},"spectra_blocks_author_info":{"display_name":"Jornal da Constru\u00e7\u00e3o Civil","avatar_url":"https:\/\/secure.gravatar.com\/avatar\/973c9774fd44ddaceb026973c4962faa70fc512bc4c9da68e8ebb40fecee6540?s=96&d=mm&r=g","author_link":"https:\/\/construcaocivil.siriusmarketingedesign.com.br\/?author=1","description":"Desde de 2013, levando muitas informa\u00e7\u00f5es, lan\u00e7amentos e produtos de qualidade para toda cadeia produtiva da constru\u00e7\u00e3o. O Futuro da constru\u00e7\u00e3o passa por aqui,"},"uagb_featured_image_src":{"full":["https:\/\/construcaocivil.siriusmarketingedesign.com.br\/wp-content\/uploads\/2023\/07\/img20230705213926642-768x473-1.jpg",768,473,false],"thumbnail":["https:\/\/construcaocivil.siriusmarketingedesign.com.br\/wp-content\/uploads\/2023\/07\/img20230705213926642-768x473-1-150x150.jpg",150,150,true],"medium":["https:\/\/construcaocivil.siriusmarketingedesign.com.br\/wp-content\/uploads\/2023\/07\/img20230705213926642-768x473-1-300x185.jpg",300,185,true],"medium_large":["https:\/\/construcaocivil.siriusmarketingedesign.com.br\/wp-content\/uploads\/2023\/07\/img20230705213926642-768x473-1.jpg",768,473,false],"large":["https:\/\/construcaocivil.siriusmarketingedesign.com.br\/wp-content\/uploads\/2023\/07\/img20230705213926642-768x473-1.jpg",768,473,false],"1536x1536":["https:\/\/construcaocivil.siriusmarketingedesign.com.br\/wp-content\/uploads\/2023\/07\/img20230705213926642-768x473-1.jpg",768,473,false],"2048x2048":["https:\/\/construcaocivil.siriusmarketingedesign.com.br\/wp-content\/uploads\/2023\/07\/img20230705213926642-768x473-1.jpg",768,473,false]},"uagb_author_info":{"display_name":"Jornal da Constru\u00e7\u00e3o Civil","author_link":"https:\/\/construcaocivil.siriusmarketingedesign.com.br\/?author=1"},"uagb_comment_info":0,"uagb_excerpt":"Aguinaldo Ribeiro apresentou parecer preliminar sobre a proposta, no Plen\u00e1rio da C\u00e2mara; vota\u00e7\u00e3o ocorre nesta quinta-feira O relator da reforma tribut\u00e1ria (PEC 45\/19), deputado Aguinaldo Ribeiro (PP-PB), afirmou que a isen\u00e7\u00e3o da cesta b\u00e1sica foi inclu\u00edda na proposta e estar\u00e1 prevista na Constitui\u00e7\u00e3o. &#8220;Para acabar com a desinforma\u00e7\u00e3o, estamos trazendo \u00e0 Constitui\u00e7\u00e3o a cesta b\u00e1sica&hellip;","_links":{"self":[{"href":"https:\/\/construcaocivil.siriusmarketingedesign.com.br\/index.php?rest_route=\/wp\/v2\/posts\/22021","targetHints":{"allow":["GET"]}}],"collection":[{"href":"https:\/\/construcaocivil.siriusmarketingedesign.com.br\/index.php?rest_route=\/wp\/v2\/posts"}],"about":[{"href":"https:\/\/construcaocivil.siriusmarketingedesign.com.br\/index.php?rest_route=\/wp\/v2\/types\/post"}],"author":[{"embeddable":true,"href":"https:\/\/construcaocivil.siriusmarketingedesign.com.br\/index.php?rest_route=\/wp\/v2\/users\/1"}],"replies":[{"embeddable":true,"href":"https:\/\/construcaocivil.siriusmarketingedesign.com.br\/index.php?rest_route=%2Fwp%2Fv2%2Fcomments&post=22021"}],"version-history":[{"count":0,"href":"https:\/\/construcaocivil.siriusmarketingedesign.com.br\/index.php?rest_route=\/wp\/v2\/posts\/22021\/revisions"}],"wp:featuredmedia":[{"embeddable":true,"href":"https:\/\/construcaocivil.siriusmarketingedesign.com.br\/index.php?rest_route=\/wp\/v2\/media\/22022"}],"wp:attachment":[{"href":"https:\/\/construcaocivil.siriusmarketingedesign.com.br\/index.php?rest_route=%2Fwp%2Fv2%2Fmedia&parent=22021"}],"wp:term":[{"taxonomy":"category","embeddable":true,"href":"https:\/\/construcaocivil.siriusmarketingedesign.com.br\/index.php?rest_route=%2Fwp%2Fv2%2Fcategories&post=22021"},{"taxonomy":"post_tag","embeddable":true,"href":"https:\/\/construcaocivil.siriusmarketingedesign.com.br\/index.php?rest_route=%2Fwp%2Fv2%2Ftags&post=22021"}],"curies":[{"name":"wp","href":"https:\/\/api.w.org\/{rel}","templated":true}]}}