{"id":22040,"date":"2023-07-10T12:31:17","date_gmt":"2023-07-10T15:31:17","guid":{"rendered":"https:\/\/www.jornaldaconstrucaocivil.com.br\/?p=22040"},"modified":"2023-07-10T12:31:17","modified_gmt":"2023-07-10T15:31:17","slug":"fgv-ibre-discute-no-dia-18-de-julho-as-mudancas-no-novo-incc-referencia-para-o-setor-de-construcao-civil","status":"publish","type":"post","link":"https:\/\/construcaocivil.siriusmarketingedesign.com.br\/?p=22040","title":{"rendered":"FGV IBRE discute, no dia 18 de julho, as mudan\u00e7as no novo INCC, refer\u00eancia para o setor de constru\u00e7\u00e3o civil"},"content":{"rendered":"<p style=\"text-align: center;\"><em><strong>Atualiza\u00e7\u00f5es ocorrer\u00e3o na divulga\u00e7\u00e3o do \u00edndice j\u00e1 este m\u00eas<\/strong><\/em><\/p>\n<p style=\"text-align: justify;\">\n<p style=\"text-align: justify;\">No pr\u00f3ximo dia 18 de julho, \u00e0s 10h, o Instituto Brasileiro de Economia da Funda\u00e7\u00e3o Getulio Vargas (FG IBRE) promove o webinar &#8220;As evolu\u00e7\u00f5es dos custos na constru\u00e7\u00e3o&#8221;. A ideia \u00e9 debater sobre as mudan\u00e7as na atualiza\u00e7\u00e3o do \u00cdndice Nacional da Constru\u00e7\u00e3o Civil (INCC), o mais utilizado pelo mercado e que ganha nova configura\u00e7\u00e3o a partir de 17 de julho, quando ser\u00e1 divulgado o \u00cdndice Geral de Pre\u00e7os (IGP-10).<\/p>\n<p style=\"text-align: justify;\">O evento ser\u00e1 on-line e contar\u00e1 com as presen\u00e7as dos economistas do FGV IBRE, Andr\u00e9 Braz e Ana Maria Castelo, que abordar\u00e3o as principais mudan\u00e7as realizadas na estrutura de pondera\u00e7\u00e3o do \u00edndice e seus benef\u00edcios para a constru\u00e7\u00e3o civil. A modera\u00e7\u00e3o fica por conta de Solange Monteiro, editora da Revista Conjuntura Econ\u00f4mica do FGV IBRE.<\/p>\n<p style=\"text-align: justify;\">O webinar tamb\u00e9m ter\u00e1 as participa\u00e7\u00f5es de Yorki Estefan, presidente do Sinduscon-SP; Ieda Vasconcelos, economista do Sinduscon-MG e Renato Lomonaco, diretor econ\u00f4mico da Associa\u00e7\u00e3o Brasileira de Incorporadoras Imobili\u00e1rias (Abrainc), contribuindo para a discuss\u00e3o com a vis\u00e3o do setor.<\/p>\n<p style=\"text-align: justify;\"><strong>Servi\u00e7o:<\/strong><\/p>\n<p style=\"text-align: justify;\"><strong>Webinar \u2013 As evolu\u00e7\u00f5es dos custos na constru\u00e7\u00e3o<\/strong><\/p>\n<p style=\"text-align: justify;\">Data: 18 de julho<\/p>\n<p style=\"text-align: justify;\">Hor\u00e1rio: das 10h \u00e0s 11h30<\/p>\n<p style=\"text-align: justify;\">Transmiss\u00e3o pelo canal da FGV no YouTube<\/p>\n<p style=\"text-align: justify;\">Inscri\u00e7\u00f5es pelo link:\u00a0\u00a0<span style=\"color: #0000ff;\"><a style=\"color: #0000ff;\" href=\"https:\/\/portal.fgv.br\/eventos\/webinar-evolucao-custos-construcao\" target=\"_blank\" rel=\"noopener noreferrer\">Link<\/a><\/span><\/p>\n","protected":false},"excerpt":{"rendered":"<p>Atualiza\u00e7\u00f5es ocorrer\u00e3o na divulga\u00e7\u00e3o do \u00edndice j\u00e1 este m\u00eas No pr\u00f3ximo dia 18 de julho, \u00e0s 10h, o Instituto Brasileiro de Economia da Funda\u00e7\u00e3o Getulio Vargas (FG IBRE) promove o webinar &#8220;As evolu\u00e7\u00f5es dos custos na constru\u00e7\u00e3o&#8221;. A ideia \u00e9 debater sobre as mudan\u00e7as na atualiza\u00e7\u00e3o do \u00cdndice Nacional da Constru\u00e7\u00e3o Civil (INCC), o mais [&hellip;]<\/p>\n","protected":false},"author":1,"featured_media":22041,"comment_status":"open","ping_status":"open","sticky":false,"template":"","format":"standard","meta":{"_uag_custom_page_level_css":"","footnotes":""},"categories":[33],"tags":[3321,25522,25523,25524],"class_list":["post-22040","post","type-post","status-publish","format-standard","has-post-thumbnail","hentry","category-mercado","tag-custo-da-construcao","tag-fgv-ibre","tag-inflacao-na-construcao","tag-investimentos-e-empregos-na-construcao"],"blocksy_meta":[],"spectra_blocks_featured_image_url":{"thumbnail":{"url":"https:\/\/construcaocivil.siriusmarketingedesign.com.br\/wp-content\/uploads\/2023\/07\/IMG_20230706_1643373-150x150.jpg","width":150,"height":150},"medium":{"url":"https:\/\/construcaocivil.siriusmarketingedesign.com.br\/wp-content\/uploads\/2023\/07\/IMG_20230706_1643373-224x300.jpg","width":224,"height":300},"medium_large":{"url":"https:\/\/construcaocivil.siriusmarketingedesign.com.br\/wp-content\/uploads\/2023\/07\/IMG_20230706_1643373-768x1030.jpg","width":768,"height":1030},"large":{"url":"https:\/\/construcaocivil.siriusmarketingedesign.com.br\/wp-content\/uploads\/2023\/07\/IMG_20230706_1643373-763x1024.jpg","width":763,"height":1024},"full":{"url":"https:\/\/construcaocivil.siriusmarketingedesign.com.br\/wp-content\/uploads\/2023\/07\/IMG_20230706_1643373.jpg","width":1734,"height":2326}},"spectra_blocks_author_info":{"display_name":"Jornal da Constru\u00e7\u00e3o Civil","avatar_url":"https:\/\/secure.gravatar.com\/avatar\/973c9774fd44ddaceb026973c4962faa70fc512bc4c9da68e8ebb40fecee6540?s=96&d=mm&r=g","author_link":"https:\/\/construcaocivil.siriusmarketingedesign.com.br\/?author=1","description":"Desde de 2013, levando muitas informa\u00e7\u00f5es, lan\u00e7amentos e produtos de qualidade para toda cadeia produtiva da constru\u00e7\u00e3o. O Futuro da constru\u00e7\u00e3o passa por aqui,"},"uagb_featured_image_src":{"full":["https:\/\/construcaocivil.siriusmarketingedesign.com.br\/wp-content\/uploads\/2023\/07\/IMG_20230706_1643373.jpg",1734,2326,false],"thumbnail":["https:\/\/construcaocivil.siriusmarketingedesign.com.br\/wp-content\/uploads\/2023\/07\/IMG_20230706_1643373-150x150.jpg",150,150,true],"medium":["https:\/\/construcaocivil.siriusmarketingedesign.com.br\/wp-content\/uploads\/2023\/07\/IMG_20230706_1643373-224x300.jpg",224,300,true],"medium_large":["https:\/\/construcaocivil.siriusmarketingedesign.com.br\/wp-content\/uploads\/2023\/07\/IMG_20230706_1643373-768x1030.jpg",768,1030,true],"large":["https:\/\/construcaocivil.siriusmarketingedesign.com.br\/wp-content\/uploads\/2023\/07\/IMG_20230706_1643373-763x1024.jpg",763,1024,true],"1536x1536":["https:\/\/construcaocivil.siriusmarketingedesign.com.br\/wp-content\/uploads\/2023\/07\/IMG_20230706_1643373-1145x1536.jpg",1145,1536,true],"2048x2048":["https:\/\/construcaocivil.siriusmarketingedesign.com.br\/wp-content\/uploads\/2023\/07\/IMG_20230706_1643373-1527x2048.jpg",1527,2048,true]},"uagb_author_info":{"display_name":"Jornal da Constru\u00e7\u00e3o Civil","author_link":"https:\/\/construcaocivil.siriusmarketingedesign.com.br\/?author=1"},"uagb_comment_info":0,"uagb_excerpt":"Atualiza\u00e7\u00f5es ocorrer\u00e3o na divulga\u00e7\u00e3o do \u00edndice j\u00e1 este m\u00eas No pr\u00f3ximo dia 18 de julho, \u00e0s 10h, o Instituto Brasileiro de Economia da Funda\u00e7\u00e3o Getulio Vargas (FG IBRE) promove o webinar &#8220;As evolu\u00e7\u00f5es dos custos na constru\u00e7\u00e3o&#8221;. A ideia \u00e9 debater sobre as mudan\u00e7as na atualiza\u00e7\u00e3o do \u00cdndice Nacional da Constru\u00e7\u00e3o Civil (INCC), o mais&hellip;","_links":{"self":[{"href":"https:\/\/construcaocivil.siriusmarketingedesign.com.br\/index.php?rest_route=\/wp\/v2\/posts\/22040","targetHints":{"allow":["GET"]}}],"collection":[{"href":"https:\/\/construcaocivil.siriusmarketingedesign.com.br\/index.php?rest_route=\/wp\/v2\/posts"}],"about":[{"href":"https:\/\/construcaocivil.siriusmarketingedesign.com.br\/index.php?rest_route=\/wp\/v2\/types\/post"}],"author":[{"embeddable":true,"href":"https:\/\/construcaocivil.siriusmarketingedesign.com.br\/index.php?rest_route=\/wp\/v2\/users\/1"}],"replies":[{"embeddable":true,"href":"https:\/\/construcaocivil.siriusmarketingedesign.com.br\/index.php?rest_route=%2Fwp%2Fv2%2Fcomments&post=22040"}],"version-history":[{"count":0,"href":"https:\/\/construcaocivil.siriusmarketingedesign.com.br\/index.php?rest_route=\/wp\/v2\/posts\/22040\/revisions"}],"wp:featuredmedia":[{"embeddable":true,"href":"https:\/\/construcaocivil.siriusmarketingedesign.com.br\/index.php?rest_route=\/wp\/v2\/media\/22041"}],"wp:attachment":[{"href":"https:\/\/construcaocivil.siriusmarketingedesign.com.br\/index.php?rest_route=%2Fwp%2Fv2%2Fmedia&parent=22040"}],"wp:term":[{"taxonomy":"category","embeddable":true,"href":"https:\/\/construcaocivil.siriusmarketingedesign.com.br\/index.php?rest_route=%2Fwp%2Fv2%2Fcategories&post=22040"},{"taxonomy":"post_tag","embeddable":true,"href":"https:\/\/construcaocivil.siriusmarketingedesign.com.br\/index.php?rest_route=%2Fwp%2Fv2%2Ftags&post=22040"}],"curies":[{"name":"wp","href":"https:\/\/api.w.org\/{rel}","templated":true}]}}