{"id":22043,"date":"2023-07-11T13:11:41","date_gmt":"2023-07-11T16:11:41","guid":{"rendered":"https:\/\/www.jornaldaconstrucaocivil.com.br\/?p=22043"},"modified":"2023-07-11T13:11:41","modified_gmt":"2023-07-11T16:11:41","slug":"abrainc-realiza-webinar-sobre-expectativa-do-mercado-imobiliario-no-nordeste","status":"publish","type":"post","link":"https:\/\/construcaocivil.siriusmarketingedesign.com.br\/?p=22043","title":{"rendered":"ABRAINC realiza webinar sobre expectativa do mercado imobili\u00e1rio no Nordeste"},"content":{"rendered":"<p style=\"text-align: justify;\"><span style=\"color: #993300;\"><strong><i>Evento re\u00fane os principais alguns dos principais gestores do setor para debater as perspectivas e desafios enfrentados pelo setor na regi\u00e3o<\/i><\/strong><\/span><\/p>\n<p style=\"text-align: justify;\"><strong>S\u00e3o Paulo, 11 de julho de 2023 &#8211;<\/strong>\u00a0A Associa\u00e7\u00e3o Brasileira de Incorporadoras Imobili\u00e1rias (ABRAINC) e a Brain Intelig\u00eancia Estrat\u00e9gica realizam na pr\u00f3xima quinta-feira (13\/7), a partir das 10 horas, um webinar focado nos desafios e expectativas do setor na regi\u00e3o Nordeste do Brasil. O encontro, que acontecer\u00e1 de forma virtual, tem como objetivo reunir alguns dos principais nomes da incorpora\u00e7\u00e3o imobili\u00e1ria para discutir o panorama atual e as perspectivas futuras para o mercado imobili\u00e1rio nordestino em uma pesquisa com dados in\u00e9ditos sobre a regi\u00e3o.<\/p>\n<p style=\"text-align: justify;\">O evento ser\u00e1 uma oportunidade \u00fanica para profissionais do setor, investidores, pesquisadores e demais interessados obterem insights valiosos sobre o mercado. Dentre os temas que ser\u00e3o debatidos, destaca-se o comportamento do mercado imobili\u00e1rio no Nordeste, levando em considera\u00e7\u00e3o os desafios e as oportunidades enfrentados por investidores e incorporadores.<\/p>\n<p style=\"text-align: justify;\">O webinar contar\u00e1 com a participa\u00e7\u00e3o de importantes nomes do mercado imobili\u00e1rio brasileiro como o presidente da ABRAINC, Luiz Fran\u00e7a; o CEO da Brain Intelig\u00eancia Estrat\u00e9gica, F\u00e1bio Tadeu Ara\u00fajo; a diretora de incorpora\u00e7\u00e3o da Marquise, Andrea Coelho; o CEO da Moura Dubeux, Diego Vilar; o CEO da Diagonal, Jo\u00e3o Ximenes Fiuza, o CEO da Stanza, Luciano Barreto Neto, e o presidente da Jotanunes, Paulo Nunes. Cada um trar\u00e1 sua expertise e contribui\u00e7\u00f5es para enriquecer o debate compartilhando suas an\u00e1lises e vis\u00f5es sobre os desafios e as oportunidades do setor, al\u00e9m de fornecer informa\u00e7\u00f5es valiosas para quem deseja investir ou atuar no mercado.<\/p>\n<p style=\"text-align: justify;\">F\u00e1bio Tadeu Ara\u00fajo comenta que a Brain tem o compromisso de compartilhar informa\u00e7\u00f5es qualificadas com a incorpora\u00e7\u00e3o imobili\u00e1ria. &#8220;Al\u00e9m de conversar com grandes nomes de especialistas que est\u00e3o \u00e0 frente do setor, tamb\u00e9m vamos trazer dados de pesquisas e estudos exclusivos e in\u00e9ditos de como o mercado tem se comportado na regi\u00e3o&#8221;, destaca.<\/p>\n<p style=\"text-align: justify;\">Por fim, o presidente da ABRAINC, Luiz Fran\u00e7a, refor\u00e7a que a institui\u00e7\u00e3o tem trabalhado cada vez mais na promo\u00e7\u00e3o de eventos que impulsionam o desenvolvimento do mercado imobili\u00e1rio, fomentando a troca de conhecimentos entre os principais atores do setor. &#8220;Com este webinar refor\u00e7amos nosso compromisso em disseminar informa\u00e7\u00f5es relevantes e contribuir para o crescimento sustent\u00e1vel do setor&#8221;, finaliza o executivo.<\/p>\n<p style=\"text-align: justify;\">A transmiss\u00e3o poder\u00e1 ser acompanhada pela internet e, para participar, basta se inscrever no site da ABRAINC\u00a0<a href=\"https:\/\/s2307.imxsnd08.com\/link.php?code=bDpodHRwcyUzQSUyRiUyRm1hdGVyaWFpcy5icmFpbi5zcnYuYnIlMkZ3ZWJpbmFyLWJyYWluLWFicmFpbmMtZXhwZWN0YXRpdmEtZG8tbWVyY2Fkby1pbW9iaWxpYXJpby1uYS1yZWdpYW8tbm9yZGVzdGUtZG8tYnJhc2lsLTIwMjM6MjU4MTA4MzQzNjpzZXZlcmlhbkBqb3JuYWxkYWNvbnN0cnVjYW9jaXZpbC5jb20uYnI6M2Y2MDUyOjRm\" target=\"_blank\" rel=\"noopener noreferrer\">clicando aqui<\/a>.<\/p>\n","protected":false},"excerpt":{"rendered":"<p>Evento re\u00fane os principais alguns dos principais gestores do setor para debater as perspectivas e desafios enfrentados pelo setor na regi\u00e3o S\u00e3o Paulo, 11 de julho de 2023 &#8211;\u00a0A Associa\u00e7\u00e3o Brasileira de Incorporadoras Imobili\u00e1rias (ABRAINC) e a Brain Intelig\u00eancia Estrat\u00e9gica realizam na pr\u00f3xima quinta-feira (13\/7), a partir das 10 horas, um webinar focado nos desafios [&hellip;]<\/p>\n","protected":false},"author":1,"featured_media":22044,"comment_status":"open","ping_status":"open","sticky":false,"template":"","format":"standard","meta":{"_uag_custom_page_level_css":"","footnotes":""},"categories":[30],"tags":[19531,7563,25525,10583],"class_list":["post-22043","post","type-post","status-publish","format-standard","has-post-thumbnail","hentry","category-imoveis","tag-abrainc","tag-mercado-imobiliario","tag-nordeste-minhacasaminhavida","tag-salvador-ba"],"blocksy_meta":[],"spectra_blocks_featured_image_url":{"thumbnail":{"url":"https:\/\/construcaocivil.siriusmarketingedesign.com.br\/wp-content\/uploads\/2023\/07\/www.ibresp.com_.br-abrainc-fipe-mostra-alta-de-227-nos-lancamentos-de-imoveis-102436-150x150.jpg","width":150,"height":150},"medium":{"url":"https:\/\/construcaocivil.siriusmarketingedesign.com.br\/wp-content\/uploads\/2023\/07\/www.ibresp.com_.br-abrainc-fipe-mostra-alta-de-227-nos-lancamentos-de-imoveis-102436-300x137.jpg","width":300,"height":137},"medium_large":{"url":"https:\/\/construcaocivil.siriusmarketingedesign.com.br\/wp-content\/uploads\/2023\/07\/www.ibresp.com_.br-abrainc-fipe-mostra-alta-de-227-nos-lancamentos-de-imoveis-102436-768x352.jpg","width":768,"height":352},"large":{"url":"https:\/\/construcaocivil.siriusmarketingedesign.com.br\/wp-content\/uploads\/2023\/07\/www.ibresp.com_.br-abrainc-fipe-mostra-alta-de-227-nos-lancamentos-de-imoveis-102436.jpg","width":880,"height":403},"full":{"url":"https:\/\/construcaocivil.siriusmarketingedesign.com.br\/wp-content\/uploads\/2023\/07\/www.ibresp.com_.br-abrainc-fipe-mostra-alta-de-227-nos-lancamentos-de-imoveis-102436.jpg","width":880,"height":403}},"spectra_blocks_author_info":{"display_name":"Jornal da Constru\u00e7\u00e3o Civil","avatar_url":"https:\/\/secure.gravatar.com\/avatar\/973c9774fd44ddaceb026973c4962faa70fc512bc4c9da68e8ebb40fecee6540?s=96&d=mm&r=g","author_link":"https:\/\/construcaocivil.siriusmarketingedesign.com.br\/?author=1","description":"Desde de 2013, levando muitas informa\u00e7\u00f5es, lan\u00e7amentos e produtos de qualidade para toda cadeia produtiva da constru\u00e7\u00e3o. O Futuro da constru\u00e7\u00e3o passa por aqui,"},"uagb_featured_image_src":{"full":["https:\/\/construcaocivil.siriusmarketingedesign.com.br\/wp-content\/uploads\/2023\/07\/www.ibresp.com_.br-abrainc-fipe-mostra-alta-de-227-nos-lancamentos-de-imoveis-102436.jpg",880,403,false],"thumbnail":["https:\/\/construcaocivil.siriusmarketingedesign.com.br\/wp-content\/uploads\/2023\/07\/www.ibresp.com_.br-abrainc-fipe-mostra-alta-de-227-nos-lancamentos-de-imoveis-102436-150x150.jpg",150,150,true],"medium":["https:\/\/construcaocivil.siriusmarketingedesign.com.br\/wp-content\/uploads\/2023\/07\/www.ibresp.com_.br-abrainc-fipe-mostra-alta-de-227-nos-lancamentos-de-imoveis-102436-300x137.jpg",300,137,true],"medium_large":["https:\/\/construcaocivil.siriusmarketingedesign.com.br\/wp-content\/uploads\/2023\/07\/www.ibresp.com_.br-abrainc-fipe-mostra-alta-de-227-nos-lancamentos-de-imoveis-102436-768x352.jpg",768,352,true],"large":["https:\/\/construcaocivil.siriusmarketingedesign.com.br\/wp-content\/uploads\/2023\/07\/www.ibresp.com_.br-abrainc-fipe-mostra-alta-de-227-nos-lancamentos-de-imoveis-102436.jpg",880,403,false],"1536x1536":["https:\/\/construcaocivil.siriusmarketingedesign.com.br\/wp-content\/uploads\/2023\/07\/www.ibresp.com_.br-abrainc-fipe-mostra-alta-de-227-nos-lancamentos-de-imoveis-102436.jpg",880,403,false],"2048x2048":["https:\/\/construcaocivil.siriusmarketingedesign.com.br\/wp-content\/uploads\/2023\/07\/www.ibresp.com_.br-abrainc-fipe-mostra-alta-de-227-nos-lancamentos-de-imoveis-102436.jpg",880,403,false]},"uagb_author_info":{"display_name":"Jornal da Constru\u00e7\u00e3o Civil","author_link":"https:\/\/construcaocivil.siriusmarketingedesign.com.br\/?author=1"},"uagb_comment_info":0,"uagb_excerpt":"Evento re\u00fane os principais alguns dos principais gestores do setor para debater as perspectivas e desafios enfrentados pelo setor na regi\u00e3o S\u00e3o Paulo, 11 de julho de 2023 &#8211;\u00a0A Associa\u00e7\u00e3o Brasileira de Incorporadoras Imobili\u00e1rias (ABRAINC) e a Brain Intelig\u00eancia Estrat\u00e9gica realizam na pr\u00f3xima quinta-feira (13\/7), a partir das 10 horas, um webinar focado nos desafios&hellip;","_links":{"self":[{"href":"https:\/\/construcaocivil.siriusmarketingedesign.com.br\/index.php?rest_route=\/wp\/v2\/posts\/22043","targetHints":{"allow":["GET"]}}],"collection":[{"href":"https:\/\/construcaocivil.siriusmarketingedesign.com.br\/index.php?rest_route=\/wp\/v2\/posts"}],"about":[{"href":"https:\/\/construcaocivil.siriusmarketingedesign.com.br\/index.php?rest_route=\/wp\/v2\/types\/post"}],"author":[{"embeddable":true,"href":"https:\/\/construcaocivil.siriusmarketingedesign.com.br\/index.php?rest_route=\/wp\/v2\/users\/1"}],"replies":[{"embeddable":true,"href":"https:\/\/construcaocivil.siriusmarketingedesign.com.br\/index.php?rest_route=%2Fwp%2Fv2%2Fcomments&post=22043"}],"version-history":[{"count":0,"href":"https:\/\/construcaocivil.siriusmarketingedesign.com.br\/index.php?rest_route=\/wp\/v2\/posts\/22043\/revisions"}],"wp:featuredmedia":[{"embeddable":true,"href":"https:\/\/construcaocivil.siriusmarketingedesign.com.br\/index.php?rest_route=\/wp\/v2\/media\/22044"}],"wp:attachment":[{"href":"https:\/\/construcaocivil.siriusmarketingedesign.com.br\/index.php?rest_route=%2Fwp%2Fv2%2Fmedia&parent=22043"}],"wp:term":[{"taxonomy":"category","embeddable":true,"href":"https:\/\/construcaocivil.siriusmarketingedesign.com.br\/index.php?rest_route=%2Fwp%2Fv2%2Fcategories&post=22043"},{"taxonomy":"post_tag","embeddable":true,"href":"https:\/\/construcaocivil.siriusmarketingedesign.com.br\/index.php?rest_route=%2Fwp%2Fv2%2Ftags&post=22043"}],"curies":[{"name":"wp","href":"https:\/\/api.w.org\/{rel}","templated":true}]}}