{"id":22049,"date":"2023-07-12T00:26:21","date_gmt":"2023-07-12T03:26:21","guid":{"rendered":"https:\/\/www.jornaldaconstrucaocivil.com.br\/?p=22049"},"modified":"2023-07-12T00:26:21","modified_gmt":"2023-07-12T03:26:21","slug":"casa-e-construcao-cresce-393-no-rio-de-janeiro-e-chama-a-atencao-da-igui-que-traz-loja-conceito-para-a-capital-carioca","status":"publish","type":"post","link":"https:\/\/construcaocivil.siriusmarketingedesign.com.br\/?p=22049","title":{"rendered":"Casa e constru\u00e7\u00e3o cresce 39,3%, no Rio de Janeiro, e chama a aten\u00e7\u00e3o da iGUi, que traz loja-conceito para a capital carioca"},"content":{"rendered":"<p class=\"v1MsoNormal\" style=\"text-align: justify;\"><b><span class=\"v1ContentPasted0\">Rio de Janeiro, julho de 2023<\/span><\/b><span class=\"v1ContentPasted0\">\u00a0\u2013 Al\u00e9m das belezas naturais, o sol e o calor do Rio de Janeiro s\u00e3o caracter\u00edsticas muito lembradas pelos milhares de turistas que por aqui passam todos os anos. A Cidade Maravilhosa, a partir do dia 6 de julho, recebe um novo marco: a primeira iGUi Conceito do estado, 24\u00aa do Pa\u00eds. Al\u00e9m do clima favor\u00e1vel, a abertura desta nova loja \u2013 localizada estrategicamente no Casa Shopping, Barra da Tijuca \u2013 se apoia nos n\u00fameros que apontam o crescimento do segmento de Casa e Constru\u00e7\u00e3o. Segundo dados da Associa\u00e7\u00e3o Brasileira de Franchising, o primeiro trimestre, no estado, apresentou incremento no faturamento de 39,3%, o que corresponde a um valor superior a R$ 417 milh\u00f5es.\u00a0<\/span><\/p>\n<p class=\"v1MsoNormal\" style=\"text-align: justify;\"><span class=\"v1ContentPasted0\">&#8220;J\u00e1 t\u00ednhamos uma previs\u00e3o de aumento na demanda. Para dar conta, fizemos investimentos para ampliar a capacidade de fornecimento de piscinas da nossa f\u00e1brica localizada em Campos dos Goytacazes e erguemos, do zero, uma nova unidade fabril em Itabora\u00ed&#8221;, conta o CEO e fundador da iGUi, Filipe Sisson. O executivo ainda reflete sobre o otimismo com esta nova loja-conceito. &#8220;Quando se fala em Rio de Janeiro, quase que imediatamente pensamos no calor e na alegria que o carioca emana. E piscina \u00e9 isso: calor, sol e alegria. A inaugura\u00e7\u00e3o desta loja \u00e9 um marco para toda a Rede&#8221;.\u00a0\u00a0<\/span><\/p>\n<p class=\"v1MsoNormal\" style=\"text-align: justify;\"><b><span class=\"v1ContentPasted0\">No cora\u00e7\u00e3o da arquitetura carioca \u2013\u00a0<\/span><\/b><span class=\"v1ContentPasted0\">E se depender do empenho dos s\u00f3cios, Juliano Lu\u00eds Azevedo e Omar Hassan El Eis, Filipe est\u00e1 certo, a come\u00e7ar pela localiza\u00e7\u00e3o. &#8220;Esta \u00e9 a primeira iGUi Conceito localizada em um shopping. Estamos em um dos principais centros de compra especializados em Casa e Constru\u00e7\u00e3o da capital carioca, localizado na Barra da Tijuca&#8221;, diz Juliano.\u00a0\u00a0<\/span><\/p>\n<p class=\"v1MsoNormal\" style=\"text-align: justify;\"><span class=\"v1ContentPasted0\">Com 320 metros quadrados, investimento de cerca de R$ 1 milh\u00e3o e tr\u00eas piscinas instaladas e em funcionamento, a<\/span><span class=\"v1ContentPasted0\">\u00a0nova loja tamb\u00e9m contar\u00e1 com um escrit\u00f3rio UNLIMITED, outra marca da Rede, com a qual Omar j\u00e1 vinha trabalhando desde 2019. &#8220;Isso faz com que nossas expectativas sejam ainda maiores. Temos consci\u00eancia da alt\u00edssima qualidade dos produtos que oferecemos e de como nosso p\u00fablico \u00e9 exigente. Queremos oferecer o que h\u00e1 de melhor quando se trata de piscinas, contemplando uma solu\u00e7\u00e3o completa que envolve mobili\u00e1rio e acess\u00f3rios&#8221;, conta Omar, que tamb\u00e9m \u00e9 franqueado da primeira TRATABEM Plus do Rio de Janeiro e segunda do Brasil. A loja oferecer\u00e1 todos os servi\u00e7os de limpeza e manuten\u00e7\u00e3o aos clientes da iGUi Conceito.<\/span><span class=\"v1ContentPasted0\">\u00a0<\/span><\/p>\n<p class=\"v1MsoNormal\" style=\"text-align: justify;\"><b><span class=\"v1ContentPasted0\">Dois gigantes, uma inova\u00e7\u00e3o \u2013<\/span><\/b><span class=\"v1ContentPasted0\">\u00a0Em 2022, a parceria entre dois grandes players do setor de constru\u00e7\u00e3o civil resultou em um produto \u00fanico inovador: uma piscina de fibra de vidro revestida com pastilhas de cer\u00e2mica. Da\u00a0<i class=\"v1ContentPasted0\">collab\u00a0<\/i>entre a Cer\u00e2micas Atlas e a iGUi \u2013 maior fabricante e comercializadora de piscinas em poli\u00e9ster refor\u00e7ado com fibra de vidro (PRFV) do mundo \u2013, surgiu a Linha Cer\u00e2mica iGUi by Atlas.\u00a0\u00a0\u00a0<\/span><\/p>\n<p class=\"v1MsoNormal\" style=\"text-align: justify;\"><span class=\"v1ContentPasted0\">Com esse lan\u00e7amento, a Marca se reposiciona no mercado, passando a oferecer produtos ainda mais sofisticados, destinados a uma parcela diferenciada de consumidores. Como resultado direto, foram estabelecidos novos par\u00e2metros e layout para os pontos de venda da Marca, que j\u00e1 conta com 23 unidades inauguradas no Pa\u00eds.\u00a0<\/span><\/p>\n<p class=\"v1MsoNormal v1ContentPasted0\" style=\"text-align: justify;\">Desde fevereiro de 2022 at\u00e9 o momento, foram inauguradas as lojas-conceito: S\u00e3o Paulo, Votuporanga, Catanduva, Ribeir\u00e3o Preto, S\u00e3o Jos\u00e9 do Rio Preto, Campinas, Ara\u00e7atuba, Piracicaba e Sorocaba (SP); Natal (RN); Fortaleza e Juazeiro do Norte (CE); Vila Velha (ES); Juiz de Fora, Uberl\u00e2ndia e Uberaba (MG); Rondon\u00f3polis (MT); Porto Alegre e Pelotas (RS); An\u00e1polis (GO), Feira de Santana (BA), Curitiba (PR).<\/p>\n<p class=\"v1MsoNormal v1ContentPasted0\" style=\"text-align: justify;\">At\u00e9 o final de 2023, a iGUi tem planos de inaugurar mais lojas-conceito\u00a0<span class=\"v1ContentPasted0\">em diversas cidades do Pa\u00eds, totalizando investimentos de aproximadamente R$ 80 milh\u00f5es nesse novo modelo de neg\u00f3cio.\u00a0<\/span><\/p>\n","protected":false},"excerpt":{"rendered":"<p>Rio de Janeiro, julho de 2023\u00a0\u2013 Al\u00e9m das belezas naturais, o sol e o calor do Rio de Janeiro s\u00e3o caracter\u00edsticas muito lembradas pelos milhares de turistas que por aqui passam todos os anos. A Cidade Maravilhosa, a partir do dia 6 de julho, recebe um novo marco: a primeira iGUi Conceito do estado, 24\u00aa [&hellip;]<\/p>\n","protected":false},"author":1,"featured_media":22050,"comment_status":"open","ping_status":"open","sticky":false,"template":"","format":"standard","meta":{"_uag_custom_page_level_css":"","footnotes":""},"categories":[28],"tags":[24708,21749,25529,2147,25528],"class_list":["post-22049","post","type-post","status-publish","format-standard","has-post-thumbnail","hentry","category-arquitetura","tag-casaedecoracao","tag-abf","tag-casashoping","tag-ceramica","tag-igui-piscinas"],"blocksy_meta":[],"spectra_blocks_featured_image_url":{"thumbnail":{"url":"https:\/\/construcaocivil.siriusmarketingedesign.com.br\/wp-content\/uploads\/2023\/07\/IGUI-150x150.png","width":150,"height":150},"medium":{"url":"https:\/\/construcaocivil.siriusmarketingedesign.com.br\/wp-content\/uploads\/2023\/07\/IGUI-300x169.png","width":300,"height":169},"medium_large":{"url":"https:\/\/construcaocivil.siriusmarketingedesign.com.br\/wp-content\/uploads\/2023\/07\/IGUI-768x432.png","width":768,"height":432},"large":{"url":"https:\/\/construcaocivil.siriusmarketingedesign.com.br\/wp-content\/uploads\/2023\/07\/IGUI.png","width":886,"height":498},"full":{"url":"https:\/\/construcaocivil.siriusmarketingedesign.com.br\/wp-content\/uploads\/2023\/07\/IGUI.png","width":886,"height":498}},"spectra_blocks_author_info":{"display_name":"Jornal da Constru\u00e7\u00e3o Civil","avatar_url":"https:\/\/secure.gravatar.com\/avatar\/973c9774fd44ddaceb026973c4962faa70fc512bc4c9da68e8ebb40fecee6540?s=96&d=mm&r=g","author_link":"https:\/\/construcaocivil.siriusmarketingedesign.com.br\/?author=1","description":"Desde de 2013, levando muitas informa\u00e7\u00f5es, lan\u00e7amentos e produtos de qualidade para toda cadeia produtiva da constru\u00e7\u00e3o. O Futuro da constru\u00e7\u00e3o passa por aqui,"},"uagb_featured_image_src":{"full":["https:\/\/construcaocivil.siriusmarketingedesign.com.br\/wp-content\/uploads\/2023\/07\/IGUI.png",886,498,false],"thumbnail":["https:\/\/construcaocivil.siriusmarketingedesign.com.br\/wp-content\/uploads\/2023\/07\/IGUI-150x150.png",150,150,true],"medium":["https:\/\/construcaocivil.siriusmarketingedesign.com.br\/wp-content\/uploads\/2023\/07\/IGUI-300x169.png",300,169,true],"medium_large":["https:\/\/construcaocivil.siriusmarketingedesign.com.br\/wp-content\/uploads\/2023\/07\/IGUI-768x432.png",768,432,true],"large":["https:\/\/construcaocivil.siriusmarketingedesign.com.br\/wp-content\/uploads\/2023\/07\/IGUI.png",886,498,false],"1536x1536":["https:\/\/construcaocivil.siriusmarketingedesign.com.br\/wp-content\/uploads\/2023\/07\/IGUI.png",886,498,false],"2048x2048":["https:\/\/construcaocivil.siriusmarketingedesign.com.br\/wp-content\/uploads\/2023\/07\/IGUI.png",886,498,false]},"uagb_author_info":{"display_name":"Jornal da Constru\u00e7\u00e3o Civil","author_link":"https:\/\/construcaocivil.siriusmarketingedesign.com.br\/?author=1"},"uagb_comment_info":0,"uagb_excerpt":"Rio de Janeiro, julho de 2023\u00a0\u2013 Al\u00e9m das belezas naturais, o sol e o calor do Rio de Janeiro s\u00e3o caracter\u00edsticas muito lembradas pelos milhares de turistas que por aqui passam todos os anos. A Cidade Maravilhosa, a partir do dia 6 de julho, recebe um novo marco: a primeira iGUi Conceito do estado, 24\u00aa&hellip;","_links":{"self":[{"href":"https:\/\/construcaocivil.siriusmarketingedesign.com.br\/index.php?rest_route=\/wp\/v2\/posts\/22049","targetHints":{"allow":["GET"]}}],"collection":[{"href":"https:\/\/construcaocivil.siriusmarketingedesign.com.br\/index.php?rest_route=\/wp\/v2\/posts"}],"about":[{"href":"https:\/\/construcaocivil.siriusmarketingedesign.com.br\/index.php?rest_route=\/wp\/v2\/types\/post"}],"author":[{"embeddable":true,"href":"https:\/\/construcaocivil.siriusmarketingedesign.com.br\/index.php?rest_route=\/wp\/v2\/users\/1"}],"replies":[{"embeddable":true,"href":"https:\/\/construcaocivil.siriusmarketingedesign.com.br\/index.php?rest_route=%2Fwp%2Fv2%2Fcomments&post=22049"}],"version-history":[{"count":0,"href":"https:\/\/construcaocivil.siriusmarketingedesign.com.br\/index.php?rest_route=\/wp\/v2\/posts\/22049\/revisions"}],"wp:featuredmedia":[{"embeddable":true,"href":"https:\/\/construcaocivil.siriusmarketingedesign.com.br\/index.php?rest_route=\/wp\/v2\/media\/22050"}],"wp:attachment":[{"href":"https:\/\/construcaocivil.siriusmarketingedesign.com.br\/index.php?rest_route=%2Fwp%2Fv2%2Fmedia&parent=22049"}],"wp:term":[{"taxonomy":"category","embeddable":true,"href":"https:\/\/construcaocivil.siriusmarketingedesign.com.br\/index.php?rest_route=%2Fwp%2Fv2%2Fcategories&post=22049"},{"taxonomy":"post_tag","embeddable":true,"href":"https:\/\/construcaocivil.siriusmarketingedesign.com.br\/index.php?rest_route=%2Fwp%2Fv2%2Ftags&post=22049"}],"curies":[{"name":"wp","href":"https:\/\/api.w.org\/{rel}","templated":true}]}}