{"id":22052,"date":"2023-07-12T00:45:33","date_gmt":"2023-07-12T03:45:33","guid":{"rendered":"https:\/\/www.jornaldaconstrucaocivil.com.br\/?p=22052"},"modified":"2023-07-12T00:45:33","modified_gmt":"2023-07-12T03:45:33","slug":"archtrends-abre-inscricoes-do-concurso-de-arquitetura-o-que-esta-dentro-importa-para-profissionais-e-estudantes-de-todo-o-brasil","status":"publish","type":"post","link":"https:\/\/construcaocivil.siriusmarketingedesign.com.br\/?p=22052","title":{"rendered":"Archtrends abre inscri\u00e7\u00f5es do Concurso de Arquitetura &#8220;O que est\u00e1 dentro importa&#8221; para profissionais e estudantes de todo o Brasil"},"content":{"rendered":"<p style=\"text-align: justify;\"><span style=\"color: #993300;\"><i>A pergunta &#8220;O que est\u00e1 dentro importa&#8221; \u00e9 o ponto de partida para a cria\u00e7\u00e3o dos projetos de Arquitetura e Design de Interiores. Os 10 selecionados ser\u00e3o expostos no Archtrends Summit 2023, que ocorrer\u00e1 no Teatro Santander, em S\u00e3o Paulo, no dia 5 de setembro.<\/i><\/span><\/p>\n<p style=\"text-align: justify;\">\n<p style=\"text-align: justify;\"><strong>S\u00e3o Paulo, julho de 2023\u00a0<\/strong>&#8211; O\u00a0<a href=\"https:\/\/s2307.imxsnd18.com\/link.php?code=bDpodHRwcyUzQSUyRiUyRmFyY2h0cmVuZHMuY29tJTJGOjE3MDc4NzQwNTE6c2V2ZXJpYW5Aam9ybmFsZGFjb25zdHJ1Y2FvY2l2aWwuY29tLmJyOmU4YWMyYzo0ZQ==\" target=\"_blank\" rel=\"noopener noreferrer\"><u>Archtrends<\/u><\/a>, portal de arquitetura e design da Portobello, abriu as inscri\u00e7\u00f5es para a 3\u00aa edi\u00e7\u00e3o de seu concurso de Arquitetura. Os interessados devem criar seus projetos dentro da tem\u00e1tica &#8220;O que est\u00e1 dentro importa&#8221; e publicar no site do Archtrends de 3 de julho a 7 de agosto. Os 10 melhores ser\u00e3o expostos no Archtrends Summit 2023, f\u00f3rum de criatividade promovido anualmente pela Portobello e que ocorrer\u00e1 no Teatro Santander, em S\u00e3o Paulo, no dia 5 de setembro. Al\u00e9m disso, os autores receber\u00e3o convites para participar do evento.<\/p>\n<p style=\"text-align: justify;\">\nEsse \u00e9 o terceiro concurso de Arquitetura promovido pela plataforma. Podem participar profissionais ou estudantes das \u00e1reas de Arquitetura, Design de Interiores, Engenharia ou Paisagismo de qualquer regi\u00e3o do Brasil. Nesta edi\u00e7\u00e3o, o tema proposto \u00e9 &#8220;O que est\u00e1 dentro importa&#8221;, como um desdobramento da Cole\u00e7\u00e3o Portobello 2023 Authentic, que busca refletir sobre autenticidade e transpar\u00eancia, e que acabou se tornando a tem\u00e1tica do Archtrends Summit 2023.<\/p>\n<p style=\"text-align: justify;\"><i>&#8220;O que est\u00e1 dentro dos palestrantes do Archtrends Summit \u00e9 mais f\u00e1cil de entender: suas ideias, seus prop\u00f3sitos de vida. Mas como esse conceito pode ser aplicado em projetos de Arquitetura e Design de Interiores? A criatividade n\u00e3o tem limites, e h\u00e1 diversas abordagens poss\u00edveis, sejam elas l\u00fadicas ou experimentais.&#8221;<\/i>, acrescenta Maria Silvia Ferraz Corrente, editora do Archtrends.<\/p>\n<p style=\"text-align: justify;\">Para participar do concurso, os profissionais e estudantes devem criar projetos que expressem sua interpreta\u00e7\u00e3o sobre o tema. Os projetos devem ser publicados no perfil do candidato no site do Archtrends, com a tag\u00a0<strong>#OQUEEST\u00c1DENTROIMPORTA<\/strong>\u00a0na descri\u00e7\u00e3o, at\u00e9 \u00e0s 10h da manh\u00e3 de 7 de agosto. Segundo o regulamento, os projetos inscritos no concurso devem ser in\u00e9ditos e podem ser residenciais, comerciais, corporativos e p\u00fablicos. Tamb\u00e9m \u00e9 obrigat\u00f3rio o uso de pelo menos um produto da cole\u00e7\u00e3o Authentic.<\/p>\n<p style=\"text-align: justify;\">A comiss\u00e3o julgadora, composta por Lufe Gomes, fot\u00f3grafo de arquitetura e criador de conte\u00fado, Fernando Mungioli, publisher da Revista Projeto, e Maria Silvia Ferraz, editora do Archtrends, ser\u00e1 respons\u00e1vel por avaliar os projetos inscritos. Os nomes dos vencedores ser\u00e3o divulgados no perfil do\u00a0<a href=\"https:\/\/s2307.imxsnd18.com\/link.php?code=bDpodHRwcyUzQSUyRiUyRnd3dy5pbnN0YWdyYW0uY29tJTJGYXJjaHRyZW5kcyUyRjoxNzA3ODc0MDUxOnNldmVyaWFuQGpvcm5hbGRhY29uc3RydWNhb2NpdmlsLmNvbS5icjoxZjBhYzg6NGU=\" target=\"_blank\" rel=\"noopener noreferrer\"><u>Archtrends no Instagram<\/u><\/a>, a partir das 12h, no dia 11 de agosto. Os 10 melhores projetos ser\u00e3o expostos no Archtrends Summit 2023 e publicados no site e nas redes sociais do Archtrends.<\/p>\n<p style=\"text-align: justify;\"><strong>Servi\u00e7o<\/strong><\/p>\n<p style=\"text-align: justify;\"><span style=\"color: #993300;\">Concurso de Arquitetura<strong> &#8220;O que est\u00e1 dentro importa&#8221;<\/strong><\/span><\/p>\n<p style=\"text-align: justify;\">Inscri\u00e7\u00f5es de 3 de julho a 7 de agosto<\/p>\n<p style=\"text-align: justify;\">Regulamento completo no<a href=\"https:\/\/s2307.imxsnd18.com\/link.php?code=bDpodHRwcyUzQSUyRiUyRmJsb2cuYXJjaHRyZW5kcy5jb20lMkZjb25jdXJzby1kZS1hcnF1aXRldHVyYS0yMDIzLWFyY2h0cmVuZHMlMkYlM0ZfZ2wlM0QxJTJBMWs3aDd6dSUyQV9nY2xfYXclMkFSME5NTGpFMk9EYzRNVEkxTlRjdVEyb3dTME5SYW5jM2RWTnJRbWhFUjBGU1NYTkJUVU5hVGtwMU1uWm5SREJZVkRoZlIwOUJZelJJVVMxSFEzRlpXVVpqVW0xNGNWTmpORzkyV25SMVMzQm1UMkl6T1ZWME9Yb3pObmRVWTJGQmIydDVSVUZNZDE5M1kwSS4lMkFfZ2NsX2F1JTJBTnpFeU9EZzNORGMzTGpFMk9EYzRNVEkxTlRjLjoxNzA3ODc0MDUxOnNldmVyaWFuQGpvcm5hbGRhY29uc3RydWNhb2NpdmlsLmNvbS5icjowNzgyMWI6NGU=\" target=\"_blank\" rel=\"noopener noreferrer\"><u>\u00a0site<\/u><\/a>\u00a0do Archtrends<\/p>\n","protected":false},"excerpt":{"rendered":"<p>A pergunta &#8220;O que est\u00e1 dentro importa&#8221; \u00e9 o ponto de partida para a cria\u00e7\u00e3o dos projetos de Arquitetura e Design de Interiores. Os 10 selecionados ser\u00e3o expostos no Archtrends Summit 2023, que ocorrer\u00e1 no Teatro Santander, em S\u00e3o Paulo, no dia 5 de setembro. S\u00e3o Paulo, julho de 2023\u00a0&#8211; O\u00a0Archtrends, portal de arquitetura e [&hellip;]<\/p>\n","protected":false},"author":1,"featured_media":22053,"comment_status":"open","ping_status":"open","sticky":false,"template":"","format":"standard","meta":{"_uag_custom_page_level_css":"","footnotes":""},"categories":[28],"tags":[25530,909,25531,3538,25532],"class_list":["post-22052","post","type-post","status-publish","format-standard","has-post-thumbnail","hentry","category-arquitetura","tag-archtrends-summit-2023","tag-arquitetos-e-urbanistas","tag-concurso-para-projetos","tag-design-de-interiores","tag-portobello-2023"],"blocksy_meta":[],"spectra_blocks_featured_image_url":{"thumbnail":{"url":"https:\/\/construcaocivil.siriusmarketingedesign.com.br\/wp-content\/uploads\/2023\/07\/Concurso-150x150.jpg","width":150,"height":150},"medium":{"url":"https:\/\/construcaocivil.siriusmarketingedesign.com.br\/wp-content\/uploads\/2023\/07\/Concurso-300x213.jpg","width":300,"height":213},"medium_large":{"url":"https:\/\/construcaocivil.siriusmarketingedesign.com.br\/wp-content\/uploads\/2023\/07\/Concurso-768x545.jpg","width":768,"height":545},"large":{"url":"https:\/\/construcaocivil.siriusmarketingedesign.com.br\/wp-content\/uploads\/2023\/07\/Concurso-1024x726.jpg","width":1024,"height":726},"full":{"url":"https:\/\/construcaocivil.siriusmarketingedesign.com.br\/wp-content\/uploads\/2023\/07\/Concurso.jpg","width":1100,"height":780}},"spectra_blocks_author_info":{"display_name":"Jornal da Constru\u00e7\u00e3o Civil","avatar_url":"https:\/\/secure.gravatar.com\/avatar\/973c9774fd44ddaceb026973c4962faa70fc512bc4c9da68e8ebb40fecee6540?s=96&d=mm&r=g","author_link":"https:\/\/construcaocivil.siriusmarketingedesign.com.br\/?author=1","description":"Desde de 2013, levando muitas informa\u00e7\u00f5es, lan\u00e7amentos e produtos de qualidade para toda cadeia produtiva da constru\u00e7\u00e3o. O Futuro da constru\u00e7\u00e3o passa por aqui,"},"uagb_featured_image_src":{"full":["https:\/\/construcaocivil.siriusmarketingedesign.com.br\/wp-content\/uploads\/2023\/07\/Concurso.jpg",1100,780,false],"thumbnail":["https:\/\/construcaocivil.siriusmarketingedesign.com.br\/wp-content\/uploads\/2023\/07\/Concurso-150x150.jpg",150,150,true],"medium":["https:\/\/construcaocivil.siriusmarketingedesign.com.br\/wp-content\/uploads\/2023\/07\/Concurso-300x213.jpg",300,213,true],"medium_large":["https:\/\/construcaocivil.siriusmarketingedesign.com.br\/wp-content\/uploads\/2023\/07\/Concurso-768x545.jpg",768,545,true],"large":["https:\/\/construcaocivil.siriusmarketingedesign.com.br\/wp-content\/uploads\/2023\/07\/Concurso-1024x726.jpg",1024,726,true],"1536x1536":["https:\/\/construcaocivil.siriusmarketingedesign.com.br\/wp-content\/uploads\/2023\/07\/Concurso.jpg",1100,780,false],"2048x2048":["https:\/\/construcaocivil.siriusmarketingedesign.com.br\/wp-content\/uploads\/2023\/07\/Concurso.jpg",1100,780,false]},"uagb_author_info":{"display_name":"Jornal da Constru\u00e7\u00e3o Civil","author_link":"https:\/\/construcaocivil.siriusmarketingedesign.com.br\/?author=1"},"uagb_comment_info":0,"uagb_excerpt":"A pergunta &#8220;O que est\u00e1 dentro importa&#8221; \u00e9 o ponto de partida para a cria\u00e7\u00e3o dos projetos de Arquitetura e Design de Interiores. Os 10 selecionados ser\u00e3o expostos no Archtrends Summit 2023, que ocorrer\u00e1 no Teatro Santander, em S\u00e3o Paulo, no dia 5 de setembro. S\u00e3o Paulo, julho de 2023\u00a0&#8211; O\u00a0Archtrends, portal de arquitetura e&hellip;","_links":{"self":[{"href":"https:\/\/construcaocivil.siriusmarketingedesign.com.br\/index.php?rest_route=\/wp\/v2\/posts\/22052","targetHints":{"allow":["GET"]}}],"collection":[{"href":"https:\/\/construcaocivil.siriusmarketingedesign.com.br\/index.php?rest_route=\/wp\/v2\/posts"}],"about":[{"href":"https:\/\/construcaocivil.siriusmarketingedesign.com.br\/index.php?rest_route=\/wp\/v2\/types\/post"}],"author":[{"embeddable":true,"href":"https:\/\/construcaocivil.siriusmarketingedesign.com.br\/index.php?rest_route=\/wp\/v2\/users\/1"}],"replies":[{"embeddable":true,"href":"https:\/\/construcaocivil.siriusmarketingedesign.com.br\/index.php?rest_route=%2Fwp%2Fv2%2Fcomments&post=22052"}],"version-history":[{"count":0,"href":"https:\/\/construcaocivil.siriusmarketingedesign.com.br\/index.php?rest_route=\/wp\/v2\/posts\/22052\/revisions"}],"wp:featuredmedia":[{"embeddable":true,"href":"https:\/\/construcaocivil.siriusmarketingedesign.com.br\/index.php?rest_route=\/wp\/v2\/media\/22053"}],"wp:attachment":[{"href":"https:\/\/construcaocivil.siriusmarketingedesign.com.br\/index.php?rest_route=%2Fwp%2Fv2%2Fmedia&parent=22052"}],"wp:term":[{"taxonomy":"category","embeddable":true,"href":"https:\/\/construcaocivil.siriusmarketingedesign.com.br\/index.php?rest_route=%2Fwp%2Fv2%2Fcategories&post=22052"},{"taxonomy":"post_tag","embeddable":true,"href":"https:\/\/construcaocivil.siriusmarketingedesign.com.br\/index.php?rest_route=%2Fwp%2Fv2%2Ftags&post=22052"}],"curies":[{"name":"wp","href":"https:\/\/api.w.org\/{rel}","templated":true}]}}