{"id":22059,"date":"2023-07-12T15:39:07","date_gmt":"2023-07-12T18:39:07","guid":{"rendered":"https:\/\/www.jornaldaconstrucaocivil.com.br\/?p=22059"},"modified":"2023-07-12T15:39:07","modified_gmt":"2023-07-12T18:39:07","slug":"discriminacao-racial-e-preconceito-como-identificar-esses-comportamentos-no-ambiente-de-trabalho","status":"publish","type":"post","link":"https:\/\/construcaocivil.siriusmarketingedesign.com.br\/?p=22059","title":{"rendered":"Discrimina\u00e7\u00e3o racial e preconceito: Como identificar esses comportamentos no ambiente de trabalho?"},"content":{"rendered":"<p class=\"v1ql-align-right\" style=\"text-align: justify;\"><span style=\"color: #993300;\"><em>Por Pedro Miranda, diretor comercial da Contato Seguro.<\/em><\/span><\/p>\n<p style=\"text-align: justify;\">\n<p style=\"text-align: justify;\">O preconceito e as atitudes discriminat\u00f3rias tamb\u00e9m s\u00e3o respons\u00e1veis por tornar o ambiente de trabalho t\u00f3xico e hostil, al\u00e9m de trazerem uma s\u00e9rie de consequ\u00eancias negativas, tanto para quem se torna v\u00edtima quanto para quem presencia e convive com essa realidade nociva.<\/p>\n<p style=\"text-align: justify;\"><strong><em>Abaixo, voc\u00ea poder\u00e1 compreender melhor:<\/em><\/strong><\/p>\n<p style=\"text-align: justify;\">As diferen\u00e7as entre discrimina\u00e7\u00e3o e preconceito.<\/p>\n<p style=\"text-align: justify;\">Como identificar condutas discriminat\u00f3rias.<\/p>\n<p style=\"text-align: justify;\">O que fazer quando viver ou presenciar a ocorr\u00eancia de alguma situa\u00e7\u00e3o do tipo.<\/p>\n<p style=\"text-align: justify;\">Diferenciando discrimina\u00e7\u00e3o de preconceito<\/p>\n<p style=\"text-align: justify;\"><strong><span style=\"color: #000000;\"><em>Quando pensamos em discrimina\u00e7\u00e3o e preconceito, uma d\u00favida muito comum pode vir \u00e0 cabe\u00e7a: &#8220;mas essas palavras n\u00e3o significam a mesma coisa?&#8221;<\/em><\/span><\/strong><\/p>\n<p style=\"text-align: justify;\"><strong><span style=\"color: #0000ff;\">A resposta \u00e9 n\u00e3o!<\/span><\/strong><\/p>\n<p style=\"text-align: justify;\">Apesar de estarem correlacionadas, a discrimina\u00e7\u00e3o \u00e9 aquilo que &#8220;traduz&#8221; o preconceito em formas de agir&#8230; vamos explicar melhor!<\/p>\n<p style=\"text-align: justify;\"><span style=\"color: #ff0000;\"><strong>O que \u00e9 preconceito?<\/strong><\/span><\/p>\n<p style=\"text-align: justify;\">Segundo o dicion\u00e1rio de Oxford, o preconceito \u00e9 <span style=\"color: #0000ff;\"><strong><em>&#8220;qualquer opini\u00e3o concebida sem exame cr\u00edtico&#8221;<\/em><\/strong><\/span>. \u00c9 uma esp\u00e9cie de <span style=\"color: #0000ff;\"><strong><em>&#8220;sentimento hostil&#8221;<\/em><\/strong><\/span>, assumido em consequ\u00eancia da generaliza\u00e7\u00e3o de um padr\u00e3o, imposto por algum meio.<\/p>\n<p style=\"text-align: justify;\">\u00c9 um ju\u00edzo de valor baseado em suposi\u00e7\u00f5es rasas e desprovidas de conex\u00e3o com os fatos, ou seja, o preconceito \u00e9 fruto da ignor\u00e2ncia e do completo desconhecimento acerca da realidade dos grupos sociais e identidades as quais geralmente s\u00e3o alvos desses <em><strong><span style=\"color: #0000ff;\">&#8220;pontos de vista&#8221;<\/span><\/strong><\/em> equivocados.<\/p>\n<p style=\"text-align: justify;\">\n<p style=\"text-align: justify;\">Muitas vezes, quem emite essas opini\u00f5es preconceituosas n\u00e3o sabe nem mesmo explicar porque pensa assim, j\u00e1 que a natureza dos preconceitos \u00e9, quase sempre, enraizada e inconsciente.<\/p>\n<p style=\"text-align: justify;\">\n<p style=\"text-align: justify;\">Esse aspecto repercute nas cren\u00e7as do sujeito, cujo pensamento se fecha em acreditar veementemente na sua vis\u00e3o como \u00fanica forma aceit\u00e1vel e verdadeira de &#8220;enxergar o mundo&#8221;, em rela\u00e7\u00e3o a uma s\u00e9rie de temas.<\/p>\n<p style=\"text-align: justify;\">\n<p style=\"text-align: justify;\"><span style=\"color: #ff0000;\"><strong>O preconceito pode assumir v\u00e1rios formatos e ser direcionado a grupos diferentes de pessoas, como:<\/strong><\/span><\/p>\n<ul style=\"text-align: justify;\">\n<li><em>O preconceito racial (racismo).<\/em><\/li>\n<li><em>O preconceito contra mulheres (machismo ou sexismo).<\/em><\/li>\n<li><em>O preconceito contra homossexuais e diferentes identidades de g\u00eanero (LGBTQIAP+ fobia).<\/em><\/li>\n<li><em>O preconceito contra pessoas gordas (gordofobia).<\/em><\/li>\n<li><em>O preconceito contra pessoas com defici\u00eancia (capacitismo).<\/em><\/li>\n<li><em>O preconceito contra um grupo religioso\/religi\u00e3o (intoler\u00e2ncia religiosa).<\/em><\/li>\n<li><em>O preconceito contra uma determinada nacionalidade (xenofobia).<\/em><\/li>\n<li><em>Entre outros.<\/em><\/li>\n<li><em>Quando o preconceito &#8220;fura a bolha&#8221; do &#8220;pensamento&#8221; e da &#8220;opini\u00e3o&#8221;, e se transforma em atitudes de car\u00e1ter mais &#8220;pr\u00e1tico&#8221;, temos a &#8220;discrimina\u00e7\u00e3o&#8221;.<\/em><\/li>\n<\/ul>\n<p style=\"text-align: justify;\">\n<p style=\"text-align: justify;\"><span style=\"color: #ff0000;\"><strong>O que \u00e9 discrimina\u00e7\u00e3o e como identific\u00e1-la?<\/strong><\/span><\/p>\n<p style=\"text-align: justify;\">\n<p style=\"text-align: justify;\">Em suma, a discrimina\u00e7\u00e3o \u00e9 o preconceito traduzido em a\u00e7\u00f5es pr\u00e1ticas.<\/p>\n<p style=\"text-align: justify;\">\n<p style=\"text-align: justify;\">Este g\u00eanero de conduta abusiva pode ser manifestado no dia a dia de trabalho em diversas situa\u00e7\u00f5es.<\/p>\n<p style=\"text-align: justify;\">\n<p style=\"text-align: justify;\"><span style=\"color: #ff0000;\"><strong>Saiba como identificar algumas delas nos exemplos a seguir:<\/strong><\/span><\/p>\n<p style=\"text-align: justify;\">Quando s\u00e3o feitos coment\u00e1rios ou qualquer tipo de refer\u00eancia de teor pejorativo relativo ao sotaque e jeito de falar de alguma pessoa de outro estado ou regi\u00e3o do pa\u00eds.<\/p>\n<p style=\"text-align: justify;\">Quando s\u00e3o feitas piadas ou outras formas de bullying contra um colega por conta de sua orienta\u00e7\u00e3o sexual ou identidade de g\u00eanero.<\/p>\n<p style=\"text-align: justify;\">Quando alguma demanda deixa de ser designada a um colaborador por conta de seu g\u00eanero. Nos casos de atitudes sexistas em equipes, temos como um poss\u00edvel exemplo, a exclus\u00e3o de mulheres em projetos considerados mais &#8220;desafiadores e complexos&#8221;, colocando-as como incapazes de realiz\u00e1-los e diminuindo a qualidade do seu trabalho em compara\u00e7\u00e3o a de um homem.<\/p>\n<p style=\"text-align: justify;\">Quando algu\u00e9m \u00e9 exclu\u00eddo, segregado ou ridicularizado em raz\u00e3o do seu peso, cor da pele, condi\u00e7\u00e3o f\u00edsica, defici\u00eancia, lugar de origem, religi\u00e3o, opini\u00e3o pol\u00edtica, entre outros fatores particulares que n\u00e3o devem sobrepor jamais o respeito e a compet\u00eancia no desenvolvimento e participa\u00e7\u00e3o em tarefas.<\/p>\n<p style=\"text-align: justify;\"><span style=\"color: #ff0000;\"><strong>Quais s\u00e3o as formas mais comuns de discrimina\u00e7\u00e3o nas empresas?<\/strong><\/span><\/p>\n<p style=\"text-align: justify;\">S\u00e3o in\u00fameras as formas de discrimina\u00e7\u00e3o e preconceito que podem ocorrer dentro das empresas. Entretanto, algumas delas podem ser mais comuns:<\/p>\n<p style=\"text-align: justify;\">Segundo uma pesquisa realizada pela CEGOS para a CNN, <a href=\"https:\/\/click.cse360.com.br\/Click\/AddCampaignEmailClick\/700582b4-be70-4088-366f-08db0df155e2\/https%253a%252f%252fwww.cnnbrasil.com.br%252fbusiness%252fracismo-e-principal-forma-de-discriminacao-em-75-das-empresas-no-brasil-diz-pesquisa%252f\/e5a1d2fa-94bb-4a21-b332-08d7c5ff26d1\/redacao@jornaldaconstrucaocivil.com.br\/True\" target=\"_blank\" rel=\"noopener noreferrer\"><strong>\u00a00 racismo \u00e9 principal forma de discrimina\u00e7\u00e3o em 75% das empresas no Brasil<\/strong><\/a>l, seguido pelas opini\u00f5es pol\u00edticas (42%) em segundo lugar e pela apar\u00eancia f\u00edsica em terceiro (37%).<\/p>\n<p style=\"text-align: justify;\"><span style=\"color: #ff0000;\"><strong>O que diz a lei sobre discrimina\u00e7\u00e3o e preconceito?<\/strong><\/span><\/p>\n<p style=\"text-align: justify;\">A Constitui\u00e7\u00e3o Federal, mais especificamente na Lei n\u00ba 7.716\/89, inclui os atos de discrimina\u00e7\u00e3o ou preconceito de ra\u00e7a, cor, etnia, religi\u00e3o ou proced\u00eancia nacional como crimes sujeitos a penas de reclus\u00e3o e multas.<\/p>\n<p style=\"text-align: justify;\">Por isso, \u00e9 preciso prezar pela integridade e n\u00e3o participar ou ser conivente com atitudes discriminat\u00f3rias.<\/p>\n<p style=\"text-align: justify;\"><span style=\"color: #ff0000;\"><strong>O combate \u00e0 discrimina\u00e7\u00e3o e ao preconceito \u00e9 uma miss\u00e3o de todos.<\/strong><\/span><\/p>\n<ul style=\"text-align: justify;\">\n<li><strong><em>Por um lado, a empresa precisa estabelecer regras de conscientiza\u00e7\u00e3o sobre a import\u00e2ncia da toler\u00e2ncia e do respeito \u00e0s diferen\u00e7as, al\u00e9m de promover a cria\u00e7\u00e3o de um ambiente inclusivo.<\/em><\/strong><\/li>\n<li><strong><em>Por outro, os colaboradores necessitam se engajar e manter o respeito na condu\u00e7\u00e3o de suas rela\u00e7\u00f5es de trabalho e atividades do dia a dia.<\/em><\/strong><\/li>\n<li><strong><em>Mesmo quando esses dois compromissos s\u00e3o colocados em pr\u00e1tica, ainda \u00e9 poss\u00edvel a ocorr\u00eancia de situa\u00e7\u00f5es de discrimina\u00e7\u00e3o e preconceito, como as listadas anteriormente nesse artigo.<\/em><\/strong><\/li>\n<li><strong><em>Por isso, ao viver ou se deparar com essas atitudes no ambiente de trabalho, \u00e9 muito importante n\u00e3o naturaliz\u00e1-las.<\/em><\/strong><\/li>\n<\/ul>\n<p style=\"text-align: justify;\"><span style=\"color: #ff0000;\"><strong>Vivi ou presenciei uma situa\u00e7\u00e3o de discrimina\u00e7\u00e3o: o que devo fazer?<\/strong><\/span><\/p>\n<p style=\"text-align: justify;\">Se voc\u00ea identificar ou experienciar uma situa\u00e7\u00e3o de discrimina\u00e7\u00e3o no seu ambiente de trabalho, \u00e9 fundamental n\u00e3o ignor\u00e1-la.<\/p>\n<p style=\"text-align: justify;\">Quando h\u00e1 dispon\u00edvel na empresa uma plataforma de comunica\u00e7\u00e3o segura para os colaboradores relatarem esses casos, como o \u00a0<a href=\"https:\/\/click.cse360.com.br\/Click\/AddCampaignEmailClick\/700582b4-be70-4088-366f-08db0df155e2\/https%253a%252f%252fcanaldaetica.com.br%252fblog%252fcanal-de-denuncias-o-que-e-vantagens-e-como-implementar%252f\/e5a1d2fa-94bb-4a21-b332-08d7c5ff26d1\/redacao@jornaldaconstrucaocivil.com.br\/True\" target=\"_blank\" rel=\"noopener noreferrer\"><strong><span style=\"color: #0000ff;\">Canal<\/span> <span style=\"color: #0000ff;\">de<\/span> <span style=\"color: #0000ff;\">Den\u00fancias <\/span><\/strong><\/a>da <a href=\"https:\/\/click.cse360.com.br\/Click\/AddCampaignEmailClick\/700582b4-be70-4088-366f-08db0df155e2\/https%253a%252f%252fcanaldaetica.com.br%252fsobre-nos%252f\/e5a1d2fa-94bb-4a21-b332-08d7c5ff26d1\/redacao@jornaldaconstrucaocivil.com.br\/True\" target=\"_blank\" rel=\"noopener noreferrer\"><strong><span style=\"color: #0000ff;\">Contato<\/span> <span style=\"color: #0000ff;\">Seguro<\/span><\/strong><\/a>, a decis\u00e3o correta a ser tomada \u00e9 utilizar a ferramenta e fazer uma den\u00fancia.<\/p>\n<p style=\"text-align: justify;\">Nas empresas onde o nosso Canal est\u00e1 presente, os manifestantes t\u00eam a possibilidade de preservar a sua identidade no relato, al\u00e9m de contarem com a prote\u00e7\u00e3o total das informa\u00e7\u00f5es.<\/p>\n<p style=\"text-align: justify;\">\n<p style=\"text-align: justify;\">Fonte: @ContatoSeguro<\/p>\n<p style=\"text-align: justify;\">\n","protected":false},"excerpt":{"rendered":"<p>Por Pedro Miranda, diretor comercial da Contato Seguro. O preconceito e as atitudes discriminat\u00f3rias tamb\u00e9m s\u00e3o respons\u00e1veis por tornar o ambiente de trabalho t\u00f3xico e hostil, al\u00e9m de trazerem uma s\u00e9rie de consequ\u00eancias negativas, tanto para quem se torna v\u00edtima quanto para quem presencia e convive com essa realidade nociva. Abaixo, voc\u00ea poder\u00e1 compreender melhor: [&hellip;]<\/p>\n","protected":false},"author":1,"featured_media":22060,"comment_status":"open","ping_status":"open","sticky":false,"template":"","format":"standard","meta":{"_uag_custom_page_level_css":"","footnotes":""},"categories":[27],"tags":[25126,7527,25366],"class_list":["post-22059","post","type-post","status-publish","format-standard","has-post-thumbnail","hentry","category-acontece","tag-lei-14-547-22","tag-mercado-de-trabalho","tag-racismo-no-trabalho"],"blocksy_meta":[],"spectra_blocks_featured_image_url":{"thumbnail":{"url":"https:\/\/construcaocivil.siriusmarketingedesign.com.br\/wp-content\/uploads\/2023\/07\/TRABALHO-SEM-RACISMO-II-150x150.jpg","width":150,"height":150},"medium":{"url":"https:\/\/construcaocivil.siriusmarketingedesign.com.br\/wp-content\/uploads\/2023\/07\/TRABALHO-SEM-RACISMO-II-300x249.jpg","width":300,"height":249},"medium_large":{"url":"https:\/\/construcaocivil.siriusmarketingedesign.com.br\/wp-content\/uploads\/2023\/07\/TRABALHO-SEM-RACISMO-II.jpg","width":594,"height":493},"large":{"url":"https:\/\/construcaocivil.siriusmarketingedesign.com.br\/wp-content\/uploads\/2023\/07\/TRABALHO-SEM-RACISMO-II.jpg","width":594,"height":493},"full":{"url":"https:\/\/construcaocivil.siriusmarketingedesign.com.br\/wp-content\/uploads\/2023\/07\/TRABALHO-SEM-RACISMO-II.jpg","width":594,"height":493}},"spectra_blocks_author_info":{"display_name":"Jornal da Constru\u00e7\u00e3o Civil","avatar_url":"https:\/\/secure.gravatar.com\/avatar\/973c9774fd44ddaceb026973c4962faa70fc512bc4c9da68e8ebb40fecee6540?s=96&d=mm&r=g","author_link":"https:\/\/construcaocivil.siriusmarketingedesign.com.br\/?author=1","description":"Desde de 2013, levando muitas informa\u00e7\u00f5es, lan\u00e7amentos e produtos de qualidade para toda cadeia produtiva da constru\u00e7\u00e3o. O Futuro da constru\u00e7\u00e3o passa por aqui,"},"uagb_featured_image_src":{"full":["https:\/\/construcaocivil.siriusmarketingedesign.com.br\/wp-content\/uploads\/2023\/07\/TRABALHO-SEM-RACISMO-II.jpg",594,493,false],"thumbnail":["https:\/\/construcaocivil.siriusmarketingedesign.com.br\/wp-content\/uploads\/2023\/07\/TRABALHO-SEM-RACISMO-II-150x150.jpg",150,150,true],"medium":["https:\/\/construcaocivil.siriusmarketingedesign.com.br\/wp-content\/uploads\/2023\/07\/TRABALHO-SEM-RACISMO-II-300x249.jpg",300,249,true],"medium_large":["https:\/\/construcaocivil.siriusmarketingedesign.com.br\/wp-content\/uploads\/2023\/07\/TRABALHO-SEM-RACISMO-II.jpg",594,493,false],"large":["https:\/\/construcaocivil.siriusmarketingedesign.com.br\/wp-content\/uploads\/2023\/07\/TRABALHO-SEM-RACISMO-II.jpg",594,493,false],"1536x1536":["https:\/\/construcaocivil.siriusmarketingedesign.com.br\/wp-content\/uploads\/2023\/07\/TRABALHO-SEM-RACISMO-II.jpg",594,493,false],"2048x2048":["https:\/\/construcaocivil.siriusmarketingedesign.com.br\/wp-content\/uploads\/2023\/07\/TRABALHO-SEM-RACISMO-II.jpg",594,493,false]},"uagb_author_info":{"display_name":"Jornal da Constru\u00e7\u00e3o Civil","author_link":"https:\/\/construcaocivil.siriusmarketingedesign.com.br\/?author=1"},"uagb_comment_info":0,"uagb_excerpt":"Por Pedro Miranda, diretor comercial da Contato Seguro. O preconceito e as atitudes discriminat\u00f3rias tamb\u00e9m s\u00e3o respons\u00e1veis por tornar o ambiente de trabalho t\u00f3xico e hostil, al\u00e9m de trazerem uma s\u00e9rie de consequ\u00eancias negativas, tanto para quem se torna v\u00edtima quanto para quem presencia e convive com essa realidade nociva. Abaixo, voc\u00ea poder\u00e1 compreender melhor:&hellip;","_links":{"self":[{"href":"https:\/\/construcaocivil.siriusmarketingedesign.com.br\/index.php?rest_route=\/wp\/v2\/posts\/22059","targetHints":{"allow":["GET"]}}],"collection":[{"href":"https:\/\/construcaocivil.siriusmarketingedesign.com.br\/index.php?rest_route=\/wp\/v2\/posts"}],"about":[{"href":"https:\/\/construcaocivil.siriusmarketingedesign.com.br\/index.php?rest_route=\/wp\/v2\/types\/post"}],"author":[{"embeddable":true,"href":"https:\/\/construcaocivil.siriusmarketingedesign.com.br\/index.php?rest_route=\/wp\/v2\/users\/1"}],"replies":[{"embeddable":true,"href":"https:\/\/construcaocivil.siriusmarketingedesign.com.br\/index.php?rest_route=%2Fwp%2Fv2%2Fcomments&post=22059"}],"version-history":[{"count":0,"href":"https:\/\/construcaocivil.siriusmarketingedesign.com.br\/index.php?rest_route=\/wp\/v2\/posts\/22059\/revisions"}],"wp:featuredmedia":[{"embeddable":true,"href":"https:\/\/construcaocivil.siriusmarketingedesign.com.br\/index.php?rest_route=\/wp\/v2\/media\/22060"}],"wp:attachment":[{"href":"https:\/\/construcaocivil.siriusmarketingedesign.com.br\/index.php?rest_route=%2Fwp%2Fv2%2Fmedia&parent=22059"}],"wp:term":[{"taxonomy":"category","embeddable":true,"href":"https:\/\/construcaocivil.siriusmarketingedesign.com.br\/index.php?rest_route=%2Fwp%2Fv2%2Fcategories&post=22059"},{"taxonomy":"post_tag","embeddable":true,"href":"https:\/\/construcaocivil.siriusmarketingedesign.com.br\/index.php?rest_route=%2Fwp%2Fv2%2Ftags&post=22059"}],"curies":[{"name":"wp","href":"https:\/\/api.w.org\/{rel}","templated":true}]}}