{"id":22065,"date":"2023-07-14T15:43:24","date_gmt":"2023-07-14T18:43:24","guid":{"rendered":"https:\/\/www.jornaldaconstrucaocivil.com.br\/?p=22065"},"modified":"2023-07-14T15:43:24","modified_gmt":"2023-07-14T18:43:24","slug":"casa-e-decoracao-casacor-minas-gerais-comeca-neste-sabado15-07","status":"publish","type":"post","link":"https:\/\/construcaocivil.siriusmarketingedesign.com.br\/?p=22065","title":{"rendered":"Casa e Decora\u00e7\u00e3o: CASACOR Minas Gerais come\u00e7a neste s\u00e1bado(15\/07)"},"content":{"rendered":"<p><i>A 28\u00aa edi\u00e7\u00e3o da CASACOR Minas conta com um time de peso, formado por veteranos e jovens profissionais do estado, que juntos, apresentam interpreta\u00e7\u00f5es sobre o tema &#8220;Corpo e Morada&#8221;<\/i><\/p>\n<div>\n<p>Belo Horizonte recebe, entre os dias 15 de julho e 03 de setembro, a 28\u00aa edi\u00e7\u00e3o da CASACOR Minas. Considerado o maior evento do setor de arquitetura, design de interiores e paisagismo do estado, a mostra, sob a dire\u00e7\u00e3o de Eduardo Faleiro e Juliana Grillo, ir\u00e1 apresentar ao p\u00fablico 50 ambientes, assinados por 53 profissionais de destaque do segmento, al\u00e9m de 2 instala\u00e7\u00f5es. \u201cA CASACOR \u00e9 atualmente o palco mais importante para lan\u00e7amento de produtos, servi\u00e7os e novidades do segmento. A mostra movimenta a economia do estado, est\u00e1 vinculada \u00e0 grandes empresas, gera emprego e renda, al\u00e9m de integrar o calend\u00e1rio cultural da capital mineira uma vez que acontece de forma ininterrupta h\u00e1 28 anos. Os n\u00fameros comprovam o sucesso e a for\u00e7a da marca, que \u00e9 refer\u00eancia em toda as Am\u00e9ricas\u201d, destaca a diretora Juliana Grillo.<\/p>\n<p>Um dos grandes atrativos deste ano est\u00e1 na mudan\u00e7a do local da mostra. O endere\u00e7o escolhido \u00e9 um complexo formado por 3 casas das d\u00e9cadas de 1930 e 1940 e parte de um edif\u00edcio contempor\u00e2neo que est\u00e1 sendo erguido no local, viabilizado por meio de uma parceria entre F2 Incorporadora e Construtora e a Arthros Incorporadora. O projeto da constru\u00e7\u00e3o \u00e9 assinado pelo arquiteto Jos\u00e9 Eduardo Ferolla, o homenageado desta edi\u00e7\u00e3o. Falecido no \u00faltimo m\u00eas de abril, Ferolla viveu parte de sua vida no casar\u00e3o principal, constru\u00eddo pelos seus pais para ser a morada oficial da fam\u00edlia. Enquanto aguardavam a conclus\u00e3o da constru\u00e7\u00e3o da Casa Ferolla, que levou alguns anos, a fam\u00edlia passou uma temporada na charmosa Casa Hera, que tamb\u00e9m foi anexada ao complexo da mostra. O casar\u00e3o principal mistura o estilo Art D\u00e9co e possui refer\u00eancias claras \u00e0 arquitetura neocolonial hispano-americana. Outro ponto de destaque desta edi\u00e7\u00e3o est\u00e1 no retorno da CASACOR Minas a um im\u00f3vel com foco residencial. A \u00faltima edi\u00e7\u00e3o em uma casa real foi realizada em 2016, na Pampulha, celebrando o t\u00edtulo conquistado pelo Conjunto Moderno da Pampulha de<\/p>\n<p>Patrim\u00f4nio Mundial da Humanidade. E por fim, a CASACOR Minas escolhe se fixar num dos bairros mais charmosos da capital mineira. De uso misto, mas mantendo a tradi\u00e7\u00e3o residencial, o Santo Ant\u00f4nio \u00e9 um bairro que concentra caracter\u00edsticas hist\u00f3ricas e contempor\u00e2neas que convivem de forma muito harm\u00f4nica e respeitosa, comprovando que o di\u00e1logo da tradi\u00e7\u00e3o e modernidade deve fazer parte do cotidiano das cidades.<\/p>\n<p>Para chegar at\u00e9 este im\u00f3vel, a dire\u00e7\u00e3o da CASACOR Minas contou com uma ajuda fundamental, que veio a partir de uma parceria com a C\u00e9u-Lar Im\u00f3veis. \u201cUma a\u00e7\u00e3o que mobilizou a equipe na pesquisa, sele\u00e7\u00e3o, defini\u00e7\u00e3o e na busca de um im\u00f3vel alinhado \u00e0s demandas e premissas da CASACOR\u201d, destaca a diretora Adriana Magalh\u00e3es. \u201cPrecis\u00e1vamos de um im\u00f3vel residencial localizado na regi\u00e3o centro-sul, com espa\u00e7os generosos, em uma regi\u00e3o arborizada e sintonizada com a proposta para este ano\u201d, resume Eduardo Faleiro, diretor executivo da CASACOR Minas.<\/p>\n<p>O tema escolhido para o ano \u00e9 \u201c<strong>Corpo e Morada<\/strong>\u201d &#8211; respons\u00e1vel por conduzir o elenco na cria\u00e7\u00e3o de todos os ambientes. A proposta \u00e9 mergulhar nas m\u00faltiplas possibilidades de interpreta\u00e7\u00e3o de como a casa \u00e9 uma extens\u00e3o do nosso corpo, e vice-versa. O processo criativo baseou-se em quatro macro pilares: a casa como um lugar de subjetividade; a casa como um lugar maternal; a casa como um lugar de perman\u00eancia e a casa como um lugar de conhecimento. A partir desses pilares, foram idealizadas duas premissas para viver a casa: tratar a si mesmo como se trata a casa e tratar a casa como se trata o pr\u00f3prio corpo. Corpo &amp; Morada\u2019 foi pensado como uma combina\u00e7\u00e3o fluida da estrutura arquitet\u00f4nica com a estrutura corporal.<\/p>\n<p>O paisagismo tamb\u00e9m ocupa lugar de protagonismo, tanto nas \u00e1reas internas quanto externas, mostrando o quanto a presen\u00e7a do verde \u00e9 essencial para o nosso bem estar.<\/p>\n<p><strong>Destaques desta edi\u00e7\u00e3o<\/strong><\/p>\n<p>Como n\u00e3o poderia ser diferente nos tempos atuais, o p\u00fablico j\u00e1 ser\u00e1 recebido na mostra com um ambiente voltado para apresentar solu\u00e7\u00f5es sustent\u00e1veis. A\u00a0<em>Casa Gasmig<\/em>, de<strong>\u00a0Paloma Martins,\u00a0<\/strong>foi criada para destacar as m\u00faltiplas aplica\u00e7\u00f5es do g\u00e1s natural em uma casa.<\/p>\n<p>Logo na sequ\u00eancia, o\u00a0<em>Lobby Ess\u00eancia<\/em>, assinado por\u00a0<strong>Jos\u00e9 Louren\u00e7o<\/strong>\u00a0e\u00a0<strong>Marina Figueiredo, compreende<\/strong>\u00a0bilheteria, lobby e o espa\u00e7o Audi. O ambiente foi criado para ser uma ode \u00e0 arquitetura, exaltando a beleza dos materiais em sua forma mais bruta.<\/p>\n<p>Depois de passar pelo\u00a0<em>Jardim Dulce Ferolla<\/em>, de\u00a0<strong>N\u00e3na Guimaraes<\/strong>\u00a0e\u00a0<strong>Pedro Moreno<\/strong>, criado em homenagem \u00e0 matriarca da fam\u00edlia que construiu e viveu no casar\u00e3o, o visitante segue em dire\u00e7\u00e3o ao palacete, tendo acesso ao\u00a0<em>Alpendre, Hall de entrada e Espa\u00e7o Ferolla,\u00a0<\/em>espa\u00e7os assinados pela experiente\u00a0<strong>Lena Pinheiro<\/strong>, que escolheu homenagear o arquiteto.<\/p>\n<p>Completando o impacto visual da entrada, a\u00a0<em>Sala da Lareira e Varanda<\/em>, assinada por \u00a0<strong>Pedro L\u00e1zaro,\u00a0<\/strong>\u00e9 um espa\u00e7o que sintetiza de forma \u00edmpar a proposta de atemporalidade que estabelece o conex\u00e3o entre a hist\u00f3ria e a contemporaneidade.<\/p>\n<p>O\u00a0<em>Hall da Escada e a Sala de Jantar<\/em>, de<strong>\u00a0Beatriz Maranh\u00e3o<\/strong>, s\u00e3o espa\u00e7os para provocar os sentidos, evidenciando \u00edcones do design e da arte, fazendo o espectador se questionar sobre as intercess\u00f5es entre eles.<\/p>\n<p>A Sala de Aperitivos de\u00a0<strong>D\u00fania Zaidan<\/strong>\u00a0\u00e9 daqueles espa\u00e7os que comprovam que um bom projeto e uma boa curadoria de design podem deixar qualquer proposta que soe inicialmente d\u00e9mod\u00e9e em algo extremamente atual.<\/p>\n<p><strong>Andrea Buratto decidiu\u00a0<\/strong>investir num espa\u00e7o que foge do lugar comum, brincando com texturas e sobreposi\u00e7\u00f5es em sua\u00a0<em>Cozinha Cave<\/em>. O\u00a0<em>Gourmet Alinde<\/em>,\u00a0<strong>da NB Arquitetura<\/strong>, \u00e9 uma cozinha funcional criada para abrigar uma s\u00e9rie de pequenos encontros durante a mostra.<\/p>\n<p><strong>Estela Netto<\/strong>\u00a0escolheu celebrar os 20 anos de seu primeiro projeto com o complexo\u00a0<em>Tributo aos 20<\/em>, que re\u00fane espa\u00e7o gourmet, piscina, lounge e uma ampla adega. Tudo isso, cercado pela exuber\u00e2ncia do paisagismo tropical presente no\u00a0<em>Jardim ARUM<\/em>, de<strong>\u00a0Fl\u00e1via D\u2019urso. \u00a0<\/strong><\/p>\n<p>Os banheiros originais do im\u00f3vel foram ressignificados sob o olhar de\u00a0<strong>Isabela Beth\u00f4nico\u00a0<\/strong>em parceria com o\u00a0<strong>Studio Tert\u00falia.\u00a0\u00a0<\/strong>O resultado surpreende e mostra que uma boa dose de divers\u00e3o fica bem em qualquer ambiente.<\/p>\n<p>A\u00a0<em>Su\u00edte Master e Closet<\/em>, de\u00a0<strong>T\u00e2nia Salles<\/strong>, \u00e9 daqueles quartos pensados para quem n\u00e3o pretende sair dele aos finais de semana.<\/p>\n<p>A conex\u00e3o com a espiritualidade est\u00e1 retratada na\u00a0<em>Capela das Folhas<\/em>, projeto do\u00a0<strong>Studio 126 Arquitetura<\/strong>, de\u00a0<strong>Evandro Melato<\/strong>\u00a0e\u00a0<strong>Pabr\u00edcio Amaral<\/strong>.<\/p>\n<p>O\u00a0<em>Apartamento Casa Ferolla<\/em>, projetado pela arquiteta\u00a0<strong>Gislene Lopes<\/strong>, apresenta linhas contempor\u00e2neas, com formas orga\u0302nicas inspiradas em detalhes do dia a dia. A ideia \u00e9 que o visitante possa conhecer um dos modelos de apartamentos do edif\u00edcio Casa Ferolla, em fase de constru\u00e7\u00e3o.<\/p>\n<p>A\u00a0<em>Sala e Lavabo do Apartamento,\u00a0<\/em>de\u00a0<strong>Renata Machado<\/strong>\u00a0e\u00a0<strong>Andr\u00e9 Magalh\u00e3es<\/strong>\u00a0\u00e9 um espa\u00e7o onde a tecnologia est\u00e1 a favor da praticidade e do bem-estar dos usu\u00e1rios.<\/p>\n<div>\n<div>\n<p><strong>Gastronomia<\/strong><\/p>\n<p>Assim como nos anos anteriores, a gastronomia continua sendo um dos pontos altos da mostra. A parceria com diversas empresas e marcas do segmento de alimentos e bebidas, a CASACOR Minas atrai um grande p\u00fablico interessado em participar das experi\u00eancias gastron\u00f4micas. Entre os parceiros do segmento que estar\u00e3o presentes nesta edi\u00e7\u00e3o, destacamos: Krug Bier, Rex Bibendi\/Zahil, Supernosso, \u00c1gua Mineral Ing\u00e1 e Felicitea.<\/p>\n<p>O Projeto da\u00a0<em>Varanda Caf\u00e9<\/em>, de<strong>\u00a0Adriana Gouveia<\/strong>, ir\u00e1 abrigar a opera\u00e7\u00e3o do Uluru Caf\u00e9. O projeto surpreende ao subverter a ordem dos materiais. Uma \u00e1rvore em estrutura met\u00e1lica foi coberta com plantas e vegeta\u00e7\u00e3o e ganhou um balc\u00e3o em tijolinho. A proposta foi criar um espa\u00e7o que ser\u00e1 o cen\u00e1rio ideal para o brunch ou aquela pausa durante a visita.<\/p>\n<p>Viabilizado por meio de uma parceria com o Sebrae Minas, o\u00a0<em>Espa\u00e7o Origem Minas<\/em>\u00a0est\u00e1 de volta, e \u00e9 novamente assinado pela arquiteta\u00a0<strong>Cynthia Silva<\/strong><em>.\u00a0<\/em>O projeto j\u00e1 est\u00e1 presente na CASACOR Minas h\u00e1 5 anos e \u00e9 voltado para apresentar o trabalho de pequenos produtores e artes\u00e3os mineiros. Entre os produtos que poder\u00e3o ser encontrados est\u00e3o queijos, caf\u00e9s especiais, geleias, antepastos e outros itens de produ\u00e7\u00e3o artesanal. A concep\u00e7\u00e3o do espa\u00e7o teve como ponto de partida a fachada da casa Hera, com arquitetura Art Dec\u00f3 da d\u00e9cada de 40. O espa\u00e7o surge como uma extens\u00e3o harm\u00f4nica dessa arquitetura, trazendo uma proposta de retrofit ao anexo. O piso e parede s\u00e3o em granito r\u00fastico mineiro, da regi\u00e3o de S\u00e3o Jo\u00e3o Del Rei, e as bancadas, tamb\u00e9m em granito, tem sua origem em terras mineiras e batizado de Caf\u00e9 Cerrado, devido a semelhan\u00e7a visual com gr\u00e3os de caf\u00e9. As lumin\u00e1rias tamb\u00e9m s\u00e3o assinadas pela arquiteta e foram desenvolvidas pela artes\u00e3 de Carangola \u2013 MG, Simone Oliveira.<\/p>\n<p><strong>Bet\u00e2nia Nascimento<\/strong>\u00a0est\u00e1 de volta \u00e0 mostra depois da sua estreia no ano passado. Desta vez ela assina o projeto do Restaurante\u00a0<em>O Chef e o Cabra<\/em>, que ser\u00e1 novamente comandado por um dos chefs mais premiados do pa\u00eds, o paraibano Onildo Rocha, que concebeu o projeto em parceria com o designer e empreendedor, Gustavo Greco, parceiro de longa data da CASACOR Minas.<\/p>\n<p>O\u00a0<em>Bar<\/em>\u00a0desta edi\u00e7\u00e3o ser\u00e1 operado pelo Jangalito e tem projeto da arquiteta\u00a0<strong>Cris Capanema<\/strong>. A ideia foi criar um espa\u00e7o requintado, mas ao mesmo tempo despojado, em formato de lounges a c\u00e9u aberto. J\u00e1 os amantes do vinho, n\u00e3o podem deixar de conhecer e de apreciar a\u00a0<em>Vila do Vinho<\/em>, espa\u00e7o de\u00a0<strong>Silvia Carvalho<\/strong>, que se especializou na cria\u00e7\u00e3o e desenvolvimento e adegas e que, desta vez, investiu na concep\u00e7\u00e3o de um espa\u00e7o voltado para aprecia\u00e7\u00e3o da bebida.<\/p>\n<p><strong>Gentileza urbana<\/strong><\/p>\n<p>Considerado um dos bairros mais antigos da capital mineira, o Santo Ant\u00f4nio \u00e9 famoso por sua localiza\u00e7\u00e3o privilegiada, ruas arborizadas e por sua efervesc\u00eancia cultural, reunindo uma s\u00e9rie de bares, restaurantes, estabelecimentos e personagens que fazem parte da hist\u00f3ria da cidade. Foi um dos primeiros bairros fora do per\u00edmetro da Avenida do Contorno. E \u00e9 justamente por ser um dos bairros mais antigos da cidade que o Santo Ant\u00f4nio re\u00fane uma mistura bastante equilibrada de sintonia da hist\u00f3ria com o progresso da cidade. Todas essas caracter\u00edsticas positivas impactaram diretamente no conceito desta edi\u00e7\u00e3o da mostra. Por conta disso, uma das propostas da CASACOR Minas \u00e9 convidar os visitantes a usufru\u00edrem das outras atra\u00e7\u00f5es do bairro, que re\u00fane expoentes das mais diversas \u00e1reas, como design, arquitetura, cultura, gastronomia, arte, moda, entre outras. A ideia \u00e9 que ao visitar a mostra, o p\u00fablico tamb\u00e9m possa circular pelo bairro, aproveite para explorar tudo que ele oferece.<\/p>\n<p><strong>Programa\u00e7\u00e3o<\/strong><\/p>\n<p>A CASACOR Minas oferecer\u00e1 uma programa\u00e7\u00e3o extensa e variada ao longo do evento, que inclui a\u00e7\u00f5es nas \u00e1reas de Gastronomia, Cultura, Moda, Entretenimento e Conte\u00fado.<\/p>\n<p><strong>A 28\u00aa CASACOR Minas Gerais ser\u00e1 realizada entre os dias 15 de julho e 03 de setembro. A Casa Ferolla fica na\u00a0<\/strong><strong>Rua S\u00e3o Domingos do Prata, 631, no Santo Ant\u00f4nio &#8211; Belo Horizonte.\u00a0<\/strong><strong>\u00a0<\/strong><\/p>\n<p>A CASACOR Minas Gerais conta com o patroc\u00ednio master da Deca. Os fornecedores oficiais desta edi\u00e7\u00e3o s\u00e3o Coral Tintas, Audi, Divinal e Detronic. O parceiro local de sustentabilidade \u00e9 a Optpower. Entre os patroc\u00ednios locais, est\u00e3o: Ooh Brasil, Gasmig, \u00a0ArcelorMittal, F2 Construtora e Arthros Incorporadora.\u00a0 A mostra ainda conta com o apoio da Portinari, Sebrae, Mall Midia e da Guararapes.<\/p>\n<p><strong>Sobre a CASACOR Minas<\/strong><\/p>\n<p><strong>\u00a0<\/strong>A CASACOR \u00e9 reconhecida como a maior e melhor mostra de arquitetura, design de interiores e paisagismo das Am\u00e9ricas e re\u00fane, anualmente, renomados profissionais. Em 2023 chega \u00e0 sua 28<sup>a<\/sup>\u00a0edi\u00e7\u00e3o em Minas Gerais e com mais de 20 eventos nacionais (Alagoas, Bahia, Bras\u00edlia, Campinas, Cear\u00e1, Esp\u00edrito Santo, Goi\u00e1s, Interior de SP, Litoral de SP, Mato Grosso, Mato Grosso do Sul, Minas Gerais, Par\u00e1, Paran\u00e1, Pernambuco, Rio de Janeiro, Rio Grande do Norte, Rio Grande do Sul, S\u00e3o Paulo e Santa Catarina) e seis internacionais (Miami, Peru, Chile, Equador, Bol\u00edvia e Paraguai).<\/p>\n<p>SITE:<a href=\"http:\/\/www.casacor.com\/\" target=\"_blank\" rel=\"noopener noreferrer\">\u00a0www.casacor.com<\/a><\/p>\n<p>FACEBOOK<strong>:<\/strong><a href=\"http:\/\/www.facebook.com\/casacorminas\" target=\"_blank\" rel=\"noopener noreferrer\">\u00a0www.facebook.com\/casacorminas<\/a><\/p>\n<p>INSTAGRAM: @casacorminas<\/p>\n<\/div>\n<\/div>\n<p>&nbsp;<\/p>\n<\/div>\n","protected":false},"excerpt":{"rendered":"<p>A 28\u00aa edi\u00e7\u00e3o da CASACOR Minas conta com um time de peso, formado por veteranos e jovens profissionais do estado, que juntos, apresentam interpreta\u00e7\u00f5es sobre o tema &#8220;Corpo e Morada&#8221; Belo Horizonte recebe, entre os dias 15 de julho e 03 de setembro, a 28\u00aa edi\u00e7\u00e3o da CASACOR Minas. Considerado o maior evento do setor [&hellip;]<\/p>\n","protected":false},"author":1,"featured_media":22066,"comment_status":"open","ping_status":"open","sticky":false,"template":"","format":"standard","meta":{"_uag_custom_page_level_css":"","footnotes":""},"categories":[28],"tags":[25538,25537,22081,1338],"class_list":["post-22065","post","type-post","status-publish","format-standard","has-post-thumbnail","hentry","category-arquitetura","tag-casadecoracao","tag-casacorminas2023","tag-arquitetos-e-designers","tag-belo-horizonte"],"blocksy_meta":[],"spectra_blocks_featured_image_url":{"thumbnail":{"url":"https:\/\/construcaocivil.siriusmarketingedesign.com.br\/wp-content\/uploads\/2023\/07\/6f3c02d096ea358f100f22054e372d45_medium-150x150.jpg","width":150,"height":150},"medium":{"url":"https:\/\/construcaocivil.siriusmarketingedesign.com.br\/wp-content\/uploads\/2023\/07\/6f3c02d096ea358f100f22054e372d45_medium.jpg","width":300,"height":200},"medium_large":{"url":"https:\/\/construcaocivil.siriusmarketingedesign.com.br\/wp-content\/uploads\/2023\/07\/6f3c02d096ea358f100f22054e372d45_medium.jpg","width":300,"height":200},"large":{"url":"https:\/\/construcaocivil.siriusmarketingedesign.com.br\/wp-content\/uploads\/2023\/07\/6f3c02d096ea358f100f22054e372d45_medium.jpg","width":300,"height":200},"full":{"url":"https:\/\/construcaocivil.siriusmarketingedesign.com.br\/wp-content\/uploads\/2023\/07\/6f3c02d096ea358f100f22054e372d45_medium.jpg","width":300,"height":200}},"spectra_blocks_author_info":{"display_name":"Jornal da Constru\u00e7\u00e3o Civil","avatar_url":"https:\/\/secure.gravatar.com\/avatar\/973c9774fd44ddaceb026973c4962faa70fc512bc4c9da68e8ebb40fecee6540?s=96&d=mm&r=g","author_link":"https:\/\/construcaocivil.siriusmarketingedesign.com.br\/?author=1","description":"Desde de 2013, levando muitas informa\u00e7\u00f5es, lan\u00e7amentos e produtos de qualidade para toda cadeia produtiva da constru\u00e7\u00e3o. O Futuro da constru\u00e7\u00e3o passa por aqui,"},"uagb_featured_image_src":{"full":["https:\/\/construcaocivil.siriusmarketingedesign.com.br\/wp-content\/uploads\/2023\/07\/6f3c02d096ea358f100f22054e372d45_medium.jpg",300,200,false],"thumbnail":["https:\/\/construcaocivil.siriusmarketingedesign.com.br\/wp-content\/uploads\/2023\/07\/6f3c02d096ea358f100f22054e372d45_medium-150x150.jpg",150,150,true],"medium":["https:\/\/construcaocivil.siriusmarketingedesign.com.br\/wp-content\/uploads\/2023\/07\/6f3c02d096ea358f100f22054e372d45_medium.jpg",300,200,false],"medium_large":["https:\/\/construcaocivil.siriusmarketingedesign.com.br\/wp-content\/uploads\/2023\/07\/6f3c02d096ea358f100f22054e372d45_medium.jpg",300,200,false],"large":["https:\/\/construcaocivil.siriusmarketingedesign.com.br\/wp-content\/uploads\/2023\/07\/6f3c02d096ea358f100f22054e372d45_medium.jpg",300,200,false],"1536x1536":["https:\/\/construcaocivil.siriusmarketingedesign.com.br\/wp-content\/uploads\/2023\/07\/6f3c02d096ea358f100f22054e372d45_medium.jpg",300,200,false],"2048x2048":["https:\/\/construcaocivil.siriusmarketingedesign.com.br\/wp-content\/uploads\/2023\/07\/6f3c02d096ea358f100f22054e372d45_medium.jpg",300,200,false]},"uagb_author_info":{"display_name":"Jornal da Constru\u00e7\u00e3o Civil","author_link":"https:\/\/construcaocivil.siriusmarketingedesign.com.br\/?author=1"},"uagb_comment_info":0,"uagb_excerpt":"A 28\u00aa edi\u00e7\u00e3o da CASACOR Minas conta com um time de peso, formado por veteranos e jovens profissionais do estado, que juntos, apresentam interpreta\u00e7\u00f5es sobre o tema &#8220;Corpo e Morada&#8221; Belo Horizonte recebe, entre os dias 15 de julho e 03 de setembro, a 28\u00aa edi\u00e7\u00e3o da CASACOR Minas. Considerado o maior evento do setor&hellip;","_links":{"self":[{"href":"https:\/\/construcaocivil.siriusmarketingedesign.com.br\/index.php?rest_route=\/wp\/v2\/posts\/22065","targetHints":{"allow":["GET"]}}],"collection":[{"href":"https:\/\/construcaocivil.siriusmarketingedesign.com.br\/index.php?rest_route=\/wp\/v2\/posts"}],"about":[{"href":"https:\/\/construcaocivil.siriusmarketingedesign.com.br\/index.php?rest_route=\/wp\/v2\/types\/post"}],"author":[{"embeddable":true,"href":"https:\/\/construcaocivil.siriusmarketingedesign.com.br\/index.php?rest_route=\/wp\/v2\/users\/1"}],"replies":[{"embeddable":true,"href":"https:\/\/construcaocivil.siriusmarketingedesign.com.br\/index.php?rest_route=%2Fwp%2Fv2%2Fcomments&post=22065"}],"version-history":[{"count":0,"href":"https:\/\/construcaocivil.siriusmarketingedesign.com.br\/index.php?rest_route=\/wp\/v2\/posts\/22065\/revisions"}],"wp:featuredmedia":[{"embeddable":true,"href":"https:\/\/construcaocivil.siriusmarketingedesign.com.br\/index.php?rest_route=\/wp\/v2\/media\/22066"}],"wp:attachment":[{"href":"https:\/\/construcaocivil.siriusmarketingedesign.com.br\/index.php?rest_route=%2Fwp%2Fv2%2Fmedia&parent=22065"}],"wp:term":[{"taxonomy":"category","embeddable":true,"href":"https:\/\/construcaocivil.siriusmarketingedesign.com.br\/index.php?rest_route=%2Fwp%2Fv2%2Fcategories&post=22065"},{"taxonomy":"post_tag","embeddable":true,"href":"https:\/\/construcaocivil.siriusmarketingedesign.com.br\/index.php?rest_route=%2Fwp%2Fv2%2Ftags&post=22065"}],"curies":[{"name":"wp","href":"https:\/\/api.w.org\/{rel}","templated":true}]}}