{"id":22082,"date":"2023-07-17T18:17:41","date_gmt":"2023-07-17T21:17:41","guid":{"rendered":"https:\/\/www.jornaldaconstrucaocivil.com.br\/?p=22082"},"modified":"2023-07-17T18:17:41","modified_gmt":"2023-07-17T21:17:41","slug":"negocios-sustentaveis-na-belgica-lula-reforca-importancia-de-parcerias-entre-latino-americanos-e-europeus","status":"publish","type":"post","link":"https:\/\/construcaocivil.siriusmarketingedesign.com.br\/?p=22082","title":{"rendered":"Neg\u00f3cios Sustent\u00e1veis: Na B\u00e9lgica, Lula refor\u00e7a import\u00e2ncia de parcerias entre latino-americanos e europeus"},"content":{"rendered":"<div class=\"documentDescription\" style=\"text-align: justify;\">Presidente defende acordos comerciais equilibrados e conectados ao desenvolvimento sustent\u00e1vel nesta segunda-feira, durante f\u00f3rum empresarial em Bruxelas. Presidenta da Comiss\u00e3o Europeia anuncia investimento de 45 bilh\u00f5es de euros na Am\u00e9rica Latina e Caribe<\/div>\n<p style=\"text-align: justify;\">\n<p style=\"text-align: justify;\">O presidente Luiz In\u00e1cio Lula da Silva participou da abertura do F\u00f3rum Empresarial Uni\u00e3o Europeia-Am\u00e9rica Latina, na manh\u00e3 desta segunda-feira, 17\/7, em Bruxelas, na B\u00e9lgica, com um discurso em que ressaltou a import\u00e2ncia da coopera\u00e7\u00e3o e das parcerias econ\u00f4micas entre pa\u00edses latino-americanos e europeus. Para Lula, esse \u00e9 o caminho para enfrentar desafios como as mudan\u00e7as clim\u00e1ticas e a luta contra a desigualdade social e gerar emprego e renda.<\/p>\n<p style=\"text-align: justify;\">\u201cOs pa\u00edses da Am\u00e9rica Latina e do Caribe continuar\u00e3o a desempenhar um papel estrat\u00e9gico para a Europa e o mundo, porque somos uma regi\u00e3o com enormes oportunidades de investimento e de amplia\u00e7\u00e3o do consumo. Somos pa\u00edses que demandam investimentos em infraestrutura log\u00edstica diversificada, infraestrutura social e urbana. Somos sociedades em processo de forte mobilidade social nas quais se constituem novos e din\u00e2micos mercados internos, integrados por centenas de milh\u00f5es de consumidores\u201d, destacou em seu discurso.<\/p>\n<p style=\"text-align: justify;\">Para o presidente, a parceria do Brasil com a Uni\u00e3o Europeia tem um enorme peso, n\u00e3o s\u00f3 na quest\u00e3o comercial, mas pelos desdobramentos que o acordo comercial que est\u00e1 sendo negociado pelo bloco europeu e o Mercosul pode trazer ao longo das pr\u00f3ximas d\u00e9cadas para todos os envolvidos.<\/p>\n<p style=\"text-align: justify;\">\u201cA Uni\u00e3o Europeia \u00e9 o segundo maior parceiro comercial do Brasil. Nossa corrente de com\u00e9rcio poder\u00e1 ultrapassar este ano a marca de US$ 100 bilh\u00f5es. Um acordo entre Mercosul e Uni\u00e3o Europeia equilibrado, que pretendemos concluir ainda este ano, abrir\u00e1 novos horizontes. Queremos um acordo que preserve a capacidade das partes de responder aos desafios presentes e futuros\u201d, declarou.<\/p>\n<p style=\"text-align: justify;\"><strong>PLANO DE INVESTIMENTOS<\/strong>\u00a0&#8211; O presidente destacou o potencial do mercado interno brasileiro, com enorme potencial para os pr\u00f3ximos anos, necessidade de investimentos e de cria\u00e7\u00e3o de novas vagas de emprego. Um novo plano de investimentos, que ser\u00e1 divulgado nos pr\u00f3ximos dias, trar\u00e1 uma dimens\u00e3o dessa capacidade de amplia\u00e7\u00e3o, segundo ele.<\/p>\n<p style=\"text-align: justify;\">\u201cDepois dos \u00faltimos seis anos de retrocesso e estagna\u00e7\u00e3o, voltaremos a gerar empregos de qualidade, a combater a pobreza e a aumentar a renda das fam\u00edlias brasileiras. O plano prev\u00ea a retomada de empreendimentos paralisados, acelera\u00e7\u00e3o dos que est\u00e3o em andamento e sele\u00e7\u00e3o de novos projetos. Promoveremos a moderniza\u00e7\u00e3o de nossa infraestrutura log\u00edstica, com investimentos em rodovias, ferrovias, hidrovias, portos e aeroportos\u201d, afirmou ele.<\/p>\n<p style=\"text-align: justify;\">Os investimentos, segundo o presidente, ser\u00e3o conduzidos levando em conta o respeito ao meio ambiente, levando em conta que o pa\u00eds j\u00e1 tem uma matriz energ\u00e9tica de refer\u00eancia no cen\u00e1rio global.<\/p>\n<p style=\"text-align: justify;\">\u201cO Brasil j\u00e1 possui uma matriz energ\u00e9tica das mais limpas do planeta: 87% de nossa eletricidade j\u00e1 prov\u00eam de fontes renov\u00e1veis contra 27% da m\u00e9dia mundial, e 50% de toda a nossa energia \u00e9 limpa, enquanto no mundo a m\u00e9dia \u00e9 15%. E iremos melhorar ainda mais esses n\u00fameros, porque estamos dando prioridade \u00e0 gera\u00e7\u00e3o de energia solar, e\u00f3lica, biomassa, etanol e biodiesel. Tamb\u00e9m \u00e9 enorme o nosso potencial de produ\u00e7\u00e3o de hidrog\u00eanio verde\u201d, listou.<\/p>\n<p style=\"text-align: justify;\"><b>45 BILH\u00d5ES DE EUROS<\/b>\u00a0\u2013\u00a0Em seu discurso, a presidenta da Comiss\u00e3o Europeia, Ursula von der Leyen, revelou que o bloco europeu est\u00e1 disposto a fazer investimentos de grande porte nos pa\u00edses da Am\u00e9rica Latina e do Caribe ao longo dos pr\u00f3ximos anos. \u201cN\u00f3s o chamamos de Entrada Global. Com esse programa, n\u00f3s propomos trazer mais de 45 bilh\u00f5es de euros (cerca de R$ 242 bilh\u00f5es) em investimentos europeus de alta qualidade\u201d, afirmou.<\/p>\n<p style=\"text-align: justify;\">\u201cTemos mais de 135 projetos em an\u00e1lise, de hidrog\u00eanio verde a minerais cr\u00edticos, de ampliar a rede de cabos de dados de alta performance \u00e0 produ\u00e7\u00e3o de vacinas ainda mais eficientes. Juntos, poderemos escolher os setores e cadeias de produ\u00e7\u00e3o que dever\u00e3o ser priorizados\u201d, completou.<\/p>\n<p style=\"text-align: justify;\">Para ela, o evento em Bruxelas marca um novo come\u00e7o para uma amizade antiga. \u201cA Am\u00e9rica Latina e Caribe e a Europa precisam um do outro hoje mais do que nunca. O mundo em que vivemos \u00e9 mais competitivo e conflituoso do que nunca. Precisamos refor\u00e7ar nossas economias, enfrentar desigualdades e a pobreza em nossas sociedades e formar parcerias com pa\u00edses com os quais compartilhamos valores\u201d.<\/p>\n<p style=\"text-align: justify;\"><strong>JANELA DE OPORTUNIDADE<\/strong>\u00a0&#8211; O presidente do governo da Espanha, Pedro S\u00e1nchez, que recentemente assumiu a presid\u00eancia tempor\u00e1ria do Conselho Europeu, declarou que um de seus principais objetivos \u00e9 tentar concluir o acordo comercial entre Uni\u00e3o Europeia e Mercosul ainda no segundo semestre de 2023.<\/p>\n<p style=\"text-align: justify;\">\u201cDepois de mais de 20 anos de negocia\u00e7\u00f5es, acreditamos que temos uma grande janela de oportunidade para conclu\u00ed-lo nesses seis meses de presid\u00eancia. Acredito que ser\u00e1 ben\u00e9fico para ambas as regi\u00f5es e estamos trabalhando intensamente para concluir o acordo nas quest\u00f5es que dizem respeito ao meio ambiente\u201d, ressaltou S\u00e1nchez<\/p>\n<p>Fonte: Pal\u00e1cio do Planalto<\/p>\n<div style=\"text-align: justify;\" align=\"center\"><\/div>\n<p style=\"text-align: justify;\">\n<div id=\"viewlet-above-content-body\" style=\"text-align: justify;\"><\/div>\n","protected":false},"excerpt":{"rendered":"<p>Presidente defende acordos comerciais equilibrados e conectados ao desenvolvimento sustent\u00e1vel nesta segunda-feira, durante f\u00f3rum empresarial em Bruxelas. Presidenta da Comiss\u00e3o Europeia anuncia investimento de 45 bilh\u00f5es de euros na Am\u00e9rica Latina e Caribe O presidente Luiz In\u00e1cio Lula da Silva participou da abertura do F\u00f3rum Empresarial Uni\u00e3o Europeia-Am\u00e9rica Latina, na manh\u00e3 desta segunda-feira, 17\/7, em [&hellip;]<\/p>\n","protected":false},"author":1,"featured_media":22083,"comment_status":"open","ping_status":"open","sticky":false,"template":"","format":"standard","meta":{"_uag_custom_page_level_css":"","footnotes":""},"categories":[33],"tags":[24791,25547,24770,25548,16701],"class_list":["post-22082","post","type-post","status-publish","format-standard","has-post-thumbnail","hentry","category-mercado","tag-energialimpa","tag-lula-ue","tag-mercosul","tag-bruxelas","tag-empregos-e-renda"],"blocksy_meta":[],"spectra_blocks_featured_image_url":{"thumbnail":{"url":"https:\/\/construcaocivil.siriusmarketingedesign.com.br\/wp-content\/uploads\/2023\/07\/d6d8a80a-831e-430c-a79c-d94f7da23d2e-150x150.jpeg","width":150,"height":150},"medium":{"url":"https:\/\/construcaocivil.siriusmarketingedesign.com.br\/wp-content\/uploads\/2023\/07\/d6d8a80a-831e-430c-a79c-d94f7da23d2e-300x200.jpeg","width":300,"height":200},"medium_large":{"url":"https:\/\/construcaocivil.siriusmarketingedesign.com.br\/wp-content\/uploads\/2023\/07\/d6d8a80a-831e-430c-a79c-d94f7da23d2e.jpeg","width":768,"height":511},"large":{"url":"https:\/\/construcaocivil.siriusmarketingedesign.com.br\/wp-content\/uploads\/2023\/07\/d6d8a80a-831e-430c-a79c-d94f7da23d2e.jpeg","width":768,"height":511},"full":{"url":"https:\/\/construcaocivil.siriusmarketingedesign.com.br\/wp-content\/uploads\/2023\/07\/d6d8a80a-831e-430c-a79c-d94f7da23d2e.jpeg","width":768,"height":511}},"spectra_blocks_author_info":{"display_name":"Jornal da Constru\u00e7\u00e3o Civil","avatar_url":"https:\/\/secure.gravatar.com\/avatar\/973c9774fd44ddaceb026973c4962faa70fc512bc4c9da68e8ebb40fecee6540?s=96&d=mm&r=g","author_link":"https:\/\/construcaocivil.siriusmarketingedesign.com.br\/?author=1","description":"Desde de 2013, levando muitas informa\u00e7\u00f5es, lan\u00e7amentos e produtos de qualidade para toda cadeia produtiva da constru\u00e7\u00e3o. O Futuro da constru\u00e7\u00e3o passa por aqui,"},"uagb_featured_image_src":{"full":["https:\/\/construcaocivil.siriusmarketingedesign.com.br\/wp-content\/uploads\/2023\/07\/d6d8a80a-831e-430c-a79c-d94f7da23d2e.jpeg",768,511,false],"thumbnail":["https:\/\/construcaocivil.siriusmarketingedesign.com.br\/wp-content\/uploads\/2023\/07\/d6d8a80a-831e-430c-a79c-d94f7da23d2e-150x150.jpeg",150,150,true],"medium":["https:\/\/construcaocivil.siriusmarketingedesign.com.br\/wp-content\/uploads\/2023\/07\/d6d8a80a-831e-430c-a79c-d94f7da23d2e-300x200.jpeg",300,200,true],"medium_large":["https:\/\/construcaocivil.siriusmarketingedesign.com.br\/wp-content\/uploads\/2023\/07\/d6d8a80a-831e-430c-a79c-d94f7da23d2e.jpeg",768,511,false],"large":["https:\/\/construcaocivil.siriusmarketingedesign.com.br\/wp-content\/uploads\/2023\/07\/d6d8a80a-831e-430c-a79c-d94f7da23d2e.jpeg",768,511,false],"1536x1536":["https:\/\/construcaocivil.siriusmarketingedesign.com.br\/wp-content\/uploads\/2023\/07\/d6d8a80a-831e-430c-a79c-d94f7da23d2e.jpeg",768,511,false],"2048x2048":["https:\/\/construcaocivil.siriusmarketingedesign.com.br\/wp-content\/uploads\/2023\/07\/d6d8a80a-831e-430c-a79c-d94f7da23d2e.jpeg",768,511,false]},"uagb_author_info":{"display_name":"Jornal da Constru\u00e7\u00e3o Civil","author_link":"https:\/\/construcaocivil.siriusmarketingedesign.com.br\/?author=1"},"uagb_comment_info":0,"uagb_excerpt":"Presidente defende acordos comerciais equilibrados e conectados ao desenvolvimento sustent\u00e1vel nesta segunda-feira, durante f\u00f3rum empresarial em Bruxelas. Presidenta da Comiss\u00e3o Europeia anuncia investimento de 45 bilh\u00f5es de euros na Am\u00e9rica Latina e Caribe O presidente Luiz In\u00e1cio Lula da Silva participou da abertura do F\u00f3rum Empresarial Uni\u00e3o Europeia-Am\u00e9rica Latina, na manh\u00e3 desta segunda-feira, 17\/7, em&hellip;","_links":{"self":[{"href":"https:\/\/construcaocivil.siriusmarketingedesign.com.br\/index.php?rest_route=\/wp\/v2\/posts\/22082","targetHints":{"allow":["GET"]}}],"collection":[{"href":"https:\/\/construcaocivil.siriusmarketingedesign.com.br\/index.php?rest_route=\/wp\/v2\/posts"}],"about":[{"href":"https:\/\/construcaocivil.siriusmarketingedesign.com.br\/index.php?rest_route=\/wp\/v2\/types\/post"}],"author":[{"embeddable":true,"href":"https:\/\/construcaocivil.siriusmarketingedesign.com.br\/index.php?rest_route=\/wp\/v2\/users\/1"}],"replies":[{"embeddable":true,"href":"https:\/\/construcaocivil.siriusmarketingedesign.com.br\/index.php?rest_route=%2Fwp%2Fv2%2Fcomments&post=22082"}],"version-history":[{"count":0,"href":"https:\/\/construcaocivil.siriusmarketingedesign.com.br\/index.php?rest_route=\/wp\/v2\/posts\/22082\/revisions"}],"wp:featuredmedia":[{"embeddable":true,"href":"https:\/\/construcaocivil.siriusmarketingedesign.com.br\/index.php?rest_route=\/wp\/v2\/media\/22083"}],"wp:attachment":[{"href":"https:\/\/construcaocivil.siriusmarketingedesign.com.br\/index.php?rest_route=%2Fwp%2Fv2%2Fmedia&parent=22082"}],"wp:term":[{"taxonomy":"category","embeddable":true,"href":"https:\/\/construcaocivil.siriusmarketingedesign.com.br\/index.php?rest_route=%2Fwp%2Fv2%2Fcategories&post=22082"},{"taxonomy":"post_tag","embeddable":true,"href":"https:\/\/construcaocivil.siriusmarketingedesign.com.br\/index.php?rest_route=%2Fwp%2Fv2%2Ftags&post=22082"}],"curies":[{"name":"wp","href":"https:\/\/api.w.org\/{rel}","templated":true}]}}