{"id":22085,"date":"2023-07-18T00:21:11","date_gmt":"2023-07-18T03:21:11","guid":{"rendered":"https:\/\/www.jornaldaconstrucaocivil.com.br\/?p=22085"},"modified":"2023-07-18T00:21:11","modified_gmt":"2023-07-18T03:21:11","slug":"abrainc-explica-novo-minha-casa-minha-vida","status":"publish","type":"post","link":"https:\/\/construcaocivil.siriusmarketingedesign.com.br\/?p=22085","title":{"rendered":"ABRAINC Explica: novo Minha Casa, Minha Vida"},"content":{"rendered":"<p style=\"text-align: justify;\">O Congresso Nacional aprovou em junho a Medida Provis\u00f3ria (MP) que recria o Programa Minha Casa, Minha Vida, relan\u00e7ado em fevereiro pelo Governo Federal. A MP foi aprovada na forma do Projeto de Lei de Convers\u00e3o (PLV) 14\/2023 e sancionada nesta quinta-feira (13\/07) pelo presidente Luiz In\u00e1cio Lula da Silva.<\/p>\n<p style=\"text-align: justify;\">O Governo Lula estipulou como meta contratar 2 milh\u00f5es de moradias at\u00e9 2026 por meio do programa. Uma das novidades \u00e9 o retorno da Faixa 1, voltada para fam\u00edlias com renda bruta de at\u00e9 R$ 2.640.<\/p>\n<div>\n<p style=\"text-align: justify;\">O Governo Lula estipulou como meta contratar 2 milh\u00f5es de moradias at\u00e9 2026 por meio do programa. Uma das novidades \u00e9 o retorno da Faixa 1, voltada para fam\u00edlias com renda bruta de at\u00e9 R$ 2.640.<\/p>\n<p style=\"text-align: justify;\"><span style=\"color: #993300;\"><strong>Confira abaixo as novas regras e faixas de renda do Programa Minha Casa, Minha Vida<\/strong><\/span><\/p>\n<ul style=\"text-align: justify;\">\n<li>Faixa Urbano 1 &#8211; renda bruta familiar mensal at\u00e9 R$ 2.640<\/li>\n<li>Faixa Urbano 2 &#8211; renda bruta familiar mensal de R$ 2.640,01 a R$ 4.400, e<\/li>\n<li>Faixa Urbano 3 &#8211; renda bruta familiar mensal de R$ 4.400,01 a R$ 8.000.<\/li>\n<\/ul>\n<p style=\"text-align: justify;\">\u00a0Para o caso das fam\u00edlias residentes em \u00e1reas rurais:<\/p>\n<ul style=\"text-align: justify;\">\n<li>Faixa Rural 1 &#8211; renda bruta familiar anual at\u00e9 R$ 31.680<\/li>\n<li>Faixa Rural 2 &#8211; renda bruta familiar anual de R$ 31.680,01 at\u00e9 R$ 52.800 e<\/li>\n<li>Faixa Rural 3 &#8211; renda bruta familiar anual de R$ 52.800,01 at\u00e9 R$ 96.000<\/li>\n<\/ul>\n<p style=\"text-align: justify;\">Ap\u00f3s vota\u00e7\u00e3o de medidas propostas pelo Minist\u00e9rio das Cidades no Conselho Curador do FGTS em meados de junho, o programa MCMV passou a dispor das seguintes condi\u00e7\u00f5es de taxas de juros por faixa de renda:<\/p>\n<p style=\"text-align: justify;\"><img decoding=\"async\" class=\"img-fluid aligncenter\" src=\"https:\/\/abrainc.org.br\/\/uploads\/2023\/7\/ABRAINC-Explica-novo-Minha-Casa-Minha-Vida135712.png\" alt=\"https:\/\/abrainc.org.br\/\/uploads\/2023\/7\/ABRAINC-Explica-novo-Minha-Casa-Minha-Vida135712.png\" width=\"626\" height=\"284.46434499079845\" \/><\/p>\n<p style=\"text-align: justify;\">O Conselho Curador do FGTS tamb\u00e9m aprovou a amplia\u00e7\u00e3o do desconto oferecido no valor da entrada para aquisi\u00e7\u00e3o do im\u00f3vel. Dos atuais R$ 47,5 mil, o subs\u00eddio poder\u00e1 chegar a R$ 55 mil.<\/p>\n<p style=\"text-align: justify;\"><strong>Novos limites de enquadramento de im\u00f3veis<\/strong><\/p>\n<p style=\"text-align: justify;\">O teto foi ampliado e passa contemplar valores diferentes de acordo com o porte da cidade que receber\u00e1 o empreendimento e com a faixa de renda para qual ele est\u00e1 destinado. Os benefici\u00e1rios da Faixa 3, por exemplo, poder\u00e3o adquirir im\u00f3veis com valor de at\u00e9 R$ 350 mil em todo o territ\u00f3rio nacional, independente da localidade.<\/p>\n<p style=\"text-align: justify;\"><span style=\"color: #993300;\"><strong>De forma geral, os novos valores ficaram assim:<\/strong><\/span><\/p>\n<ul style=\"text-align: justify;\">\n<li>Para Empreendimentos que contemplem a Faixa 1 Subsidiado: at\u00e9 R$ 170.000,00<\/li>\n<li>Para Empreendimentos que contemplem a Faixa 1 e 2 Financiado: at\u00e9 R$ 264.000,00<\/li>\n<li>Para Empreendimentos que contemplem a Faixa 3 Financiado: at\u00e9 R$ 350.000,00<\/li>\n<\/ul>\n<p style=\"text-align: justify;\"><span style=\"color: #993300;\"><strong>Para o MCMV rural:<\/strong><\/span><\/p>\n<ul style=\"text-align: justify;\">\n<li>Para novas moradias, o valor m\u00e1ximo passou de R$ 55.000 para R$ 75.000<\/li>\n<li>Para melhoria de uma moradia, o valor passou de R$ 23.000 para R$ 40.000<\/li>\n<\/ul>\n<p style=\"text-align: justify;\">As novas regras do programa devem promover um aumento de affordability \u00e0 popula\u00e7\u00e3o de menor renda, permitindo melhores condi\u00e7\u00f5es de cr\u00e9dito \u00e0s fam\u00edlias mais carentes. Este, inclusive, \u00e9 o objetivo do Minha Casa, Minha Vida.<\/p>\n<p style=\"text-align: justify;\">Fundamental para o desenvolvimento do pa\u00eds, o relan\u00e7amento do programa fomenta a economia brasileira e a gera\u00e7\u00e3o de empregos, al\u00e9m de beneficiar o setor e ajudar a reduzir o d\u00e9ficit habitacional.<\/p>\n<p style=\"text-align: justify;\"><em>Reda\u00e7\u00e3o ABRAINC<\/em><\/p>\n<\/div>\n","protected":false},"excerpt":{"rendered":"<p>O Congresso Nacional aprovou em junho a Medida Provis\u00f3ria (MP) que recria o Programa Minha Casa, Minha Vida, relan\u00e7ado em fevereiro pelo Governo Federal. A MP foi aprovada na forma do Projeto de Lei de Convers\u00e3o (PLV) 14\/2023 e sancionada nesta quinta-feira (13\/07) pelo presidente Luiz In\u00e1cio Lula da Silva. O Governo Lula estipulou como [&hellip;]<\/p>\n","protected":false},"author":1,"featured_media":22086,"comment_status":"open","ping_status":"open","sticky":false,"template":"","format":"standard","meta":{"_uag_custom_page_level_css":"","footnotes":""},"categories":[30],"tags":[19531,1949,25549,25551,25550],"class_list":["post-22085","post","type-post","status-publish","format-standard","has-post-thumbnail","hentry","category-imoveis","tag-abrainc","tag-casa-propria","tag-credito-imobiliario-faixa-1","tag-fgts-caixa","tag-mcmv-faixa-2-e-3"],"blocksy_meta":[],"spectra_blocks_featured_image_url":{"thumbnail":{"url":"https:\/\/construcaocivil.siriusmarketingedesign.com.br\/wp-content\/uploads\/2023\/07\/ABRAINC-Explica-novo-Minha-Casa-Minha-Vida161550-150x150.jpeg","width":150,"height":150},"medium":{"url":"https:\/\/construcaocivil.siriusmarketingedesign.com.br\/wp-content\/uploads\/2023\/07\/ABRAINC-Explica-novo-Minha-Casa-Minha-Vida161550-300x173.jpeg","width":300,"height":173},"medium_large":{"url":"https:\/\/construcaocivil.siriusmarketingedesign.com.br\/wp-content\/uploads\/2023\/07\/ABRAINC-Explica-novo-Minha-Casa-Minha-Vida161550-768x442.jpeg","width":768,"height":442},"large":{"url":"https:\/\/construcaocivil.siriusmarketingedesign.com.br\/wp-content\/uploads\/2023\/07\/ABRAINC-Explica-novo-Minha-Casa-Minha-Vida161550-1024x589.jpeg","width":1024,"height":589},"full":{"url":"https:\/\/construcaocivil.siriusmarketingedesign.com.br\/wp-content\/uploads\/2023\/07\/ABRAINC-Explica-novo-Minha-Casa-Minha-Vida161550.jpeg","width":1080,"height":621}},"spectra_blocks_author_info":{"display_name":"Jornal da Constru\u00e7\u00e3o Civil","avatar_url":"https:\/\/secure.gravatar.com\/avatar\/973c9774fd44ddaceb026973c4962faa70fc512bc4c9da68e8ebb40fecee6540?s=96&d=mm&r=g","author_link":"https:\/\/construcaocivil.siriusmarketingedesign.com.br\/?author=1","description":"Desde de 2013, levando muitas informa\u00e7\u00f5es, lan\u00e7amentos e produtos de qualidade para toda cadeia produtiva da constru\u00e7\u00e3o. O Futuro da constru\u00e7\u00e3o passa por aqui,"},"uagb_featured_image_src":{"full":["https:\/\/construcaocivil.siriusmarketingedesign.com.br\/wp-content\/uploads\/2023\/07\/ABRAINC-Explica-novo-Minha-Casa-Minha-Vida161550.jpeg",1080,621,false],"thumbnail":["https:\/\/construcaocivil.siriusmarketingedesign.com.br\/wp-content\/uploads\/2023\/07\/ABRAINC-Explica-novo-Minha-Casa-Minha-Vida161550-150x150.jpeg",150,150,true],"medium":["https:\/\/construcaocivil.siriusmarketingedesign.com.br\/wp-content\/uploads\/2023\/07\/ABRAINC-Explica-novo-Minha-Casa-Minha-Vida161550-300x173.jpeg",300,173,true],"medium_large":["https:\/\/construcaocivil.siriusmarketingedesign.com.br\/wp-content\/uploads\/2023\/07\/ABRAINC-Explica-novo-Minha-Casa-Minha-Vida161550-768x442.jpeg",768,442,true],"large":["https:\/\/construcaocivil.siriusmarketingedesign.com.br\/wp-content\/uploads\/2023\/07\/ABRAINC-Explica-novo-Minha-Casa-Minha-Vida161550-1024x589.jpeg",1024,589,true],"1536x1536":["https:\/\/construcaocivil.siriusmarketingedesign.com.br\/wp-content\/uploads\/2023\/07\/ABRAINC-Explica-novo-Minha-Casa-Minha-Vida161550.jpeg",1080,621,false],"2048x2048":["https:\/\/construcaocivil.siriusmarketingedesign.com.br\/wp-content\/uploads\/2023\/07\/ABRAINC-Explica-novo-Minha-Casa-Minha-Vida161550.jpeg",1080,621,false]},"uagb_author_info":{"display_name":"Jornal da Constru\u00e7\u00e3o Civil","author_link":"https:\/\/construcaocivil.siriusmarketingedesign.com.br\/?author=1"},"uagb_comment_info":0,"uagb_excerpt":"O Congresso Nacional aprovou em junho a Medida Provis\u00f3ria (MP) que recria o Programa Minha Casa, Minha Vida, relan\u00e7ado em fevereiro pelo Governo Federal. A MP foi aprovada na forma do Projeto de Lei de Convers\u00e3o (PLV) 14\/2023 e sancionada nesta quinta-feira (13\/07) pelo presidente Luiz In\u00e1cio Lula da Silva. O Governo Lula estipulou como&hellip;","_links":{"self":[{"href":"https:\/\/construcaocivil.siriusmarketingedesign.com.br\/index.php?rest_route=\/wp\/v2\/posts\/22085","targetHints":{"allow":["GET"]}}],"collection":[{"href":"https:\/\/construcaocivil.siriusmarketingedesign.com.br\/index.php?rest_route=\/wp\/v2\/posts"}],"about":[{"href":"https:\/\/construcaocivil.siriusmarketingedesign.com.br\/index.php?rest_route=\/wp\/v2\/types\/post"}],"author":[{"embeddable":true,"href":"https:\/\/construcaocivil.siriusmarketingedesign.com.br\/index.php?rest_route=\/wp\/v2\/users\/1"}],"replies":[{"embeddable":true,"href":"https:\/\/construcaocivil.siriusmarketingedesign.com.br\/index.php?rest_route=%2Fwp%2Fv2%2Fcomments&post=22085"}],"version-history":[{"count":0,"href":"https:\/\/construcaocivil.siriusmarketingedesign.com.br\/index.php?rest_route=\/wp\/v2\/posts\/22085\/revisions"}],"wp:featuredmedia":[{"embeddable":true,"href":"https:\/\/construcaocivil.siriusmarketingedesign.com.br\/index.php?rest_route=\/wp\/v2\/media\/22086"}],"wp:attachment":[{"href":"https:\/\/construcaocivil.siriusmarketingedesign.com.br\/index.php?rest_route=%2Fwp%2Fv2%2Fmedia&parent=22085"}],"wp:term":[{"taxonomy":"category","embeddable":true,"href":"https:\/\/construcaocivil.siriusmarketingedesign.com.br\/index.php?rest_route=%2Fwp%2Fv2%2Fcategories&post=22085"},{"taxonomy":"post_tag","embeddable":true,"href":"https:\/\/construcaocivil.siriusmarketingedesign.com.br\/index.php?rest_route=%2Fwp%2Fv2%2Ftags&post=22085"}],"curies":[{"name":"wp","href":"https:\/\/api.w.org\/{rel}","templated":true}]}}