{"id":22092,"date":"2023-07-20T13:17:47","date_gmt":"2023-07-20T16:17:47","guid":{"rendered":"https:\/\/www.jornaldaconstrucaocivil.com.br\/?p=22092"},"modified":"2023-07-20T13:17:47","modified_gmt":"2023-07-20T16:17:47","slug":"sem-conexao-e-pluralidade-podcast-do-governo-lula-e-ruim-atrasado-e-favorece-privilegio","status":"publish","type":"post","link":"https:\/\/construcaocivil.siriusmarketingedesign.com.br\/?p=22092","title":{"rendered":"Sem conex\u00e3o e pluralidade: PodCast do governo Lula \u00e9 ruim, atrasado e favorece privil\u00e9gio"},"content":{"rendered":"<p><em>Por Maria Martinez<\/em><\/p>\n<p style=\"text-align: justify;\">Viver dentro de uma BOLHA deve ser excelente para quem usufrui de privil\u00e9gio. Principalmente o &#8220;conforto branco brasileiro&#8221;. Vejamos: \u00a0Todas as ter\u00e7as-feiras de m\u00eas o presidente LULA grava um PodCast via EBC &#8211; TV Brasil para se comunicar com o imenso pa\u00eds que \u00e9 feito de v\u00e1rias camadas. E, quais as camadas que o PodCast atinge? Alcan\u00e7a quem ? Talvez, jornalistas brancos privilegiados, f\u00e3s, cabos eleitorais e alguns acad\u00eamicos.<\/p>\n<p style=\"text-align: justify;\">\u00a0O PodCast refor\u00e7a o racismo estrutural. Basta assistir. S\u00f3 n\u00e3o v\u00ea que n\u00e3o quer. Outra: O formato do bate-papo lembra programas j\u00e1 produzidos por canais fechados, ancorados e apresentados por brancos.\u00a0 O privil\u00e9gio presente sempre.\u00a0 Como uma assessoria de comunica\u00e7\u00e3o do governo deixa passar isso de forma clara?<\/p>\n<p style=\"text-align: justify;\"><span style=\"color: #ff0000;\"><em><b style=\"color: #ff0000;\">Lula voc\u00ea foi Por eleitores da <\/b><span style=\"color: #ff0000;\"><b>Escandinavos<\/b><\/span><b style=\"color: #ff0000;\"> ?\u00a0<\/b><\/em><\/span><\/p>\n<p style=\"text-align: justify;\">J\u00e1 \u00e9 hora de abrir democraticamente espa\u00e7os para canais de m\u00eddia que fortaleceram este governo chegar como vitorioso nas \u00faltimas elei\u00e7\u00f5es?<\/p>\n<p style=\"text-align: justify;\"><span style=\"color: #993300;\"><em>N\u00e3o adianta reclamar dos Estados Unidos, pedir perd\u00e3o para pa\u00edses africano e na hora de abrir oportunidades, o quadro s\u00f3 favorece os brancos.\u00a0<\/em><\/span><\/p>\n<p><span style=\"color: #0000ff;\"><em>Tem empresa de Petr\u00f3leo estrangeira que possui mais negros nos seus quadros de dire\u00e7\u00e3o do que a PETROBRAS.\u00a0<\/em><\/span><\/p>\n<p><span style=\"color: #993300;\">Assuntos nos pr\u00f3ximos PodCast:\u00a0<\/span><\/p>\n<ol>\n<li>Concursos p\u00fablicos para quem ? Para seus eleitores ou para os ricos ?<\/li>\n<li>Cr\u00e9dito para pequenos neg\u00f3cios at\u00e9 20 mil para que possui pequenos neg\u00f3cios comprovados (Inclusive quem est\u00e1 com nome SUJO) ? BNDES, CAIXA e Banco do Brasil est\u00e3o para desenvolver os neg\u00f3cios de quem ?<\/li>\n<li>Voc\u00ea visitou o quadro funcional das empresas estatais ? Parece empresas de outros pa\u00edses ? Nomea\u00e7\u00e3o urgente de negros ?<\/li>\n<li>Na sua equipe de viagem, parece mais mais equipe estrangeira do que do Brasil real. Coloque assessores negros ?<\/li>\n<li>Publicidade urgente para pequenos canais de m\u00eddia.<\/li>\n<\/ol>\n<p style=\"text-align: justify;\">\n<p style=\"text-align: justify;\">\n<p style=\"text-align: justify;\">\n","protected":false},"excerpt":{"rendered":"<p>Por Maria Martinez Viver dentro de uma BOLHA deve ser excelente para quem usufrui de privil\u00e9gio. Principalmente o &#8220;conforto branco brasileiro&#8221;. Vejamos: \u00a0Todas as ter\u00e7as-feiras de m\u00eas o presidente LULA grava um PodCast via EBC &#8211; TV Brasil para se comunicar com o imenso pa\u00eds que \u00e9 feito de v\u00e1rias camadas. E, quais as camadas [&hellip;]<\/p>\n","protected":false},"author":1,"featured_media":22100,"comment_status":"open","ping_status":"open","sticky":false,"template":"","format":"standard","meta":{"_uag_custom_page_level_css":"","footnotes":""},"categories":[27],"tags":[25561,7077,25560,23149],"class_list":["post-22092","post","type-post","status-publish","format-standard","has-post-thumbnail","hentry","category-acontece","tag-empregos-e-cidadania","tag-lula","tag-podcast-lula","tag-racismo-estrutural"],"blocksy_meta":[],"spectra_blocks_featured_image_url":{"thumbnail":{"url":"https:\/\/construcaocivil.siriusmarketingedesign.com.br\/wp-content\/uploads\/2023\/07\/BRASIL-2023-FPS-150x150.jpg","width":150,"height":150},"medium":{"url":"https:\/\/construcaocivil.siriusmarketingedesign.com.br\/wp-content\/uploads\/2023\/07\/BRASIL-2023-FPS-300x225.jpg","width":300,"height":225},"medium_large":{"url":"https:\/\/construcaocivil.siriusmarketingedesign.com.br\/wp-content\/uploads\/2023\/07\/BRASIL-2023-FPS-768x576.jpg","width":768,"height":576},"large":{"url":"https:\/\/construcaocivil.siriusmarketingedesign.com.br\/wp-content\/uploads\/2023\/07\/BRASIL-2023-FPS.jpg","width":1024,"height":768},"full":{"url":"https:\/\/construcaocivil.siriusmarketingedesign.com.br\/wp-content\/uploads\/2023\/07\/BRASIL-2023-FPS.jpg","width":1024,"height":768}},"spectra_blocks_author_info":{"display_name":"Jornal da Constru\u00e7\u00e3o Civil","avatar_url":"https:\/\/secure.gravatar.com\/avatar\/973c9774fd44ddaceb026973c4962faa70fc512bc4c9da68e8ebb40fecee6540?s=96&d=mm&r=g","author_link":"https:\/\/construcaocivil.siriusmarketingedesign.com.br\/?author=1","description":"Desde de 2013, levando muitas informa\u00e7\u00f5es, lan\u00e7amentos e produtos de qualidade para toda cadeia produtiva da constru\u00e7\u00e3o. O Futuro da constru\u00e7\u00e3o passa por aqui,"},"uagb_featured_image_src":{"full":["https:\/\/construcaocivil.siriusmarketingedesign.com.br\/wp-content\/uploads\/2023\/07\/BRASIL-2023-FPS.jpg",1024,768,false],"thumbnail":["https:\/\/construcaocivil.siriusmarketingedesign.com.br\/wp-content\/uploads\/2023\/07\/BRASIL-2023-FPS-150x150.jpg",150,150,true],"medium":["https:\/\/construcaocivil.siriusmarketingedesign.com.br\/wp-content\/uploads\/2023\/07\/BRASIL-2023-FPS-300x225.jpg",300,225,true],"medium_large":["https:\/\/construcaocivil.siriusmarketingedesign.com.br\/wp-content\/uploads\/2023\/07\/BRASIL-2023-FPS-768x576.jpg",768,576,true],"large":["https:\/\/construcaocivil.siriusmarketingedesign.com.br\/wp-content\/uploads\/2023\/07\/BRASIL-2023-FPS.jpg",1024,768,false],"1536x1536":["https:\/\/construcaocivil.siriusmarketingedesign.com.br\/wp-content\/uploads\/2023\/07\/BRASIL-2023-FPS.jpg",1024,768,false],"2048x2048":["https:\/\/construcaocivil.siriusmarketingedesign.com.br\/wp-content\/uploads\/2023\/07\/BRASIL-2023-FPS.jpg",1024,768,false]},"uagb_author_info":{"display_name":"Jornal da Constru\u00e7\u00e3o Civil","author_link":"https:\/\/construcaocivil.siriusmarketingedesign.com.br\/?author=1"},"uagb_comment_info":0,"uagb_excerpt":"Por Maria Martinez Viver dentro de uma BOLHA deve ser excelente para quem usufrui de privil\u00e9gio. Principalmente o &#8220;conforto branco brasileiro&#8221;. Vejamos: \u00a0Todas as ter\u00e7as-feiras de m\u00eas o presidente LULA grava um PodCast via EBC &#8211; TV Brasil para se comunicar com o imenso pa\u00eds que \u00e9 feito de v\u00e1rias camadas. E, quais as camadas&hellip;","_links":{"self":[{"href":"https:\/\/construcaocivil.siriusmarketingedesign.com.br\/index.php?rest_route=\/wp\/v2\/posts\/22092","targetHints":{"allow":["GET"]}}],"collection":[{"href":"https:\/\/construcaocivil.siriusmarketingedesign.com.br\/index.php?rest_route=\/wp\/v2\/posts"}],"about":[{"href":"https:\/\/construcaocivil.siriusmarketingedesign.com.br\/index.php?rest_route=\/wp\/v2\/types\/post"}],"author":[{"embeddable":true,"href":"https:\/\/construcaocivil.siriusmarketingedesign.com.br\/index.php?rest_route=\/wp\/v2\/users\/1"}],"replies":[{"embeddable":true,"href":"https:\/\/construcaocivil.siriusmarketingedesign.com.br\/index.php?rest_route=%2Fwp%2Fv2%2Fcomments&post=22092"}],"version-history":[{"count":0,"href":"https:\/\/construcaocivil.siriusmarketingedesign.com.br\/index.php?rest_route=\/wp\/v2\/posts\/22092\/revisions"}],"wp:featuredmedia":[{"embeddable":true,"href":"https:\/\/construcaocivil.siriusmarketingedesign.com.br\/index.php?rest_route=\/wp\/v2\/media\/22100"}],"wp:attachment":[{"href":"https:\/\/construcaocivil.siriusmarketingedesign.com.br\/index.php?rest_route=%2Fwp%2Fv2%2Fmedia&parent=22092"}],"wp:term":[{"taxonomy":"category","embeddable":true,"href":"https:\/\/construcaocivil.siriusmarketingedesign.com.br\/index.php?rest_route=%2Fwp%2Fv2%2Fcategories&post=22092"},{"taxonomy":"post_tag","embeddable":true,"href":"https:\/\/construcaocivil.siriusmarketingedesign.com.br\/index.php?rest_route=%2Fwp%2Fv2%2Ftags&post=22092"}],"curies":[{"name":"wp","href":"https:\/\/api.w.org\/{rel}","templated":true}]}}