{"id":22128,"date":"2023-07-26T19:18:43","date_gmt":"2023-07-26T22:18:43","guid":{"rendered":"https:\/\/www.jornaldaconstrucaocivil.com.br\/?p=22128"},"modified":"2023-07-26T20:25:54","modified_gmt":"2023-07-26T23:25:54","slug":"energia-nova-presidente-da-petrobras-prestigia-posse-da-nova-gerente-geral-da-refinaria-de-capuava","status":"publish","type":"post","link":"https:\/\/construcaocivil.siriusmarketingedesign.com.br\/?p=22128","title":{"rendered":"Energia nova: Presidente da Petrobras prestigia posse da nova gerente geral da Refinaria de Capuava"},"content":{"rendered":"<div class=\"subtitle italic\">\n<h4 id=\"subtitulo-post\" style=\"text-align: justify;\"><span style=\"color: #993300;\"><strong><em>M\u00e1rcia Cristina Andrade \u00e9 a primeira mulher negra, em quase 70 anos, a conquistar o cargo em uma refinaria brasileira<\/em><\/strong><\/span><\/h4>\n<p style=\"text-align: justify;\">O presidente da Petrobras, Jean Paul Prates, participou nesta quarta-feira (26), em Mau\u00e1 (SP), da cerim\u00f4nia de posse da nova gerente geral da Refinaria de Capuava (Recap), M\u00e1rcia Cristina Andrade, primeira mulher a ocupar a fun\u00e7\u00e3o desde a inaugura\u00e7\u00e3o da unidade industrial, em 1954. O evento contou tamb\u00e9m com a presen\u00e7a de William Fran\u00e7a, diretor de Processos Industriais e Produtos, Clarice Coppetti, diretora de Assuntos Corporativos, Rosangela Buzanelli, integrante do Conselho de Administra\u00e7\u00e3o da companhia eleita pelos empregados, Deyvid Bacelar, coordenador da Federa\u00e7\u00e3o \u00danica dos Petroleiros (FUP), al\u00e9m de representantes do poder p\u00fablico dos munic\u00edpios pr\u00f3ximos \u00e0 refinaria.<\/p>\n<p style=\"text-align: justify;\">Em seu discurso, o presidente da Petrobras salientou a import\u00e2ncia e o simbolismo da posse de uma mulher negra para a ger\u00eancia geral de uma unidade do refino: \u201cA desigualdade em nosso pa\u00eds \u00e9 muito grande. E grande tamb\u00e9m \u00e9 a responsabilidade da M\u00e1rcia ao assumir como gerente geral da Recap. Mas, sobretudo, \u00e9 uma conquista: primeiro, da pr\u00f3pria M\u00e1rcia, mas tamb\u00e9m das mulheres, e das mulheres pretas\u201d, afirmou Prates.<\/p>\n<p style=\"text-align: justify;\">M\u00e1rcia Cristina ingressou na Petrobras em 2006. Engenheira de Processamento de forma\u00e7\u00e3o, a nova gerente geral come\u00e7ou a carreira na empresa na Refinaria de Duque de Caxias (Reduc), onde passou pelas \u00e1reas de Otimiza\u00e7\u00e3o e Empreendimentos. Foi coordenadora da \u00e1rea de Projetos de Pequeno Porte e posteriormente gerente de Projetos da refinaria.<\/p>\n<p style=\"text-align: justify;\">A gerente geral afirmou estar consciente da responsabilidade da sua fun\u00e7\u00e3o.\u00a0 \u201cSei da imensa representatividade que trago comigo. Estou representando cada mulher que em sua profiss\u00e3o ainda encontra um ambiente de trabalho com oportunidades desiguais. Mas h\u00e1 outra caracter\u00edstica em mim que me assemelha \u00e0 maioria da popula\u00e7\u00e3o brasileira: eu sou negra, e estar aqui, tomando posse desta importante fun\u00e7\u00e3o, \u00e9 um marco\u201d, ressaltou M\u00e1rcia Cristina.<\/p>\n<p style=\"text-align: justify;\">As conquistas e os desafios no segmento de refino foram destacados pelo diretor de Processos Industriais e Produtos, Wiliam Fran\u00e7a. \u201cA Recap est\u00e1 preparada para receber 100% de \u00f3leos do pr\u00e9-sal e, assim como nas demais refinarias, teremos que investir em projetos voltados para o aumento da efici\u00eancia energ\u00e9tica e para produzir uma nova gera\u00e7\u00e3o de combust\u00edveis com conte\u00fado renov\u00e1vel\u201d, disse o diretor. J\u00e1 a diretora Clarice Coppetti ressaltou o apoio da diretoria ao trabalho da nova gerente geral. \u201cA tua posse \u00e9 muito importante para a companhia e para toda a sociedade brasileira. Conte conosco para ter muito mais sucesso do que j\u00e1 teve, porque sabemos que conhecimento, seguran\u00e7a e respeito voc\u00ea tem\u201d, garantiu.<\/p>\n<p style=\"text-align: justify;\">A Recap iniciou as opera\u00e7\u00f5es em 18 de dezembro de 1954. Atualmente, \u00e9 respons\u00e1vel pela comercializa\u00e7\u00e3o de cerca de 30% do volume de combust\u00edveis consumido na regi\u00e3o da Grande S\u00e3o Paulo. Em sua carteira de produ\u00e7\u00e3o, destacam-se gasolina e diesel de baixo teor de enxofre (S-10), aguarr\u00e1s, propeno, g\u00e1s liquefeito de petr\u00f3leo (GLP) e solventes especiais.<\/p>\n<p>Fonte: Petrobras<\/p>\n<\/div>\n","protected":false},"excerpt":{"rendered":"<p>M\u00e1rcia Cristina Andrade \u00e9 a primeira mulher negra, em quase 70 anos, a conquistar o cargo em uma refinaria brasileira O presidente da Petrobras, Jean Paul Prates, participou nesta quarta-feira (26), em Mau\u00e1 (SP), da cerim\u00f4nia de posse da nova gerente geral da Refinaria de Capuava (Recap), M\u00e1rcia Cristina Andrade, primeira mulher a ocupar a [&hellip;]<\/p>\n","protected":false},"author":1,"featured_media":22129,"comment_status":"open","ping_status":"open","sticky":false,"template":"","format":"standard","meta":{"_uag_custom_page_level_css":"","footnotes":""},"categories":[29],"tags":[16701,7987,25579,8859,8869,25578],"class_list":["post-22128","post","type-post","status-publish","format-standard","has-post-thumbnail","hentry","category-energia","tag-empregos-e-renda","tag-mulheres-negras","tag-oil-gas","tag-petrobras","tag-petroleo-e-gas","tag-refinaria-capuava"],"blocksy_meta":[],"spectra_blocks_featured_image_url":{"thumbnail":{"url":"https:\/\/construcaocivil.siriusmarketingedesign.com.br\/wp-content\/uploads\/2023\/07\/posseggrecapprincipal.jpg__1920x0_q85_ALIAS-cover_full_crop_subsampling-2-150x150.jpg","width":150,"height":150},"medium":{"url":"https:\/\/construcaocivil.siriusmarketingedesign.com.br\/wp-content\/uploads\/2023\/07\/posseggrecapprincipal.jpg__1920x0_q85_ALIAS-cover_full_crop_subsampling-2-300x200.jpg","width":300,"height":200},"medium_large":{"url":"https:\/\/construcaocivil.siriusmarketingedesign.com.br\/wp-content\/uploads\/2023\/07\/posseggrecapprincipal.jpg__1920x0_q85_ALIAS-cover_full_crop_subsampling-2-768x512.jpg","width":768,"height":512},"large":{"url":"https:\/\/construcaocivil.siriusmarketingedesign.com.br\/wp-content\/uploads\/2023\/07\/posseggrecapprincipal.jpg__1920x0_q85_ALIAS-cover_full_crop_subsampling-2-1024x682.jpg","width":1024,"height":682},"full":{"url":"https:\/\/construcaocivil.siriusmarketingedesign.com.br\/wp-content\/uploads\/2023\/07\/posseggrecapprincipal.jpg__1920x0_q85_ALIAS-cover_full_crop_subsampling-2.jpg","width":1600,"height":1066}},"spectra_blocks_author_info":{"display_name":"Jornal da Constru\u00e7\u00e3o Civil","avatar_url":"https:\/\/secure.gravatar.com\/avatar\/973c9774fd44ddaceb026973c4962faa70fc512bc4c9da68e8ebb40fecee6540?s=96&d=mm&r=g","author_link":"https:\/\/construcaocivil.siriusmarketingedesign.com.br\/?author=1","description":"Desde de 2013, levando muitas informa\u00e7\u00f5es, lan\u00e7amentos e produtos de qualidade para toda cadeia produtiva da constru\u00e7\u00e3o. O Futuro da constru\u00e7\u00e3o passa por aqui,"},"uagb_featured_image_src":{"full":["https:\/\/construcaocivil.siriusmarketingedesign.com.br\/wp-content\/uploads\/2023\/07\/posseggrecapprincipal.jpg__1920x0_q85_ALIAS-cover_full_crop_subsampling-2.jpg",1600,1066,false],"thumbnail":["https:\/\/construcaocivil.siriusmarketingedesign.com.br\/wp-content\/uploads\/2023\/07\/posseggrecapprincipal.jpg__1920x0_q85_ALIAS-cover_full_crop_subsampling-2-150x150.jpg",150,150,true],"medium":["https:\/\/construcaocivil.siriusmarketingedesign.com.br\/wp-content\/uploads\/2023\/07\/posseggrecapprincipal.jpg__1920x0_q85_ALIAS-cover_full_crop_subsampling-2-300x200.jpg",300,200,true],"medium_large":["https:\/\/construcaocivil.siriusmarketingedesign.com.br\/wp-content\/uploads\/2023\/07\/posseggrecapprincipal.jpg__1920x0_q85_ALIAS-cover_full_crop_subsampling-2-768x512.jpg",768,512,true],"large":["https:\/\/construcaocivil.siriusmarketingedesign.com.br\/wp-content\/uploads\/2023\/07\/posseggrecapprincipal.jpg__1920x0_q85_ALIAS-cover_full_crop_subsampling-2-1024x682.jpg",1024,682,true],"1536x1536":["https:\/\/construcaocivil.siriusmarketingedesign.com.br\/wp-content\/uploads\/2023\/07\/posseggrecapprincipal.jpg__1920x0_q85_ALIAS-cover_full_crop_subsampling-2-1536x1023.jpg",1536,1023,true],"2048x2048":["https:\/\/construcaocivil.siriusmarketingedesign.com.br\/wp-content\/uploads\/2023\/07\/posseggrecapprincipal.jpg__1920x0_q85_ALIAS-cover_full_crop_subsampling-2.jpg",1600,1066,false]},"uagb_author_info":{"display_name":"Jornal da Constru\u00e7\u00e3o Civil","author_link":"https:\/\/construcaocivil.siriusmarketingedesign.com.br\/?author=1"},"uagb_comment_info":0,"uagb_excerpt":"M\u00e1rcia Cristina Andrade \u00e9 a primeira mulher negra, em quase 70 anos, a conquistar o cargo em uma refinaria brasileira O presidente da Petrobras, Jean Paul Prates, participou nesta quarta-feira (26), em Mau\u00e1 (SP), da cerim\u00f4nia de posse da nova gerente geral da Refinaria de Capuava (Recap), M\u00e1rcia Cristina Andrade, primeira mulher a ocupar a&hellip;","_links":{"self":[{"href":"https:\/\/construcaocivil.siriusmarketingedesign.com.br\/index.php?rest_route=\/wp\/v2\/posts\/22128","targetHints":{"allow":["GET"]}}],"collection":[{"href":"https:\/\/construcaocivil.siriusmarketingedesign.com.br\/index.php?rest_route=\/wp\/v2\/posts"}],"about":[{"href":"https:\/\/construcaocivil.siriusmarketingedesign.com.br\/index.php?rest_route=\/wp\/v2\/types\/post"}],"author":[{"embeddable":true,"href":"https:\/\/construcaocivil.siriusmarketingedesign.com.br\/index.php?rest_route=\/wp\/v2\/users\/1"}],"replies":[{"embeddable":true,"href":"https:\/\/construcaocivil.siriusmarketingedesign.com.br\/index.php?rest_route=%2Fwp%2Fv2%2Fcomments&post=22128"}],"version-history":[{"count":0,"href":"https:\/\/construcaocivil.siriusmarketingedesign.com.br\/index.php?rest_route=\/wp\/v2\/posts\/22128\/revisions"}],"wp:featuredmedia":[{"embeddable":true,"href":"https:\/\/construcaocivil.siriusmarketingedesign.com.br\/index.php?rest_route=\/wp\/v2\/media\/22129"}],"wp:attachment":[{"href":"https:\/\/construcaocivil.siriusmarketingedesign.com.br\/index.php?rest_route=%2Fwp%2Fv2%2Fmedia&parent=22128"}],"wp:term":[{"taxonomy":"category","embeddable":true,"href":"https:\/\/construcaocivil.siriusmarketingedesign.com.br\/index.php?rest_route=%2Fwp%2Fv2%2Fcategories&post=22128"},{"taxonomy":"post_tag","embeddable":true,"href":"https:\/\/construcaocivil.siriusmarketingedesign.com.br\/index.php?rest_route=%2Fwp%2Fv2%2Ftags&post=22128"}],"curies":[{"name":"wp","href":"https:\/\/api.w.org\/{rel}","templated":true}]}}