{"id":22135,"date":"2023-07-28T20:16:16","date_gmt":"2023-07-28T23:16:16","guid":{"rendered":"https:\/\/www.jornaldaconstrucaocivil.com.br\/?p=22135"},"modified":"2023-07-28T20:16:16","modified_gmt":"2023-07-28T23:16:16","slug":"estudo-sobratema-estima-queda-de-14-nas-vendas-de-maquinas-da-linha-amarela-em-2023","status":"publish","type":"post","link":"https:\/\/construcaocivil.siriusmarketingedesign.com.br\/?p=22135","title":{"rendered":"Estudo Sobratema estima queda de 14% nas vendas de m\u00e1quinas da linha amarela em 2023"},"content":{"rendered":"<p style=\"text-align: justify;\">O mercado de equipamentos da linha amarela (movimenta\u00e7\u00e3o de terra) deve ter uma retra\u00e7\u00e3o nas vendas em 2023, ap\u00f3s seis anos consecutivos de crescimento sustent\u00e1vel e do volume hist\u00f3rico de 39,9 mil unidades comercializadas no ano passado. A estimativa do\u00a0<strong>Estudo Sobratema do Mercado Brasileiro de Equipamentos para Constru\u00e7\u00e3o<\/strong>\u00a0\u00e9 de uma queda de 14% nas vendas de m\u00e1quinas neste ano, com 34,6 mil unidades comercializadas.<\/p>\n<p style=\"text-align: justify;\">Segundo o consultor\u00a0<strong>Mario Miranda<\/strong>, coordenador do Estudo de Mercado da\u00a0<strong>Associa\u00e7\u00e3o Brasileira de Tecnologia para Constru\u00e7\u00e3o e Minera\u00e7\u00e3o<\/strong>\u00a0(<strong>Sobratema<\/strong>), esse resultado est\u00e1 relacionado \u00e0 menor confian\u00e7a e otimismo no mercado, ao aumento dos custos operacionais, ao cen\u00e1rio econ\u00f4mico, que est\u00e1 ainda incerto, a desacelera\u00e7\u00e3o de investimentos de longo prazo e das concess\u00f5es e a restri\u00e7\u00e3o de cr\u00e9dito \u00e0s pequenas e m\u00e9dias empresas. \u201cApesar da expectativa de redu\u00e7\u00e3o da Selic em agosto, a taxa segue muito alta, trazendo desafios para o cr\u00e9dito e financiamento das empresas\u201d, afirmou Miranda, durante o\u00a0<strong>Webinar Sobratema\u00a0<\/strong><strong><em>Atualiza\u00e7\u00e3o das Tend\u00eancias no Mercado da Constru\u00e7\u00e3o<\/em><\/strong>, realizado no dia 27 de junho.<\/p>\n<p style=\"text-align: justify;\"><strong>Eurimilson Daniel<\/strong>, vice-presidente da Sobratema, ponderou que mesmo tendo uma estimativa de queda, o setor ainda estar\u00e1 entre os melhores da hist\u00f3ria em termos de venda de equipamentos, superando os anos de 2013 e 2021, quando foram comercializados mais de 33 mil m\u00e1quinas da linha amarela. \u201cEm 2022, tivemos um ano fora da curva e o ajuste da r\u00e9gua \u00e9 normal. Considero 2023 um ano de alinhamento\u201d, pontuou.<\/p>\n<p style=\"text-align: justify;\">O Estudo de Mercado apontou fatores positivos para 2023, como as estimativas de um crescimento maior do Produto Interno Bruto (PIB), a aprova\u00e7\u00e3o da Reforma Tribut\u00e1ria pela C\u00e2mara dos Deputados, o an\u00fancio de um novo programa para infraestrutura, os resultados do agroneg\u00f3cio e a perspectiva de substitui\u00e7\u00e3o da frota pelas mineradoras e pedreiras. \u201cEsses fatores podem melhorar o cen\u00e1rio este ano e influenciar positivamente os resultados de 2024, que ser\u00e1 um ano de transi\u00e7\u00e3o\u201d, disse Miranda. Para o ano que vem, a estimativa \u00e9 de uma alta de 4% nas vendas de equipamentos da linha amarela.<\/p>\n<figure id=\"attachment_22136\" aria-describedby=\"caption-attachment-22136\" style=\"width: 300px\" class=\"wp-caption alignleft\"><img loading=\"lazy\" decoding=\"async\" class=\"size-full wp-image-22136\" src=\"https:\/\/www.jornaldaconstrucaocivil.com.br\/wp-content\/uploads\/2023\/07\/11f0e9fd7594530e99d680d6d51ea635_medium.jpg\" alt=\"\" width=\"300\" height=\"168\" srcset=\"https:\/\/construcaocivil.siriusmarketingedesign.com.br\/wp-content\/uploads\/2023\/07\/11f0e9fd7594530e99d680d6d51ea635_medium.jpg 300w, https:\/\/construcaocivil.siriusmarketingedesign.com.br\/wp-content\/uploads\/2023\/07\/11f0e9fd7594530e99d680d6d51ea635_medium-200x112.jpg 200w\" sizes=\"auto, (max-width: 300px) 100vw, 300px\" \/><figcaption id=\"caption-attachment-22136\" class=\"wp-caption-text\">Webinar Sobratema Atualiza\u00e7\u00e3o das Tend\u00eancias no Mercado da Constru\u00e7\u00e3o. Divulga\u00e7\u00e3o<\/figcaption><\/figure>\n<p style=\"text-align: justify;\">Durante o Webinar Sobratema,\u00a0<strong>Eduardo Lema<\/strong>, diretor da MILLS Rental, fez uma avalia\u00e7\u00e3o sobre os tr\u00eas tipos de neg\u00f3cios da empresa. Na \u00e1rea de formas e escoramentos, vinculados \u00e0s obras de infraestrutura, este ano \u00e9 de recupera\u00e7\u00e3o, ap\u00f3s um per\u00edodo desafiador. \u201cMas, grandes projetos de infraestrutura ainda est\u00e3o por vir, ent\u00e3o, h\u00e1 espa\u00e7o para crescer mais\u201d, acrescentou. Para o segmento de loca\u00e7\u00e3o de equipamentos leves, o comportamento de mercado est\u00e1 est\u00e1vel, com expectativas de um aquecimento no segundo semestre, mas existe o desafio de introduzir alguns conceitos, pois as plataformas podem substituir outras tecnologias de eleva\u00e7\u00e3o de cargas e pessoas. Por fim, a loca\u00e7\u00e3o de equipamentos da linha amarela voltada ao agroneg\u00f3cio come\u00e7ou o ano acompanhando os bons resultados do setor.<\/p>\n<p style=\"text-align: justify;\">De acordo com\u00a0<strong>Leonardo Pinheiro Magalh\u00e3es<\/strong>, engenheiro da Magalh\u00e3es Junior Engenharia, o o Estudo de Mercado da Sobratema est\u00e1 alinhado ao mercado de atua\u00e7\u00e3o da construtora, o nordeste brasileiro. \u201cExistiu um momento importante em 2022, com grande crescimento. Neste ano, as quest\u00f5es colocadas como a taxa de juros e o realinhamento pol\u00edtico e econ\u00f4mico influenciaram o primeiro semestre. Contudo, temos grande expectativa para o segundo semestre e 2024, com previs\u00e3o de crescimento para nosso setor\u201d, destacou.<\/p>\n<p style=\"text-align: justify;\"><img loading=\"lazy\" decoding=\"async\" src=\"https:\/\/files.pressmanager.net\/clientes\/2056d3716a94d9a257c276c9293aff48\/imagens\/2023\/07\/28\/26baa30616302abe7bbc4e6e48a13718_medium.jpg\" width=\"300\" height=\"168\" align=\"right\" hspace=\"10\" vspace=\"10\" \/>A apresenta\u00e7\u00e3o de Miranda trouxe ainda as oportunidades para 2023, como, por exemplo, a melhoria da economia em\u00a0 geral, crescimento da demanda no rental, e mais obras em infraestrutura, bem como as preocupa\u00e7\u00f5es neste ano, que incluem a dificuldade de obten\u00e7\u00e3o de cr\u00e9dito, juros altos e a pol\u00edtica fiscal.<\/p>\n<p style=\"text-align: justify;\">Na avalia\u00e7\u00e3o de\u00a0<strong>Andrea Bandeira<\/strong>, da Ex Ante Consultoria Econ\u00f4mica, a rela\u00e7\u00e3o apontada no Estudo de Mercado da Sobratema coincidem com aquelas listadas na macroeconomia. \u201cO segundo semestre ainda est\u00e1 em aberto, com o an\u00fancio do novo PAC (Programa\u00e7\u00e3o de Acelera\u00e7\u00e3o do Crescimento), as reformas a serem aprovadas pelo Congresso Nacional, o encaminhamento do arcabou\u00e7o fiscal, a redu\u00e7\u00e3o da taxa de juros, entre outros, o que cabe um acompanhamento pr\u00f3ximo\u201d.<\/p>\n<p style=\"text-align: justify;\">Outro ponto comentado pelos especialistas participantes do Webinar Sobratema foi a frota parada que est\u00e1 em torno de 20% neste ano, o que \u00e9 considerada acima da m\u00e9dia. \u201cIsso mostra que o setor est\u00e1 trabalhando muito forte para aumentar a utiliza\u00e7\u00e3o das m\u00e1quinas, por meio do uso de tecnologia e pela boa gest\u00e3o\u201d, analisou Miranda.<\/p>\n<p style=\"text-align: justify;\">Mediado por Vagner Barbosa, o\u00a0<strong>Webinar Sobratema\u00a0<em>Atualiza\u00e7\u00e3o das Tend\u00eancias no Mercado da Constru\u00e7\u00e3o<\/em><\/strong>\u00a0teve a sauda\u00e7\u00e3o do engenheiro\u00a0<strong>Afonso Mamede<\/strong>, presidente da Sobratema, e contou com o patroc\u00ednio da Komatsu, John Deere, Grupo Tracbel, New Holland Construction e Volvo.<\/p>\n","protected":false},"excerpt":{"rendered":"<p>O mercado de equipamentos da linha amarela (movimenta\u00e7\u00e3o de terra) deve ter uma retra\u00e7\u00e3o nas vendas em 2023, ap\u00f3s seis anos consecutivos de crescimento sustent\u00e1vel e do volume hist\u00f3rico de 39,9 mil unidades comercializadas no ano passado. A estimativa do\u00a0Estudo Sobratema do Mercado Brasileiro de Equipamentos para Constru\u00e7\u00e3o\u00a0\u00e9 de uma queda de 14% nas vendas [&hellip;]<\/p>\n","protected":false},"author":1,"featured_media":22137,"comment_status":"open","ping_status":"open","sticky":false,"template":"","format":"standard","meta":{"_uag_custom_page_level_css":"","footnotes":""},"categories":[32],"tags":[25582,25585,25584,12623,25583],"class_list":["post-22135","post","type-post","status-publish","format-standard","has-post-thumbnail","hentry","category-maquinas-e-equipamentos","tag-maquinasconstrucao","tag-juros-taxa-selic-altas","tag-rental-locacao-de-maquinas","tag-sobratema","tag-vendas-de-equipamentos"],"blocksy_meta":[],"spectra_blocks_featured_image_url":{"thumbnail":{"url":"https:\/\/construcaocivil.siriusmarketingedesign.com.br\/wp-content\/uploads\/2023\/07\/IMG_20220906_1120222-150x150.jpg","width":150,"height":150},"medium":{"url":"https:\/\/construcaocivil.siriusmarketingedesign.com.br\/wp-content\/uploads\/2023\/07\/IMG_20220906_1120222-300x233.jpg","width":300,"height":233},"medium_large":{"url":"https:\/\/construcaocivil.siriusmarketingedesign.com.br\/wp-content\/uploads\/2023\/07\/IMG_20220906_1120222-768x597.jpg","width":768,"height":597},"large":{"url":"https:\/\/construcaocivil.siriusmarketingedesign.com.br\/wp-content\/uploads\/2023\/07\/IMG_20220906_1120222-1024x795.jpg","width":1024,"height":795},"full":{"url":"https:\/\/construcaocivil.siriusmarketingedesign.com.br\/wp-content\/uploads\/2023\/07\/IMG_20220906_1120222-scaled.jpg","width":2560,"height":1989}},"spectra_blocks_author_info":{"display_name":"Jornal da Constru\u00e7\u00e3o Civil","avatar_url":"https:\/\/secure.gravatar.com\/avatar\/973c9774fd44ddaceb026973c4962faa70fc512bc4c9da68e8ebb40fecee6540?s=96&d=mm&r=g","author_link":"https:\/\/construcaocivil.siriusmarketingedesign.com.br\/?author=1","description":"Desde de 2013, levando muitas informa\u00e7\u00f5es, lan\u00e7amentos e produtos de qualidade para toda cadeia produtiva da constru\u00e7\u00e3o. O Futuro da constru\u00e7\u00e3o passa por aqui,"},"uagb_featured_image_src":{"full":["https:\/\/construcaocivil.siriusmarketingedesign.com.br\/wp-content\/uploads\/2023\/07\/IMG_20220906_1120222-scaled.jpg",2560,1989,false],"thumbnail":["https:\/\/construcaocivil.siriusmarketingedesign.com.br\/wp-content\/uploads\/2023\/07\/IMG_20220906_1120222-150x150.jpg",150,150,true],"medium":["https:\/\/construcaocivil.siriusmarketingedesign.com.br\/wp-content\/uploads\/2023\/07\/IMG_20220906_1120222-300x233.jpg",300,233,true],"medium_large":["https:\/\/construcaocivil.siriusmarketingedesign.com.br\/wp-content\/uploads\/2023\/07\/IMG_20220906_1120222-768x597.jpg",768,597,true],"large":["https:\/\/construcaocivil.siriusmarketingedesign.com.br\/wp-content\/uploads\/2023\/07\/IMG_20220906_1120222-1024x795.jpg",1024,795,true],"1536x1536":["https:\/\/construcaocivil.siriusmarketingedesign.com.br\/wp-content\/uploads\/2023\/07\/IMG_20220906_1120222-1536x1193.jpg",1536,1193,true],"2048x2048":["https:\/\/construcaocivil.siriusmarketingedesign.com.br\/wp-content\/uploads\/2023\/07\/IMG_20220906_1120222-2048x1591.jpg",2048,1591,true]},"uagb_author_info":{"display_name":"Jornal da Constru\u00e7\u00e3o Civil","author_link":"https:\/\/construcaocivil.siriusmarketingedesign.com.br\/?author=1"},"uagb_comment_info":0,"uagb_excerpt":"O mercado de equipamentos da linha amarela (movimenta\u00e7\u00e3o de terra) deve ter uma retra\u00e7\u00e3o nas vendas em 2023, ap\u00f3s seis anos consecutivos de crescimento sustent\u00e1vel e do volume hist\u00f3rico de 39,9 mil unidades comercializadas no ano passado. A estimativa do\u00a0Estudo Sobratema do Mercado Brasileiro de Equipamentos para Constru\u00e7\u00e3o\u00a0\u00e9 de uma queda de 14% nas vendas&hellip;","_links":{"self":[{"href":"https:\/\/construcaocivil.siriusmarketingedesign.com.br\/index.php?rest_route=\/wp\/v2\/posts\/22135","targetHints":{"allow":["GET"]}}],"collection":[{"href":"https:\/\/construcaocivil.siriusmarketingedesign.com.br\/index.php?rest_route=\/wp\/v2\/posts"}],"about":[{"href":"https:\/\/construcaocivil.siriusmarketingedesign.com.br\/index.php?rest_route=\/wp\/v2\/types\/post"}],"author":[{"embeddable":true,"href":"https:\/\/construcaocivil.siriusmarketingedesign.com.br\/index.php?rest_route=\/wp\/v2\/users\/1"}],"replies":[{"embeddable":true,"href":"https:\/\/construcaocivil.siriusmarketingedesign.com.br\/index.php?rest_route=%2Fwp%2Fv2%2Fcomments&post=22135"}],"version-history":[{"count":0,"href":"https:\/\/construcaocivil.siriusmarketingedesign.com.br\/index.php?rest_route=\/wp\/v2\/posts\/22135\/revisions"}],"wp:featuredmedia":[{"embeddable":true,"href":"https:\/\/construcaocivil.siriusmarketingedesign.com.br\/index.php?rest_route=\/wp\/v2\/media\/22137"}],"wp:attachment":[{"href":"https:\/\/construcaocivil.siriusmarketingedesign.com.br\/index.php?rest_route=%2Fwp%2Fv2%2Fmedia&parent=22135"}],"wp:term":[{"taxonomy":"category","embeddable":true,"href":"https:\/\/construcaocivil.siriusmarketingedesign.com.br\/index.php?rest_route=%2Fwp%2Fv2%2Fcategories&post=22135"},{"taxonomy":"post_tag","embeddable":true,"href":"https:\/\/construcaocivil.siriusmarketingedesign.com.br\/index.php?rest_route=%2Fwp%2Fv2%2Ftags&post=22135"}],"curies":[{"name":"wp","href":"https:\/\/api.w.org\/{rel}","templated":true}]}}