{"id":22146,"date":"2023-07-31T00:34:11","date_gmt":"2023-07-31T03:34:11","guid":{"rendered":"https:\/\/www.jornaldaconstrucaocivil.com.br\/?p=22146"},"modified":"2023-07-31T00:35:46","modified_gmt":"2023-07-31T03:35:46","slug":"cartilha-gratuita-orienta-a-populacao-sobre-a-relacao-entre-a-saude-dos-imoveis-e-das-pessoas","status":"publish","type":"post","link":"https:\/\/construcaocivil.siriusmarketingedesign.com.br\/?p=22146","title":{"rendered":"Cartilha gratuita orienta a popula\u00e7\u00e3o sobre a rela\u00e7\u00e3o entre a sa\u00fade dos im\u00f3veis e das pessoas"},"content":{"rendered":"<p style=\"text-align: justify;\"><i>O Movimento Constru\u00e7\u00e3o Saud\u00e1vel alerta sobre a rela\u00e7\u00e3o direta entre a impermeabiliza\u00e7\u00e3o correta e os problemas respirat\u00f3rios<\/i><\/p>\n<div>\n<p style=\"text-align: justify;\">O Movimento Constru\u00e7\u00e3o Saud\u00e1vel disponibiliza gratuitamente a primeira cartilha da Am\u00e9rica Latina sobre a import\u00e2ncia da impermeabiliza\u00e7\u00e3o dos im\u00f3veis para o bem-estar das pessoas. De forma did\u00e1tica, o material aborda o tema mostrando essa rela\u00e7\u00e3o direta entre a sa\u00fade das casas e dos moradores. Intitulada \u201cImpermeabiliza\u00e7\u00e3o \u00e9 Sa\u00fade\u201d a publica\u00e7\u00e3o pode ser acessada no site:\u00a0<a href=\"https:\/\/construcaosaudavel.org\/\" target=\"_blank\" rel=\"noopener noreferrer\">https:\/\/construcaosaudavel.org\/<\/a>.<\/p>\n<p style=\"text-align: justify;\">A cartilha Impermeabiliza\u00e7\u00e3o \u00e9 Sa\u00fade tem como objetivo orientar a popula\u00e7\u00e3o, empresas e cidad\u00e3os sobre os problemas causados pelas patologias das edifica\u00e7\u00f5es \u00e0 sa\u00fade humana, em especial aqueles provocados por infiltra\u00e7\u00e3o, umidade, mofo e bolor, que contribuem para o agravamento das doen\u00e7as respirat\u00f3rias. A publica\u00e7\u00e3o est\u00e1 em conson\u00e2ncia com o 3\u00ba ODS (Objetivo de Desenvolvimento Sustent\u00e1vel) da ONU (Organiza\u00e7\u00e3o das Na\u00e7\u00f5es Unidas) para 2030: assegurar uma vida saud\u00e1vel e promover o bem-estar para todas e todos, em todas as idades.<\/p>\n<p style=\"text-align: justify;\">A Cartilha fornece uma breve vis\u00e3o sobre os principais problemas dos im\u00f3veis com rela\u00e7\u00e3o \u00e0 umidade e infiltra\u00e7\u00f5es, descreve alguns efeitos potenciais nocivos \u00e0 sa\u00fade associados \u00e0 exposi\u00e7\u00e3o ao mofo e ao bolor, como evit\u00e1-los e a import\u00e2ncia da qualidade do ar em ambientes internos. O formato online foi escolhido para ampliar o acesso. As pessoas podem consult\u00e1-la em qualquer regi\u00e3o do pa\u00eds, pelo celular, tablet ou computador. Outra vantagem \u00e9 a atualiza\u00e7\u00e3o constante. O material \u00e9 revisado periodicamente para que seja disponibilizado \u00e0 popula\u00e7\u00e3o sempre com informa\u00e7\u00f5es, dados e estudos recentes.<\/p>\n<p style=\"text-align: justify;\">\u201cNosso empenho \u00e9 para que cada vez mais a sociedade tome consci\u00eancia da rela\u00e7\u00e3o de causa e efeito entre constru\u00e7\u00e3o saud\u00e1vel e qualidade de vida. O lema Impermeabiliza\u00e7\u00e3o \u00e9 sa\u00fade deixa claro nossa preocupa\u00e7\u00e3o com a conscientiza\u00e7\u00e3o e a mobiliza\u00e7\u00e3o da sociedade para a rela\u00e7\u00e3o entre a impermeabiliza\u00e7\u00e3o das edifica\u00e7\u00f5es e a sa\u00fade humana\u201d, ressalta Jorge Luiz Cardoso, presidente do Movimento Constru\u00e7\u00e3o Saud\u00e1vel.<\/p>\n<p style=\"text-align: justify;\">Idealizada e produzida pelo Movimento Constru\u00e7\u00e3o Saud\u00e1vel, a Cartilha conta com o apoio do IBI (Instituto Brasileiro de Impermeabiliza\u00e7\u00e3o), Centro Universit\u00e1rio FAM, Doutor Fam, PNQAI (Plano Nacional de Qualidade do Ar Interno), Virada Sustent\u00e1vel e Abrava (Associa\u00e7\u00e3o Brasileira de Refrigera\u00e7\u00e3o, Ar-Condicionado, Ventila\u00e7\u00e3o e Aquecimento).<\/p>\n<p>Mais detalhes acesse<span style=\"color: #0000ff;\"> http:\/\/construcaosaudavel.org<\/span><\/p>\n<\/div>\n","protected":false},"excerpt":{"rendered":"<p>O Movimento Constru\u00e7\u00e3o Saud\u00e1vel alerta sobre a rela\u00e7\u00e3o direta entre a impermeabiliza\u00e7\u00e3o correta e os problemas respirat\u00f3rios O Movimento Constru\u00e7\u00e3o Saud\u00e1vel disponibiliza gratuitamente a primeira cartilha da Am\u00e9rica Latina sobre a import\u00e2ncia da impermeabiliza\u00e7\u00e3o dos im\u00f3veis para o bem-estar das pessoas. De forma did\u00e1tica, o material aborda o tema mostrando essa rela\u00e7\u00e3o direta entre a [&hellip;]<\/p>\n","protected":false},"author":1,"featured_media":22147,"comment_status":"open","ping_status":"open","sticky":false,"template":"","format":"standard","meta":{"_uag_custom_page_level_css":"","footnotes":""},"categories":[30],"tags":[25595,25594,25593,25596,24540],"class_list":["post-22146","post","type-post","status-publish","format-standard","has-post-thumbnail","hentry","category-imoveis","tag-prediosabandonados","tag-doenca-casa-sem-manutencao","tag-imoveis-velhos","tag-impermeabilizacao-dos-imoveis","tag-movimento-construcao-saudavel"],"blocksy_meta":[],"spectra_blocks_featured_image_url":{"thumbnail":{"url":"https:\/\/construcaocivil.siriusmarketingedesign.com.br\/wp-content\/uploads\/2023\/07\/Cartilha-MCS-150x150.jpg","width":150,"height":150},"medium":{"url":"https:\/\/construcaocivil.siriusmarketingedesign.com.br\/wp-content\/uploads\/2023\/07\/Cartilha-MCS-216x300.jpg","width":216,"height":300},"medium_large":{"url":"https:\/\/construcaocivil.siriusmarketingedesign.com.br\/wp-content\/uploads\/2023\/07\/Cartilha-MCS.jpg","width":552,"height":768},"large":{"url":"https:\/\/construcaocivil.siriusmarketingedesign.com.br\/wp-content\/uploads\/2023\/07\/Cartilha-MCS.jpg","width":552,"height":768},"full":{"url":"https:\/\/construcaocivil.siriusmarketingedesign.com.br\/wp-content\/uploads\/2023\/07\/Cartilha-MCS.jpg","width":552,"height":768}},"spectra_blocks_author_info":{"display_name":"Jornal da Constru\u00e7\u00e3o Civil","avatar_url":"https:\/\/secure.gravatar.com\/avatar\/973c9774fd44ddaceb026973c4962faa70fc512bc4c9da68e8ebb40fecee6540?s=96&d=mm&r=g","author_link":"https:\/\/construcaocivil.siriusmarketingedesign.com.br\/?author=1","description":"Desde de 2013, levando muitas informa\u00e7\u00f5es, lan\u00e7amentos e produtos de qualidade para toda cadeia produtiva da constru\u00e7\u00e3o. O Futuro da constru\u00e7\u00e3o passa por aqui,"},"uagb_featured_image_src":{"full":["https:\/\/construcaocivil.siriusmarketingedesign.com.br\/wp-content\/uploads\/2023\/07\/Cartilha-MCS.jpg",552,768,false],"thumbnail":["https:\/\/construcaocivil.siriusmarketingedesign.com.br\/wp-content\/uploads\/2023\/07\/Cartilha-MCS-150x150.jpg",150,150,true],"medium":["https:\/\/construcaocivil.siriusmarketingedesign.com.br\/wp-content\/uploads\/2023\/07\/Cartilha-MCS-216x300.jpg",216,300,true],"medium_large":["https:\/\/construcaocivil.siriusmarketingedesign.com.br\/wp-content\/uploads\/2023\/07\/Cartilha-MCS.jpg",552,768,false],"large":["https:\/\/construcaocivil.siriusmarketingedesign.com.br\/wp-content\/uploads\/2023\/07\/Cartilha-MCS.jpg",552,768,false],"1536x1536":["https:\/\/construcaocivil.siriusmarketingedesign.com.br\/wp-content\/uploads\/2023\/07\/Cartilha-MCS.jpg",552,768,false],"2048x2048":["https:\/\/construcaocivil.siriusmarketingedesign.com.br\/wp-content\/uploads\/2023\/07\/Cartilha-MCS.jpg",552,768,false]},"uagb_author_info":{"display_name":"Jornal da Constru\u00e7\u00e3o Civil","author_link":"https:\/\/construcaocivil.siriusmarketingedesign.com.br\/?author=1"},"uagb_comment_info":0,"uagb_excerpt":"O Movimento Constru\u00e7\u00e3o Saud\u00e1vel alerta sobre a rela\u00e7\u00e3o direta entre a impermeabiliza\u00e7\u00e3o correta e os problemas respirat\u00f3rios O Movimento Constru\u00e7\u00e3o Saud\u00e1vel disponibiliza gratuitamente a primeira cartilha da Am\u00e9rica Latina sobre a import\u00e2ncia da impermeabiliza\u00e7\u00e3o dos im\u00f3veis para o bem-estar das pessoas. De forma did\u00e1tica, o material aborda o tema mostrando essa rela\u00e7\u00e3o direta entre a&hellip;","_links":{"self":[{"href":"https:\/\/construcaocivil.siriusmarketingedesign.com.br\/index.php?rest_route=\/wp\/v2\/posts\/22146","targetHints":{"allow":["GET"]}}],"collection":[{"href":"https:\/\/construcaocivil.siriusmarketingedesign.com.br\/index.php?rest_route=\/wp\/v2\/posts"}],"about":[{"href":"https:\/\/construcaocivil.siriusmarketingedesign.com.br\/index.php?rest_route=\/wp\/v2\/types\/post"}],"author":[{"embeddable":true,"href":"https:\/\/construcaocivil.siriusmarketingedesign.com.br\/index.php?rest_route=\/wp\/v2\/users\/1"}],"replies":[{"embeddable":true,"href":"https:\/\/construcaocivil.siriusmarketingedesign.com.br\/index.php?rest_route=%2Fwp%2Fv2%2Fcomments&post=22146"}],"version-history":[{"count":0,"href":"https:\/\/construcaocivil.siriusmarketingedesign.com.br\/index.php?rest_route=\/wp\/v2\/posts\/22146\/revisions"}],"wp:featuredmedia":[{"embeddable":true,"href":"https:\/\/construcaocivil.siriusmarketingedesign.com.br\/index.php?rest_route=\/wp\/v2\/media\/22147"}],"wp:attachment":[{"href":"https:\/\/construcaocivil.siriusmarketingedesign.com.br\/index.php?rest_route=%2Fwp%2Fv2%2Fmedia&parent=22146"}],"wp:term":[{"taxonomy":"category","embeddable":true,"href":"https:\/\/construcaocivil.siriusmarketingedesign.com.br\/index.php?rest_route=%2Fwp%2Fv2%2Fcategories&post=22146"},{"taxonomy":"post_tag","embeddable":true,"href":"https:\/\/construcaocivil.siriusmarketingedesign.com.br\/index.php?rest_route=%2Fwp%2Fv2%2Ftags&post=22146"}],"curies":[{"name":"wp","href":"https:\/\/api.w.org\/{rel}","templated":true}]}}