{"id":22158,"date":"2023-08-02T00:36:43","date_gmt":"2023-08-02T03:36:43","guid":{"rendered":"https:\/\/www.jornaldaconstrucaocivil.com.br\/?p=22158"},"modified":"2023-08-02T00:36:43","modified_gmt":"2023-08-02T03:36:43","slug":"como-sera-nossa-casa-no-futuro-estudo-revela-que-consumidores-querem-lares-com-conectividade-conforto-flexibilidade-e-sustentabilidade","status":"publish","type":"post","link":"https:\/\/construcaocivil.siriusmarketingedesign.com.br\/?p=22158","title":{"rendered":"Como ser\u00e1 nossa casa no futuro? Estudo revela que consumidores querem lares com conectividade, conforto, flexibilidade e sustentabilidade"},"content":{"rendered":"<p style=\"text-align: justify;\"><span style=\"color: #993300;\"><strong><i>Depois de um longo per\u00edodo de ansiedade, se sentir feliz em casa se tornou um dos aspectos mais importantes e tamb\u00e9m um desafio<\/i><\/strong><\/span><\/p>\n<p style=\"text-align: justify;\"><strong>S\u00e3o Paulo, agosto de 2023<\/strong>\u00a0\u2013 Antes da pandemia, a casa era vista como um local de passagem. Durante a crise, a vida precisou caber dentro de casa, e hoje, ela desempenha m\u00faltiplos pap\u00e9is. O que as pessoas buscam agora \u00e9 se sentir felizes dentro de casa, e isso significa abra\u00e7ar a diversidade no morar, tanto de gera\u00e7\u00f5es, como de moradias solo e fam\u00edlias multiesp\u00e9cies. Al\u00e9m disso, uma casa melhor \u00e9 mais flex\u00edvel e tem mais acessibilidade, dialoga com seu entorno e atua como um ponto de conex\u00e3o entre indiv\u00edduo, comunidade e planeta. \u00c9 o que revela o rec\u00e9m-lan\u00e7ado estudo\u00a0<strong>O Futuro do Morar<\/strong>, realizado pela Dexco, em parceria com a empresa de an\u00e1lise de tend\u00eancias Spark:off, e apresentado pelas marcas\u00a0<strong>Deca, Portinari, Duratex, Castelatto\u00a0<\/strong>e\u00a0<strong>Ceusa<\/strong>.<\/p>\n<p style=\"text-align: justify;\">\n<i>&#8220;Hoje, as pessoas trabalham, recebem familiares e amigos para momentos de descontra\u00e7\u00e3o e lazer, e tamb\u00e9m buscam ref\u00fagio e autoconex\u00e3o dentro de casa. Desta forma, vemos que ela se tornou esse espa\u00e7o cheio de significado e fun\u00e7\u00f5es&#8221;,<\/i>\u00a0explica\u00a0<strong>Mateus Silveira, head do Design Office da Dexco e respons\u00e1vel pela condu\u00e7\u00e3o do estudo<\/strong>.<\/p>\n<table class=\"v1image v1image_resized\" width=\"400\" align=\"center\">\n<tbody>\n<tr>\n<td><img decoding=\"async\" class=\"aligncenter\" src=\"https:\/\/s2308.pitch-releases.com\/4=ITN6kjM3EDOmpjci5SbvNmLslmdpN2bhNWdyR3cu92YhRGbh5mcvpGQvF2YhRWZypzMzgDOyIzNwETM6cmbw5SN0MTMjdzMhBDZiRjZxMmZyQmN3AjY4MTYyMmNlNTNkZkMlMTNkZkMlkzN2gTMGJTJ2IDMx8VL0ETLfpDO\" width=\"400\" \/><\/p>\n<table class=\"v1figcap\" border=\"0\" width=\"400\" cellspacing=\"0\" cellpadding=\"0\" align=\"center\">\n<tbody>\n<tr class=\"v1tr001\">\n<td width=\"400\">Cr\u00e9dito: Rafael Renzo (divulga\u00e7\u00e3o Dexco)<\/td>\n<\/tr>\n<\/tbody>\n<\/table>\n<\/td>\n<\/tr>\n<\/tbody>\n<\/table>\n<p style=\"text-align: justify;\">A pesquisa rastreou tend\u00eancias locais e globais dos lares, considerando o que o consumidor deseja em rela\u00e7\u00e3o a sua casa ao analisar comportamentos das pessoas, e ouviu especialistas de \u00e1reas correlatas, que complementaram a pesquisa com sua vis\u00e3o e experi\u00eancia para identificar novos desejos e valores de consumo, como: arquitetura, design de produto, design de interiores, hospitalidade, culin\u00e1ria, bem-estar, energia e entretenimento.<\/p>\n<p style=\"text-align: justify;\">\n<p style=\"text-align: justify;\">Segundo o estudo, entre 2012 e 2022, o\u00a0<strong>n\u00famero de pessoas entre 25 e 34 anos que n\u00e3o saiu de casa aumentou 137% nos Estados Unidos<\/strong>, uma tend\u00eancia global por quest\u00f5es de conveni\u00eancia, refor\u00e7ada pelas consequ\u00eancias da pandemia. Paralelamente ao crescimento de lares multigeracionais,\u00a0<strong>no Brasil, ocorreu tamb\u00e9m o aumento de moradias (43,7%) com um \u00fanico habitante nos \u00faltimos dez anos<\/strong>, segundo o IBGE \u2013 o que gerou uma crescente procura por apartamentos cada vez menores. O levantamento diz que o\u00a0<strong>lan\u00e7amento de apartamentos de at\u00e9 30 m\u00b2 cresceu 21% em sete anos na cidade de S\u00e3o Paulo<\/strong>\u00a0(Fonte: SECOVI-SP).<\/p>\n<p style=\"text-align: justify;\">\n<p style=\"text-align: justify;\"><i>&#8220;Chegou o momento de ampliarmos o olhar para as novas necessidades dos lares multigeracionais, atendendo gera\u00e7\u00f5es com diferentes g\u00eaneros, estilos e demandas, em diferentes est\u00e1gios de vida. Enquanto no morar solo, com apartamentos ou casas cada vez menores, \u00e9 preciso pensar em produtos e solu\u00e7\u00f5es de constru\u00e7\u00e3o que correspondam a essa necessidade&#8221;,<\/i>\u00a0diz\u00a0<strong>Silveira<\/strong>.<\/p>\n<p style=\"text-align: justify;\">\n<p style=\"text-align: justify;\">Segundo\u00a0<strong>Mateus Silveira<\/strong>, a Dexco estuda comportamentos humanos e o desafio \u00e9 olhar para o que \u00e9 transversal, pensando em atingir o m\u00e1ximo de pessoas poss\u00edvel.\u00a0<i>&#8220;Temos possibilidade de gerar impacto positivo em grande escala, trazer bem-estar, conforto para mais gente, por meio da aplica\u00e7\u00e3o das tend\u00eancias no desenvolvimento dos produtos das nossas marcas, considerando todos os p\u00fablicos. \u00c9 nosso desejo encontrar parceiros que nos ajudem a produzir, diluir custos e dar vaz\u00e3o a produtos mais sustent\u00e1veis e vers\u00e1teis&#8221;,<\/i>\u00a0diz<strong>,\u00a0<\/strong>refor\u00e7ando o fato do<strong>\u00a0<\/strong>amplo portf\u00f3lio de marcas da companhia ser um grande diferencial competitivo por poder atender de forma transversal os anseios do consumidor, muito al\u00e9m de produtos, mas em ambientes.<\/p>\n<p style=\"text-align: justify;\">\n<p style=\"text-align: justify;\">Para\u00a0<strong>Marina Crocomo<\/strong>,\u00a0<strong>diretora de Marketing e Design da Dexco<\/strong>, o estudo ser\u00e1 uma ferramenta essencial para apoiar com mais for\u00e7a os lan\u00e7amentos de produtos da companhia, para que as marcas possam oferecer solu\u00e7\u00f5es ainda mais conectadas \u00e0s necessidades dos consumidores. Um dos pontos de enfoque tem sido as vertentes de inclus\u00e3o e longevidade \u2013 n\u00e3o s\u00f3 para idosos, mas para qualquer pessoa com mobilidade reduzida.\n<\/p>\n<table class=\"v1image v1image_resized\" width=\"400\" align=\"center\">\n<tbody>\n<tr>\n<td><img decoding=\"async\" class=\"aligncenter\" src=\"https:\/\/s2308.pitch-releases.com\/8=ITN6QWNlNDNjpjci5SbvNmLslmdpN2bhNWdyR3cu92YhRGbh5mcvpGQvF2YhRWZypzMzgDOyIzNwETM6cmbw5CZ3czN4MjYhN2Y3gTMiZGNkFGM0E2MidTOwIGMlVTYmZkMlUTYmZkMlkzN2gTMGJTJ2IDMx8VL0ETLfpTM\" width=\"400\" \/><\/p>\n<table class=\"v1figcap\" border=\"0\" width=\"400\" cellspacing=\"0\" cellpadding=\"0\" align=\"center\">\n<tbody>\n<tr class=\"v1tr001\">\n<td width=\"400\">Cr\u00e9dito: Rafael Renzo (divulga\u00e7\u00e3o Dexco)<\/td>\n<\/tr>\n<\/tbody>\n<\/table>\n<\/td>\n<\/tr>\n<\/tbody>\n<\/table>\n<p style=\"text-align: justify;\"><i>&#8220;J\u00e1 temos produtos de acessibilidade, como barras de apoio, n\u00e3o s\u00f3 para PCDs, mas para pessoas com qualquer tipo de limita\u00e7\u00e3o. Queremos que elas possam ter esses produtos com estilo, com o design e a cor que gostam. Independentemente da idade, do corpo, a Dexco quer ajudar a construir ambientes nos quais as pessoas se encontrem. Inclusive, vamos lan\u00e7ar na CasaCor em Bras\u00edlia, barras de acessibilidade da marca Deca que foram co-criadas com as arquitetas Flavia Ranieri e Mariana Quinelato, especializadas em gerontoarquitetura&#8221;<\/i>, conta a executiva.<\/p>\n<p style=\"text-align: justify;\">\n<p style=\"text-align: justify;\">Outra grande tend\u00eancia do morar est\u00e1 relacionada \u00e0 conectividade. O conceito representa a automa\u00e7\u00e3o da casa com tecnologia, que facilita o dia a dia dos moradores. Segundo o estudo,\u00a0<strong>57% da popula\u00e7\u00e3o brasileira acredita que tecnologias em smart homes ganhar\u00e3o mais espa\u00e7o e ter\u00e3o mais impacto sobre suas vidas nos pr\u00f3ximos anos<\/strong>.\u00a0<strong>E 80% dos brasileiros acreditam que a prioridade na Internet das Coisas deve ser em seguran\u00e7a e no monitoramento das resid\u00eancias<\/strong>\u00a0(Fonte: GFK). Essa conectividade tamb\u00e9m deve ser entendida no sentido mais amplo da palavra, representando uma conex\u00e3o com a sustentabilidade e preserva\u00e7\u00e3o da natureza, com pr\u00e1ticas mais equilibradas.<\/p>\n<p style=\"text-align: justify;\">\n<p style=\"text-align: justify;\">Inclusive, dados da YouGov, grupo internacional de pesquisa, mostram que\u00a0<strong>60% dos consumidores est\u00e3o dispostos a mudar o estilo de vida para beneficiar o meio ambiente<\/strong>\u00a0<strong>e<\/strong>\u00a0<strong>89% das pessoas acham importante comprar ou alugar uma casa com efici\u00eancia energ\u00e9tica<\/strong>. Hoje em dia, h\u00e1 uma consci\u00eancia global de que \u00e9 urgente mudar o foco em rela\u00e7\u00e3o \u00e0 casa: de pr\u00e1ticas que causam menos danos para solu\u00e7\u00f5es que contribuem para ecossistemas mais saud\u00e1veis.<\/p>\n<p style=\"text-align: justify;\">\n<i>&#8220;A tecnologia tem sido um importante bra\u00e7o para alcan\u00e7ar os objetivos de preserva\u00e7\u00e3o de recursos naturais como a \u00e1gua, por exemplo. Produtos como torneiras, bacias, chuveiros economizadores de \u00e1gua e energia, v\u00e3o bem com os consumidores e, ao mesmo tempo, promovem o bem-estar. A casa do futuro vai ser uma casa racional, onde a gente vai ter automa\u00e7\u00e3o e baixa manuten\u00e7\u00e3o. A \u00e1gua de chuva cada vez mais vai ser reutilizada&#8221;,<\/i>\u00a0diz\u00a0<strong>Marina Crocomo, diretora de Marketing e Design da Dexco<\/strong>.<\/p>\n<p style=\"text-align: justify;\">\n<p style=\"text-align: justify;\">De acordo com\u00a0<strong>Crocomo<\/strong>, o estudo mostra que as pessoas tomaram consci\u00eancia, p\u00f3s pandemia, de que \u00e9 a nossa casa a grande fonte do nosso bem-estar f\u00edsico, mental e social.\u00a0<i>&#8220;As pessoas viram o tanto que o lar poderia oferecer e est\u00e3o percebendo, cada vez mais, que a casa materializa a identidade de quem ali habita, tornando-se testemunha de uma hist\u00f3ria vivida&#8221;,<\/i>\u00a0completa.<\/p>\n<p style=\"text-align: justify;\">\n<p style=\"text-align: justify;\">No pano de fundo dessa profunda identidade, cinco grandes tend\u00eancias e comportamentos de consumo devem se manifestar daqui pra frente, por meio das quais pode ser enxergado o morar do futuro:\u00a0<strong>1) Networked home,\u00a0<\/strong>ou casa conectada com a vida produtiva e adaptada para o trabalho remoto;\u00a0<strong>2) Homejoy,<\/strong>\u00a0ou moradias prop\u00edcias ao entretenimento, \u00e0 divers\u00e3o e a receber amigos e fam\u00edlia;\u00a0<strong>3)<\/strong>\u00a0<strong>Bem-estar em casa<\/strong>, que \u00e9 a tend\u00eancia da busca por ambientes tranquilos, reconfortantes, para acalmar a ansiedade, com espa\u00e7os residenciais adaptados para evocar serenidade;\u00a0<strong>4) Biofilia radical,<\/strong>\u00a0que significa o movimento de trazer a vida para dentro de casa; e\u00a0<strong>5) Vivendo com fluidez<\/strong>, que se relaciona com a adaptabilidade dos espa\u00e7os, que devem ser multifuncionais, valorizados por m\u00f3veis vers\u00e1teis e modulares, com alturas regul\u00e1veis, que permitam ajustes ergon\u00f4micos e atendam a pessoas de idades e necessidades diferentes.<\/p>\n<p><i>&#8220;Em s\u00edntese, o lar est\u00e1 se tornando, cada vez mais, um espa\u00e7o multifuncional. Precisamos entender como a casa se reconfigura, j\u00e1 que agora ela \u00e9 o centro das conex\u00f5es e muitas coisas podem acontecer dentro dela. De dia ela \u00e9 escrit\u00f3rio, o morador pode trabalhar de qualquer lugar, sentado no sof\u00e1, no jardim de inverno da casa ou pode trabalhar no quarto, e \u00e0 noite ele recebe pessoas para confraternizar no mesmo local. Ent\u00e3o, queremos conseguir antecipar o m\u00e1ximo desse futuro para a vida das pessoas&#8221;,<\/i>\u00a0diz\u00a0<strong>Mateus<\/strong>.<\/p>\n<p>&nbsp;<\/p>\n<p>Ainda de acordo com o estudo,\u00a0<strong>54% das pessoas acreditam que o aspecto mais importante do lar \u00e9 a capacidade de celebrar e relaxar<\/strong>. Definitivamente, precisamos de espa\u00e7os compartilhados para celebrar a vida e lugares que unam as pessoas para criar mem\u00f3rias duradouras e que as ajudem a amar cada vez mais suas casas.<\/p>\n<p>&nbsp;<\/p>\n<p><i>&#8220;Pensando especialmente nos lares que acomodam v\u00e1rias gera\u00e7\u00f5es, \u00e9 preciso ter um equil\u00edbrio entre o social e o privado \u2013 ambientes que promovam o conv\u00edvio entre todos os integrantes da casa, mas que ainda respeitem seus universos particulares. Pensar nas diferentes necessidades dos consumidores pode parecer trivial, mas \u00e9 um desafio importante do setor de casa e constru\u00e7\u00e3o e faz parte da estrat\u00e9gia da Dexco e das nossas marcas&#8221;,\u00a0<\/i>conclui\u00a0<strong>Marina<\/strong>.<\/p>\n","protected":false},"excerpt":{"rendered":"<p>Depois de um longo per\u00edodo de ansiedade, se sentir feliz em casa se tornou um dos aspectos mais importantes e tamb\u00e9m um desafio S\u00e3o Paulo, agosto de 2023\u00a0\u2013 Antes da pandemia, a casa era vista como um local de passagem. Durante a crise, a vida precisou caber dentro de casa, e hoje, ela desempenha m\u00faltiplos [&hellip;]<\/p>\n","protected":false},"author":1,"featured_media":22159,"comment_status":"open","ping_status":"open","sticky":false,"template":"","format":"standard","meta":{"_uag_custom_page_level_css":"","footnotes":""},"categories":[28],"tags":[24708,25602,25601],"class_list":["post-22158","post","type-post","status-publish","format-standard","has-post-thumbnail","hentry","category-arquitetura","tag-casaedecoracao","tag-casacor2023","tag-dexco-casa-e-decoracao"],"blocksy_meta":[],"spectra_blocks_featured_image_url":{"thumbnail":{"url":"https:\/\/construcaocivil.siriusmarketingedesign.com.br\/wp-content\/uploads\/2023\/08\/handler-4-150x150.png","width":150,"height":150},"medium":{"url":"https:\/\/construcaocivil.siriusmarketingedesign.com.br\/wp-content\/uploads\/2023\/08\/handler-4-300x200.png","width":300,"height":200},"medium_large":{"url":"https:\/\/construcaocivil.siriusmarketingedesign.com.br\/wp-content\/uploads\/2023\/08\/handler-4-768x512.png","width":768,"height":512},"large":{"url":"https:\/\/construcaocivil.siriusmarketingedesign.com.br\/wp-content\/uploads\/2023\/08\/handler-4-1024x683.png","width":1024,"height":683},"full":{"url":"https:\/\/construcaocivil.siriusmarketingedesign.com.br\/wp-content\/uploads\/2023\/08\/handler-4.png","width":5455,"height":3637}},"spectra_blocks_author_info":{"display_name":"Jornal da Constru\u00e7\u00e3o Civil","avatar_url":"https:\/\/secure.gravatar.com\/avatar\/973c9774fd44ddaceb026973c4962faa70fc512bc4c9da68e8ebb40fecee6540?s=96&d=mm&r=g","author_link":"https:\/\/construcaocivil.siriusmarketingedesign.com.br\/?author=1","description":"Desde de 2013, levando muitas informa\u00e7\u00f5es, lan\u00e7amentos e produtos de qualidade para toda cadeia produtiva da constru\u00e7\u00e3o. O Futuro da constru\u00e7\u00e3o passa por aqui,"},"uagb_featured_image_src":{"full":["https:\/\/construcaocivil.siriusmarketingedesign.com.br\/wp-content\/uploads\/2023\/08\/handler-4.png",5455,3637,false],"thumbnail":["https:\/\/construcaocivil.siriusmarketingedesign.com.br\/wp-content\/uploads\/2023\/08\/handler-4-150x150.png",150,150,true],"medium":["https:\/\/construcaocivil.siriusmarketingedesign.com.br\/wp-content\/uploads\/2023\/08\/handler-4-300x200.png",300,200,true],"medium_large":["https:\/\/construcaocivil.siriusmarketingedesign.com.br\/wp-content\/uploads\/2023\/08\/handler-4-768x512.png",768,512,true],"large":["https:\/\/construcaocivil.siriusmarketingedesign.com.br\/wp-content\/uploads\/2023\/08\/handler-4-1024x683.png",1024,683,true],"1536x1536":["https:\/\/construcaocivil.siriusmarketingedesign.com.br\/wp-content\/uploads\/2023\/08\/handler-4-1536x1024.png",1536,1024,true],"2048x2048":["https:\/\/construcaocivil.siriusmarketingedesign.com.br\/wp-content\/uploads\/2023\/08\/handler-4-2048x1365.png",2048,1365,true]},"uagb_author_info":{"display_name":"Jornal da Constru\u00e7\u00e3o Civil","author_link":"https:\/\/construcaocivil.siriusmarketingedesign.com.br\/?author=1"},"uagb_comment_info":0,"uagb_excerpt":"Depois de um longo per\u00edodo de ansiedade, se sentir feliz em casa se tornou um dos aspectos mais importantes e tamb\u00e9m um desafio S\u00e3o Paulo, agosto de 2023\u00a0\u2013 Antes da pandemia, a casa era vista como um local de passagem. Durante a crise, a vida precisou caber dentro de casa, e hoje, ela desempenha m\u00faltiplos&hellip;","_links":{"self":[{"href":"https:\/\/construcaocivil.siriusmarketingedesign.com.br\/index.php?rest_route=\/wp\/v2\/posts\/22158","targetHints":{"allow":["GET"]}}],"collection":[{"href":"https:\/\/construcaocivil.siriusmarketingedesign.com.br\/index.php?rest_route=\/wp\/v2\/posts"}],"about":[{"href":"https:\/\/construcaocivil.siriusmarketingedesign.com.br\/index.php?rest_route=\/wp\/v2\/types\/post"}],"author":[{"embeddable":true,"href":"https:\/\/construcaocivil.siriusmarketingedesign.com.br\/index.php?rest_route=\/wp\/v2\/users\/1"}],"replies":[{"embeddable":true,"href":"https:\/\/construcaocivil.siriusmarketingedesign.com.br\/index.php?rest_route=%2Fwp%2Fv2%2Fcomments&post=22158"}],"version-history":[{"count":0,"href":"https:\/\/construcaocivil.siriusmarketingedesign.com.br\/index.php?rest_route=\/wp\/v2\/posts\/22158\/revisions"}],"wp:featuredmedia":[{"embeddable":true,"href":"https:\/\/construcaocivil.siriusmarketingedesign.com.br\/index.php?rest_route=\/wp\/v2\/media\/22159"}],"wp:attachment":[{"href":"https:\/\/construcaocivil.siriusmarketingedesign.com.br\/index.php?rest_route=%2Fwp%2Fv2%2Fmedia&parent=22158"}],"wp:term":[{"taxonomy":"category","embeddable":true,"href":"https:\/\/construcaocivil.siriusmarketingedesign.com.br\/index.php?rest_route=%2Fwp%2Fv2%2Fcategories&post=22158"},{"taxonomy":"post_tag","embeddable":true,"href":"https:\/\/construcaocivil.siriusmarketingedesign.com.br\/index.php?rest_route=%2Fwp%2Fv2%2Ftags&post=22158"}],"curies":[{"name":"wp","href":"https:\/\/api.w.org\/{rel}","templated":true}]}}