{"id":22163,"date":"2023-08-03T16:10:49","date_gmt":"2023-08-03T19:10:49","guid":{"rendered":"https:\/\/www.jornaldaconstrucaocivil.com.br\/?p=22163"},"modified":"2023-08-03T16:10:49","modified_gmt":"2023-08-03T19:10:49","slug":"habitacao-prazo-para-apresentacao-de-propostas-para-contratacao-de-novas-moradias-do-mcmv-foi-ampliado","status":"publish","type":"post","link":"https:\/\/construcaocivil.siriusmarketingedesign.com.br\/?p=22163","title":{"rendered":"Habita\u00e7\u00e3o: Prazo para apresenta\u00e7\u00e3o de propostas para contrata\u00e7\u00e3o de novas moradias do MCMV foi ampliado"},"content":{"rendered":"<div class=\"documentDescription\" style=\"text-align: justify;\"><span style=\"color: #993300;\"><em><strong>O sistema foi reaberto pela CAIXA ap\u00f3s intensa procura das prefeituras e construtoras de todo pa\u00eds. O novo prazo \u00e9 11 de agosto<\/strong><\/em><\/span><\/div>\n<p style=\"text-align: justify;\">Bras\u00edlia (DF) &#8211; As propostas de empreendimentos do programa Minha Casa, Minha Vida (MCMV) com recursos do Fundo de Arrendamento Residencial (FAR) voltaram a ser cadastradas normalmente a partir desta ter\u00e7a-feira (1\u00ba) na CAIXA. As prefeituras e as construtoras interessadas na constru\u00e7\u00e3o de moradias em \u00e1rea urbana de todos os estados e Distrito Federal ter\u00e3o at\u00e9 11 de agosto para apresenta\u00e7\u00e3o das propostas neste\u00a0<a class=\"external-link\" title=\"\" href=\"https:\/\/atenderhabitacao.caixa.gov.br\/\" target=\"_blank\" rel=\"noopener\" data-tippreview-enabled=\"false\" data-tippreview-image=\"\" data-tippreview-title=\"\">link<\/a>.<\/p>\n<p style=\"text-align: justify;\">A contrata\u00e7\u00e3o de novos im\u00f3veis pelo MCMV pelo FAR \u00e9 destinada a fam\u00edlias com renda de at\u00e9 R$ 2.640,00. Est\u00e3o previstas at\u00e9 130 mil unidades habitacionais em todo pa\u00eds.<\/p>\n<p style=\"text-align: justify;\">O recebimento de propostas pela CAIXA, iniciado em 3 de julho de 2023, foi temporariamente suspenso devido \u00e0 intensa procura para participar do programa. Com o avan\u00e7o das an\u00e1lises e das vistorias dos terrenos, o sistema foi reaberto para novas inclus\u00f5es.\u00a0 Ao t\u00e9rmino desse prazo, a plataforma permanecer\u00e1 dispon\u00edvel para as UF que ainda n\u00e3o tenham alcan\u00e7ado o enquadramento de 120% (cento e vinte por cento) de sua meta de contrata\u00e7\u00e3o.<\/p>\n<p style=\"text-align: justify;\">A\u00a0<a class=\"external-link\" title=\"\" href=\"https:\/\/www.in.gov.br\/en\/web\/dou\/-\/portaria-mcid-n-727-de-15-de-junho-de-2023-490410212\" target=\"_blank\" rel=\"noopener\" data-tippreview-enabled=\"false\" data-tippreview-image=\"\" data-tippreview-title=\"\">portaria n\u00ba 727, de 15 de junho de 2023<\/a>, disponibiliza a meta por UF, de acordo com o crit\u00e9rio do d\u00e9ficit habitacional para fam\u00edlias com renda de at\u00e9 um sal\u00e1rio-m\u00ednimo, calculado pela Funda\u00e7\u00e3o Jo\u00e3o Pinheiro em 2019. Foi estabelecida uma quantidade m\u00ednima de mil habita\u00e7\u00f5es. Os valores para aquisi\u00e7\u00e3o dessas resid\u00eancias ir\u00e3o variar de R$ 130 mil a R$ 170 mil, dependendo do porte populacional do munic\u00edpio e do padr\u00e3o de inser\u00e7\u00e3o urbana do terreno.<\/p>\n<p style=\"text-align: justify;\"><strong>Maior programa habitacional do Brasil<\/strong><\/p>\n<p style=\"text-align: justify;\">O MCMV foi retomado pelo Governo Federal, sob a gest\u00e3o do Minist\u00e9rio das Cidades, no m\u00eas de fevereiro e a lei sancionada pelo presidente Lula no \u00faltimo dia 13 de julho. O maior programa de habita\u00e7\u00e3o do Brasil tem como meta contratar dois milh\u00f5es de novas unidades at\u00e9 2026.<\/p>\n<p style=\"text-align: justify;\">Em oito meses, j\u00e1 foram entregues mais de dez mil moradias nos estados da Bahia, Cear\u00e1, Goi\u00e1s, Maranh\u00e3o, Minas Gerais, Mato Grosso, Par\u00e1, Para\u00edba, Pernambuco, Paran\u00e1, Rio de Janeiro, Rio Grande do Sul, S\u00e3o Paulo e Tocantins. O investimento ultrapassa R$ 1,1 bilh\u00e3o em benef\u00edcio de 40 mil brasileiros.<\/p>\n<p style=\"text-align: justify;\">O programa iniciado em 2009 tem por finalidade promover o direito \u00e0 moradia a fam\u00edlias residentes em \u00e1reas urbanas e rurais, sobretudo da popula\u00e7\u00e3o mais carente, associado ao desenvolvimento urbano e econ\u00f4mico, \u00e0 gera\u00e7\u00e3o de trabalho e de renda e \u00e0 eleva\u00e7\u00e3o de qualidade de vida da popula\u00e7\u00e3o.<\/p>\n<p style=\"text-align: justify;\">\n<p style=\"text-align: justify;\">Fonte: Minist\u00e9rio das Cidades<\/p>\n<p style=\"text-align: justify;\">\n<div id=\"viewlet-above-content-body\" style=\"text-align: justify;\"><\/div>\n","protected":false},"excerpt":{"rendered":"<p>O sistema foi reaberto pela CAIXA ap\u00f3s intensa procura das prefeituras e construtoras de todo pa\u00eds. O novo prazo \u00e9 11 de agosto Bras\u00edlia (DF) &#8211; As propostas de empreendimentos do programa Minha Casa, Minha Vida (MCMV) com recursos do Fundo de Arrendamento Residencial (FAR) voltaram a ser cadastradas normalmente a partir desta ter\u00e7a-feira (1\u00ba) [&hellip;]<\/p>\n","protected":false},"author":1,"featured_media":22164,"comment_status":"open","ping_status":"open","sticky":false,"template":"","format":"standard","meta":{"_uag_custom_page_level_css":"","footnotes":""},"categories":[30],"tags":[24675,25603,24757,1675,5729,7713],"class_list":["post-22163","post","type-post","status-publish","format-standard","has-post-thumbnail","hentry","category-imoveis","tag-minhacasaminhavida","tag-moraiaspopulares","tag-servicosdeengenharia","tag-caixa","tag-habitacao","tag-ministerio-das-cidades"],"blocksy_meta":[],"spectra_blocks_featured_image_url":{"thumbnail":{"url":"https:\/\/construcaocivil.siriusmarketingedesign.com.br\/wp-content\/uploads\/2023\/08\/94ca1e86-f96f-4bb5-978a-83dedd130d7b-150x150.jpeg","width":150,"height":150},"medium":{"url":"https:\/\/construcaocivil.siriusmarketingedesign.com.br\/wp-content\/uploads\/2023\/08\/94ca1e86-f96f-4bb5-978a-83dedd130d7b-300x173.jpeg","width":300,"height":173},"medium_large":{"url":"https:\/\/construcaocivil.siriusmarketingedesign.com.br\/wp-content\/uploads\/2023\/08\/94ca1e86-f96f-4bb5-978a-83dedd130d7b.jpeg","width":768,"height":444},"large":{"url":"https:\/\/construcaocivil.siriusmarketingedesign.com.br\/wp-content\/uploads\/2023\/08\/94ca1e86-f96f-4bb5-978a-83dedd130d7b.jpeg","width":768,"height":444},"full":{"url":"https:\/\/construcaocivil.siriusmarketingedesign.com.br\/wp-content\/uploads\/2023\/08\/94ca1e86-f96f-4bb5-978a-83dedd130d7b.jpeg","width":768,"height":444}},"spectra_blocks_author_info":{"display_name":"Jornal da Constru\u00e7\u00e3o Civil","avatar_url":"https:\/\/secure.gravatar.com\/avatar\/973c9774fd44ddaceb026973c4962faa70fc512bc4c9da68e8ebb40fecee6540?s=96&d=mm&r=g","author_link":"https:\/\/construcaocivil.siriusmarketingedesign.com.br\/?author=1","description":"Desde de 2013, levando muitas informa\u00e7\u00f5es, lan\u00e7amentos e produtos de qualidade para toda cadeia produtiva da constru\u00e7\u00e3o. O Futuro da constru\u00e7\u00e3o passa por aqui,"},"uagb_featured_image_src":{"full":["https:\/\/construcaocivil.siriusmarketingedesign.com.br\/wp-content\/uploads\/2023\/08\/94ca1e86-f96f-4bb5-978a-83dedd130d7b.jpeg",768,444,false],"thumbnail":["https:\/\/construcaocivil.siriusmarketingedesign.com.br\/wp-content\/uploads\/2023\/08\/94ca1e86-f96f-4bb5-978a-83dedd130d7b-150x150.jpeg",150,150,true],"medium":["https:\/\/construcaocivil.siriusmarketingedesign.com.br\/wp-content\/uploads\/2023\/08\/94ca1e86-f96f-4bb5-978a-83dedd130d7b-300x173.jpeg",300,173,true],"medium_large":["https:\/\/construcaocivil.siriusmarketingedesign.com.br\/wp-content\/uploads\/2023\/08\/94ca1e86-f96f-4bb5-978a-83dedd130d7b.jpeg",768,444,false],"large":["https:\/\/construcaocivil.siriusmarketingedesign.com.br\/wp-content\/uploads\/2023\/08\/94ca1e86-f96f-4bb5-978a-83dedd130d7b.jpeg",768,444,false],"1536x1536":["https:\/\/construcaocivil.siriusmarketingedesign.com.br\/wp-content\/uploads\/2023\/08\/94ca1e86-f96f-4bb5-978a-83dedd130d7b.jpeg",768,444,false],"2048x2048":["https:\/\/construcaocivil.siriusmarketingedesign.com.br\/wp-content\/uploads\/2023\/08\/94ca1e86-f96f-4bb5-978a-83dedd130d7b.jpeg",768,444,false]},"uagb_author_info":{"display_name":"Jornal da Constru\u00e7\u00e3o Civil","author_link":"https:\/\/construcaocivil.siriusmarketingedesign.com.br\/?author=1"},"uagb_comment_info":0,"uagb_excerpt":"O sistema foi reaberto pela CAIXA ap\u00f3s intensa procura das prefeituras e construtoras de todo pa\u00eds. O novo prazo \u00e9 11 de agosto Bras\u00edlia (DF) &#8211; As propostas de empreendimentos do programa Minha Casa, Minha Vida (MCMV) com recursos do Fundo de Arrendamento Residencial (FAR) voltaram a ser cadastradas normalmente a partir desta ter\u00e7a-feira (1\u00ba)&hellip;","_links":{"self":[{"href":"https:\/\/construcaocivil.siriusmarketingedesign.com.br\/index.php?rest_route=\/wp\/v2\/posts\/22163","targetHints":{"allow":["GET"]}}],"collection":[{"href":"https:\/\/construcaocivil.siriusmarketingedesign.com.br\/index.php?rest_route=\/wp\/v2\/posts"}],"about":[{"href":"https:\/\/construcaocivil.siriusmarketingedesign.com.br\/index.php?rest_route=\/wp\/v2\/types\/post"}],"author":[{"embeddable":true,"href":"https:\/\/construcaocivil.siriusmarketingedesign.com.br\/index.php?rest_route=\/wp\/v2\/users\/1"}],"replies":[{"embeddable":true,"href":"https:\/\/construcaocivil.siriusmarketingedesign.com.br\/index.php?rest_route=%2Fwp%2Fv2%2Fcomments&post=22163"}],"version-history":[{"count":0,"href":"https:\/\/construcaocivil.siriusmarketingedesign.com.br\/index.php?rest_route=\/wp\/v2\/posts\/22163\/revisions"}],"wp:featuredmedia":[{"embeddable":true,"href":"https:\/\/construcaocivil.siriusmarketingedesign.com.br\/index.php?rest_route=\/wp\/v2\/media\/22164"}],"wp:attachment":[{"href":"https:\/\/construcaocivil.siriusmarketingedesign.com.br\/index.php?rest_route=%2Fwp%2Fv2%2Fmedia&parent=22163"}],"wp:term":[{"taxonomy":"category","embeddable":true,"href":"https:\/\/construcaocivil.siriusmarketingedesign.com.br\/index.php?rest_route=%2Fwp%2Fv2%2Fcategories&post=22163"},{"taxonomy":"post_tag","embeddable":true,"href":"https:\/\/construcaocivil.siriusmarketingedesign.com.br\/index.php?rest_route=%2Fwp%2Fv2%2Ftags&post=22163"}],"curies":[{"name":"wp","href":"https:\/\/api.w.org\/{rel}","templated":true}]}}