{"id":22175,"date":"2023-08-05T10:01:33","date_gmt":"2023-08-05T13:01:33","guid":{"rendered":"https:\/\/www.jornaldaconstrucaocivil.com.br\/?p=22175"},"modified":"2023-08-05T10:01:33","modified_gmt":"2023-08-05T13:01:33","slug":"construsul-2023-mais-de-36-mil-visitantes-e-r-2-bilhoes-em-negocios-movimentaram-o-segmento-da-construcao","status":"publish","type":"post","link":"https:\/\/construcaocivil.siriusmarketingedesign.com.br\/?p=22175","title":{"rendered":"CONSTRUSUL 2023: Mais de 36 mil visitantes e R$ 2 Bilh\u00f5es em neg\u00f3cios movimentaram o segmento da constru\u00e7\u00e3o"},"content":{"rendered":"<div class=\"elementor-element elementor-element-f595fe3 elementor-widget elementor-widget-text-editor\" data-id=\"f595fe3\" data-element_type=\"widget\" data-widget_type=\"text-editor.default\">\n<div class=\"elementor-widget-container\">\n<p><span style=\"color: #993300;\"><strong><em>Ao longo de quatro dias de realiza\u00e7\u00e3o do evento, profissionais e empres\u00e1rios do setor puderam conhecer as novidades e fechar contratos<\/em><\/strong><\/span><\/p>\n<\/div>\n<\/div>\n<div class=\"elementor-element elementor-element-18ed527 elementor-widget elementor-widget-text-editor\" data-id=\"18ed527\" data-element_type=\"widget\" data-widget_type=\"text-editor.default\">\n<div class=\"elementor-widget-container\">\n<p><strong>A 24\u00aa edi\u00e7\u00e3o da Construsul \u2013 Feira Internacional da Constru\u00e7\u00e3o, realizada de 1 a 4 de agosto no Centro de Eventos FIERGS, em Porto Alegre, consolidou uma expectativa que j\u00e1 era de otimismo. O setor de constru\u00e7\u00e3o civil no Brasil tem apresentado um not\u00e1vel crescimento econ\u00f4mico nos \u00faltimos anos, impulsionado por diversos fatores. De acordo com dados do Instituto Brasileiro de Geografia e Estat\u00edstica (IBGE), o PIB da constru\u00e7\u00e3o civil cresceu 9,5% no segundo trimestre de 2023 em compara\u00e7\u00e3o com o mesmo per\u00edodo do ano anterior.<\/strong><\/p>\n<p>Esse desempenho positivo \u00e9 resultado, em parte, do aumento da demanda por habita\u00e7\u00e3o, impulsionado pelo crescimento da popula\u00e7\u00e3o e pela urbaniza\u00e7\u00e3o cont\u00ednua. A expans\u00e3o do cr\u00e9dito imobili\u00e1rio e a redu\u00e7\u00e3o das taxas de juros tamb\u00e9m t\u00eam estimulado o setor, facilitando o acesso \u00e0 compra de im\u00f3veis e incentivando a constru\u00e7\u00e3o e reforma de resid\u00eancias. Com esses fatores combinados, o setor de constru\u00e7\u00e3o civil tem se mostrado uma importante alavanca para o crescimento econ\u00f4mico do pa\u00eds, gerando empregos e movimentando a economia.<\/p>\n<\/div>\n<\/div>\n<div class=\"elementor-element elementor-element-817cc0d elementor-widget elementor-widget-gallery\" data-id=\"817cc0d\" data-element_type=\"widget\" data-settings=\"{&quot;columns&quot;:5,&quot;overlay_description&quot;:&quot;caption&quot;,&quot;lazyload&quot;:&quot;yes&quot;,&quot;gallery_layout&quot;:&quot;grid&quot;,&quot;columns_tablet&quot;:2,&quot;columns_mobile&quot;:1,&quot;gap&quot;:{&quot;unit&quot;:&quot;px&quot;,&quot;size&quot;:10,&quot;sizes&quot;:[]},&quot;gap_tablet&quot;:{&quot;unit&quot;:&quot;px&quot;,&quot;size&quot;:10,&quot;sizes&quot;:[]},&quot;gap_mobile&quot;:{&quot;unit&quot;:&quot;px&quot;,&quot;size&quot;:10,&quot;sizes&quot;:[]},&quot;link_to&quot;:&quot;file&quot;,&quot;aspect_ratio&quot;:&quot;3:2&quot;,&quot;overlay_background&quot;:&quot;yes&quot;,&quot;content_hover_animation&quot;:&quot;fade-in&quot;}\" data-widget_type=\"gallery.default\">\n<div class=\"elementor-widget-container\">\n<div class=\"elementor-gallery__container e-gallery-container e-gallery-grid e-gallery--ltr e-gallery--lazyload\">\n<div class=\"elementor elementor-1540 elementor-location-single post-3356 post type-post status-publish format-standard has-post-thumbnail hentry category-noticias\" data-elementor-type=\"single-post\" data-elementor-id=\"1540\">\n<div class=\"elementor-section-wrap\">\n<section class=\"elementor-section elementor-top-section elementor-element elementor-element-afcf1a7 elementor-section-boxed elementor-section-height-default elementor-section-height-default\" data-id=\"afcf1a7\" data-element_type=\"section\">\n<div class=\"elementor-container elementor-column-gap-default\">\n<div class=\"elementor-column elementor-col-100 elementor-top-column elementor-element elementor-element-4263594\" data-id=\"4263594\" data-element_type=\"column\">\n<div class=\"elementor-widget-wrap elementor-element-populated\">\n<div class=\"elementor-element elementor-element-054f7c0 elementor-widget elementor-widget-theme-post-content\" data-id=\"054f7c0\" data-element_type=\"widget\" data-widget_type=\"theme-post-content.default\">\n<div class=\"elementor-widget-container\">\n<div class=\"elementor elementor-3356\" data-elementor-type=\"wp-post\" data-elementor-id=\"3356\">\n<section class=\"elementor-section elementor-top-section elementor-element elementor-element-3ee4ba3 elementor-section-boxed elementor-section-height-default elementor-section-height-default\" data-id=\"3ee4ba3\" data-element_type=\"section\">\n<div class=\"elementor-container elementor-column-gap-default\">\n<div class=\"elementor-column elementor-col-100 elementor-top-column elementor-element elementor-element-d2403b1\" data-id=\"d2403b1\" data-element_type=\"column\">\n<div class=\"elementor-widget-wrap elementor-element-populated\">\n<div class=\"elementor-element elementor-element-3d35cb4 elementor-widget elementor-widget-text-editor\" data-id=\"3d35cb4\" data-element_type=\"widget\" data-widget_type=\"text-editor.default\">\n<div class=\"elementor-widget-container\">\n<p>\u201cAs empresas est\u00e3o se posicionando de forma bastante positiva em rela\u00e7\u00e3o ao crescimento das vendas em 2023, e pudemos perceber isso conversando com os expositores aqui na Construsul. A expectativa \u00e9 que tenhamos superado a marca de R$ 2 bilh\u00f5es em neg\u00f3cios\u201d, afirmou o diretor da Sul Eventos, Paulo Richter.<\/p>\n<p>A busca por tecnologias mais eficientes e sustent\u00e1veis tem levado \u00e0 ado\u00e7\u00e3o de sistemas construtivos mais modernos, como o uso de materiais e t\u00e9cnicas que visam reduzir o impacto ambiental e os custos de constru\u00e7\u00e3o. Entre as inova\u00e7\u00f5es desse tipo que atra\u00edram grande interesse do p\u00fablico estava a impressora 3D da 3D Printek, capaz de construir edifica\u00e7\u00f5es com cimento.<\/p>\n<p>\u201cA tecnologia imprime uma parede oca, na qual posteriormente inserimos um concreto leve para garantir prote\u00e7\u00e3o t\u00e9rmica e ac\u00fastica. O mais impressionante \u00e9 que a pr\u00f3pria parede se torna a estrutura da casa, eliminando a necessidade de colunas e vigas. Isso torna o processo extremamente \u00e1gil e seguro. Imagine a possibilidade de construir um posto de atendimento em tempo recorde. A constru\u00e7\u00e3o \u00e9 feita por apenas duas pessoas, uma delas controlando o processo por um tablet enquanto a outra opera a m\u00e1quina de impress\u00e3o. Toda a constru\u00e7\u00e3o acontece \u00e0 sombra, sem exposi\u00e7\u00e3o ao sol e sem a necessidade de muitas ferramentas. Al\u00e9m de todos esses benef\u00edcios, essa tecnologia tamb\u00e9m \u00e9 ecologicamente consciente, pois reduz a emiss\u00e3o de CO\u2082, uma vez que elimina o uso de madeira na obra\u201d, explicou o diretor da empresa, Sergio Chapochnicoff.<\/p>\n<p>Para o diretor da Sul Eventos, Ricardo Richter, segmentos que sempre foram importantes, como de m\u00e1quinas e ferramentas, permaneceram muito fortes. No entanto, houve um crescimento de empresas do ramo qu\u00edmico e de decora\u00e7\u00e3o.<\/p>\n<p>\u201cPercebemos uma presen\u00e7a expressiva de lojistas presentes no evento, o que mostra um grande interesse de empres\u00e1rios na busca de informa\u00e7\u00f5es sobre produtos que impulsionem as vendas em seus estabelecimentos. A constru\u00e7\u00e3o tem inova\u00e7\u00e3o constante e essa atualiza\u00e7\u00e3o \u00e9 fundamental\u201d, declarou.<\/p>\n<p>Participante desde a primeira edi\u00e7\u00e3o da Construsul, a Torri Engenharia colhe os frutos de um trabalho intenso de intera\u00e7\u00e3o com os clientes e com o p\u00fablico. O diretor da empresa, Nabor Torri, afirma que o evento de 2023 superou as expectativas.<\/p>\n<p>\u201cAs empresas n\u00e3o devem se contentar apenas em tratar os clientes como meros compradores. \u00c9 isso que sempre procuramos fazer. \u00c9 preciso trazer novidades e inova\u00e7\u00f5es para o evento. A Construsul tamb\u00e9m desempenha um papel importante de promover encontros entre diversas entidades e empresas do setor, possibilitando reuni\u00f5es estrat\u00e9gicas e alinhamentos do setor\u201d, afirmou.<\/p>\n<p>A repercuss\u00e3o tamb\u00e9m foi positiva para o CEO da Soprano, Danny Siekierski.<\/p>\n<p>\u201cA Construsul \u00e9 uma feira que a Soprano faz quest\u00e3o de participar regularmente. Neste ano percebemos muitos visitantes no nosso espa\u00e7o, com possibilidade de fechamento de v\u00e1rios neg\u00f3cios. Para n\u00f3s, o grande diferencial \u00e9 a qualidade dos visitantes: s\u00e3o clientes direcionados e qualificados para o nosso segmento\u201d, declarou.<\/p>\n<p>Na opini\u00e3o do presidente do Sinduscon-RS, Claudio Teitelbaum, a Construsul representa uma oportunidade rica de consolida\u00e7\u00e3o de neg\u00f3cios.<\/p>\n<p>\u201cA constru\u00e7\u00e3o tem um n\u00edvel de empregabilidade e gera\u00e7\u00e3o de renda importante, e a Construsul \u00e9 um momento de consolida\u00e7\u00e3o desse movimento. S\u00e3o gerados neg\u00f3cios e acontece uma aproxima\u00e7\u00e3o da cadeia produtiva\u201d, disse.<\/p>\n<p><strong>Qualifica\u00e7\u00e3o profissional<\/strong><\/p>\n<p>Outro aspecto que chamou a aten\u00e7\u00e3o foi a grande presen\u00e7a de profissionais em busca de aprendizado. Al\u00e9m de engenheiros e arquitetos, profissionais dedicados \u00e0 opera\u00e7\u00e3o tamb\u00e9m estiveram presentes. A presen\u00e7a do Ex\u00e9rcito, que enviou profissionais para aprimorar t\u00e9cnicas de pintura, mostrou a import\u00e2ncia do evento para este fim.<\/p>\n<p>\u201cA Construsul, para quem trabalha na constru\u00e7\u00e3o civil, como eu, que tenho contato com a \u00e1rea desde antes de me formar, \u00e9 um para\u00edso\u201d, refor\u00e7ou a presidente do Conselho Regional de Engenharia e Agronomia do Rio Grande do Sul\u2013Crea-RS, que prestigiou o evento, Nanci Walter.<\/p>\n<p>Os expositores, atentos \u00e0 import\u00e2ncia da qualifica\u00e7\u00e3o de profissionais no uso de diversos produtos, ofereceram simula\u00e7\u00f5es t\u00e9cnicas e at\u00e9 mesmo de entretenimento, na qual podiam sair com brindes aqueles que conseguissem atingir melhores resultados em pequenos exerc\u00edcios de simula\u00e7\u00e3o de pintura ou lixa, por exemplo. As a\u00e7\u00f5es puderam ser conferidas em estandes como a Vonder, Worker, Einhell \u00c2ncora e Dry Levis, entre outros.<\/p>\n<p><strong>Construsul \u2013 24\u00aa Feira Internacional da Constru\u00e7\u00e3o<\/strong><\/p>\n<p>Data: 1 a 4 de agosto de 2023<br \/>\nHor\u00e1rio: Das 13h \u00e0s 21h<br \/>\nLocal: Pavilh\u00e3o do Centro de Eventos FIERGS<br \/>\nEndere\u00e7o: Av. Assis Brasil, 8787 \u2013 Sarandi, Porto Alegre\/RS<br \/>\nMais informa\u00e7\u00f5es:\u00a0<a href=\"https:\/\/click.presskit.com.br\/url\/9614142006\/10200865f58\">https:\/\/feiraconstrusul.com.br\/home\/<\/a><\/p>\n<p><span style=\"color: #ff6600;\">Reda\u00e7\u00e3o e coordena\u00e7\u00e3o: Marcelo Matusiak<\/span><\/p>\n<\/div>\n<\/div>\n<\/div>\n<\/div>\n<\/div>\n<\/section>\n<\/div>\n<\/div>\n<\/div>\n<\/div>\n<\/div>\n<\/div>\n<\/section>\n<\/div>\n<\/div>\n<div class=\"elementor elementor-80 elementor-location-footer\" data-elementor-type=\"footer\" data-elementor-id=\"80\">\n<div class=\"elementor-section-wrap\">\n<section class=\"elementor-section elementor-top-section elementor-element elementor-element-5ba9c9c elementor-section-boxed elementor-section-height-default elementor-section-height-default\" data-id=\"5ba9c9c\" data-element_type=\"section\">\n<div class=\"elementor-container elementor-column-gap-default\">\n<div class=\"elementor-column elementor-col-100 elementor-top-column elementor-element elementor-element-fae7c6e\" data-id=\"fae7c6e\" data-element_type=\"column\">\n<div class=\"elementor-widget-wrap elementor-element-populated\">\n<div class=\"elementor-element elementor-element-1009ca3 elementor-widget elementor-widget-heading\" data-id=\"1009ca3\" data-element_type=\"widget\" data-widget_type=\"heading.default\">\n<div class=\"elementor-widget-container\"><\/div>\n<\/div>\n<\/div>\n<\/div>\n<\/div>\n<\/section>\n<\/div>\n<\/div>\n<\/div>\n<\/div>\n<\/div>\n","protected":false},"excerpt":{"rendered":"<p>Ao longo de quatro dias de realiza\u00e7\u00e3o do evento, profissionais e empres\u00e1rios do setor puderam conhecer as novidades e fechar contratos A 24\u00aa edi\u00e7\u00e3o da Construsul \u2013 Feira Internacional da Constru\u00e7\u00e3o, realizada de 1 a 4 de agosto no Centro de Eventos FIERGS, em Porto Alegre, consolidou uma expectativa que j\u00e1 era de otimismo. O [&hellip;]<\/p>\n","protected":false},"author":1,"featured_media":22176,"comment_status":"open","ping_status":"open","sticky":false,"template":"","format":"standard","meta":{"_uag_custom_page_level_css":"","footnotes":""},"categories":[33],"tags":[24708,25611,25610,24624,25612],"class_list":["post-22175","post","type-post","status-publish","format-standard","has-post-thumbnail","hentry","category-mercado","tag-casaedecoracao","tag-ferramentaseletricas","tag-obrasereformas","tag-servicosdeobras","tag-feiraconstrusul"],"blocksy_meta":[],"spectra_blocks_featured_image_url":{"thumbnail":{"url":"https:\/\/construcaocivil.siriusmarketingedesign.com.br\/wp-content\/uploads\/2023\/08\/426326_1071318__2oitoconteudo_01_7708-scaled-1-150x150.webp","width":150,"height":150},"medium":{"url":"https:\/\/construcaocivil.siriusmarketingedesign.com.br\/wp-content\/uploads\/2023\/08\/426326_1071318__2oitoconteudo_01_7708-scaled-1-300x200.webp","width":300,"height":200},"medium_large":{"url":"https:\/\/construcaocivil.siriusmarketingedesign.com.br\/wp-content\/uploads\/2023\/08\/426326_1071318__2oitoconteudo_01_7708-scaled-1-768x511.webp","width":768,"height":511},"large":{"url":"https:\/\/construcaocivil.siriusmarketingedesign.com.br\/wp-content\/uploads\/2023\/08\/426326_1071318__2oitoconteudo_01_7708-scaled-1-1024x681.webp","width":1024,"height":681},"full":{"url":"https:\/\/construcaocivil.siriusmarketingedesign.com.br\/wp-content\/uploads\/2023\/08\/426326_1071318__2oitoconteudo_01_7708-scaled-1.webp","width":2560,"height":1703}},"spectra_blocks_author_info":{"display_name":"Jornal da Constru\u00e7\u00e3o Civil","avatar_url":"https:\/\/secure.gravatar.com\/avatar\/973c9774fd44ddaceb026973c4962faa70fc512bc4c9da68e8ebb40fecee6540?s=96&d=mm&r=g","author_link":"https:\/\/construcaocivil.siriusmarketingedesign.com.br\/?author=1","description":"Desde de 2013, levando muitas informa\u00e7\u00f5es, lan\u00e7amentos e produtos de qualidade para toda cadeia produtiva da constru\u00e7\u00e3o. O Futuro da constru\u00e7\u00e3o passa por aqui,"},"uagb_featured_image_src":{"full":["https:\/\/construcaocivil.siriusmarketingedesign.com.br\/wp-content\/uploads\/2023\/08\/426326_1071318__2oitoconteudo_01_7708-scaled-1.webp",2560,1703,false],"thumbnail":["https:\/\/construcaocivil.siriusmarketingedesign.com.br\/wp-content\/uploads\/2023\/08\/426326_1071318__2oitoconteudo_01_7708-scaled-1-150x150.webp",150,150,true],"medium":["https:\/\/construcaocivil.siriusmarketingedesign.com.br\/wp-content\/uploads\/2023\/08\/426326_1071318__2oitoconteudo_01_7708-scaled-1-300x200.webp",300,200,true],"medium_large":["https:\/\/construcaocivil.siriusmarketingedesign.com.br\/wp-content\/uploads\/2023\/08\/426326_1071318__2oitoconteudo_01_7708-scaled-1-768x511.webp",768,511,true],"large":["https:\/\/construcaocivil.siriusmarketingedesign.com.br\/wp-content\/uploads\/2023\/08\/426326_1071318__2oitoconteudo_01_7708-scaled-1-1024x681.webp",1024,681,true],"1536x1536":["https:\/\/construcaocivil.siriusmarketingedesign.com.br\/wp-content\/uploads\/2023\/08\/426326_1071318__2oitoconteudo_01_7708-scaled-1-1536x1022.webp",1536,1022,true],"2048x2048":["https:\/\/construcaocivil.siriusmarketingedesign.com.br\/wp-content\/uploads\/2023\/08\/426326_1071318__2oitoconteudo_01_7708-scaled-1-2048x1362.webp",2048,1362,true]},"uagb_author_info":{"display_name":"Jornal da Constru\u00e7\u00e3o Civil","author_link":"https:\/\/construcaocivil.siriusmarketingedesign.com.br\/?author=1"},"uagb_comment_info":0,"uagb_excerpt":"Ao longo de quatro dias de realiza\u00e7\u00e3o do evento, profissionais e empres\u00e1rios do setor puderam conhecer as novidades e fechar contratos A 24\u00aa edi\u00e7\u00e3o da Construsul \u2013 Feira Internacional da Constru\u00e7\u00e3o, realizada de 1 a 4 de agosto no Centro de Eventos FIERGS, em Porto Alegre, consolidou uma expectativa que j\u00e1 era de otimismo. O&hellip;","_links":{"self":[{"href":"https:\/\/construcaocivil.siriusmarketingedesign.com.br\/index.php?rest_route=\/wp\/v2\/posts\/22175","targetHints":{"allow":["GET"]}}],"collection":[{"href":"https:\/\/construcaocivil.siriusmarketingedesign.com.br\/index.php?rest_route=\/wp\/v2\/posts"}],"about":[{"href":"https:\/\/construcaocivil.siriusmarketingedesign.com.br\/index.php?rest_route=\/wp\/v2\/types\/post"}],"author":[{"embeddable":true,"href":"https:\/\/construcaocivil.siriusmarketingedesign.com.br\/index.php?rest_route=\/wp\/v2\/users\/1"}],"replies":[{"embeddable":true,"href":"https:\/\/construcaocivil.siriusmarketingedesign.com.br\/index.php?rest_route=%2Fwp%2Fv2%2Fcomments&post=22175"}],"version-history":[{"count":0,"href":"https:\/\/construcaocivil.siriusmarketingedesign.com.br\/index.php?rest_route=\/wp\/v2\/posts\/22175\/revisions"}],"wp:featuredmedia":[{"embeddable":true,"href":"https:\/\/construcaocivil.siriusmarketingedesign.com.br\/index.php?rest_route=\/wp\/v2\/media\/22176"}],"wp:attachment":[{"href":"https:\/\/construcaocivil.siriusmarketingedesign.com.br\/index.php?rest_route=%2Fwp%2Fv2%2Fmedia&parent=22175"}],"wp:term":[{"taxonomy":"category","embeddable":true,"href":"https:\/\/construcaocivil.siriusmarketingedesign.com.br\/index.php?rest_route=%2Fwp%2Fv2%2Fcategories&post=22175"},{"taxonomy":"post_tag","embeddable":true,"href":"https:\/\/construcaocivil.siriusmarketingedesign.com.br\/index.php?rest_route=%2Fwp%2Fv2%2Ftags&post=22175"}],"curies":[{"name":"wp","href":"https:\/\/api.w.org\/{rel}","templated":true}]}}